{"id":10940,"global_id":"sosforetfrance.org?id=10940","global_id_lineage":["sosforetfrance.org?id=10940"],"author":"10","status":"publish","date":"2025-02-11 11:57:50","date_utc":"2025-02-11 10:57:50","modified":"2025-02-11 12:27:21","modified_utc":"2025-02-11 11:27:21","url":"https:\/\/sosforetfrance.org\/index.php\/date\/reunion-publique-quel-avenir-pour-les-forets-perigourdines\/","rest_url":"https:\/\/sosforetfrance.org\/index.php\/wp-json\/tribe\/events\/v1\/events\/10940","title":"[r\u00e9union publique] Quel avenir pour les for\u00eats P\u00e9rigourdines ?","description":"<div class=\"moz-text-html\" lang=\"x-unicode\">\n<div class=\"pre\">Pr\u00e9servation des for\u00eats patrimoniales p\u00e9rigourdines, modes de gestions foresti\u00e8res, aspects positifs ou n\u00e9gatifs de ces gestions, impact sur l&rsquo;environnement&#8230;<br \/>\n\u00c0 l&rsquo;heure du r\u00e9chauffement climatique, de la disparition massive de la biodiversit\u00e9, de la pollution des eaux, des m\u00e9gas incendies, nos for\u00eats sont en premi\u00e8re ligne et fragilis\u00e9es par ces ph\u00e9nom\u00e8nes.<\/div>\n<div class=\"pre\">Cette r\u00e9union, coorganis\u00e9e par SOS For\u00eat Dordogne et Coeur de For\u00eat (association qui apporte des conseils de gestion foresti\u00e8re) se tiendra \u00e0 la salle des f\u00eates d&rsquo;Annesse et beaulieu (Gravelle), et r\u00e9unira les communes concern\u00e9es par les for\u00eats de La Faye, Les Cl\u00e8des, Les Gen\u00eats et les Andrivaux.<\/div>\n<\/div>","excerpt":"","slug":"reunion-publique-quel-avenir-pour-les-forets-perigourdines","image":{"url":"https:\/\/sosforetfrance.org\/wp-content\/uploads\/2025\/02\/SOSFD-reunion-fevrier2025-affiche-1448x2048-1-e1739357763570.jpg","id":10946,"extension":"jpg","width":1304,"height":768,"filesize":283732,"sizes":{"medium":{"width":300,"height":177,"mime-type":"image\/jpeg","filesize":16901,"url":"https:\/\/sosforetfrance.org\/wp-content\/uploads\/2025\/02\/SOSFD-reunion-fevrier2025-affiche-1448x2048-1-e1739357763570-300x177.jpg"},"large":{"width":1024,"height":603,"mime-type":"image\/jpeg","filesize":165496,"url":"https:\/\/sosforetfrance.org\/wp-content\/uploads\/2025\/02\/SOSFD-reunion-fevrier2025-affiche-1448x2048-1-e1739357763570-1024x603.jpg"},"thumbnail":{"width":150,"height":150,"mime-type":"image\/jpeg","filesize":7173,"url":"https:\/\/sosforetfrance.org\/wp-content\/uploads\/2025\/02\/SOSFD-reunion-fevrier2025-affiche-1448x2048-1-e1739357763570-150x150.jpg"},"medium_large":{"width":768,"height":452,"mime-type":"image\/jpeg","filesize":99140,"url":"https:\/\/sosforetfrance.org\/wp-content\/uploads\/2025\/02\/SOSFD-reunion-fevrier2025-affiche-1448x2048-1-e1739357763570-768x452.jpg"},"1536x1536":{"width":1086,"height":1536,"mime-type":"image\/jpeg","filesize":307212,"url":"https:\/\/sosforetfrance.org\/wp-content\/uploads\/2025\/02\/SOSFD-reunion-fevrier2025-affiche-1448x2048-1-1086x1536.jpg"},"mailpoet_newsletter_max":{"width":1320,"height":1867,"mime-type":"image\/jpeg","filesize":416607,"url":"https:\/\/sosforetfrance.org\/wp-content\/uploads\/2025\/02\/SOSFD-reunion-fevrier2025-affiche-1448x2048-1-1320x1867.jpg"}}},"all_day":false,"start_date":"2025-02-27 18:00:00","start_date_details":{"year":"2025","month":"02","day":"27","hour":"18","minutes":"00","seconds":"00"},"end_date":"2025-02-27 21:00:00","end_date_details":{"year":"2025","month":"02","day":"27","hour":"21","minutes":"00","seconds":"00"},"utc_start_date":"2025-02-27 17:00:00","utc_start_date_details":{"year":"2025","month":"02","day":"27","hour":"17","minutes":"00","seconds":"00"},"utc_end_date":"2025-02-27 20:00:00","utc_end_date_details":{"year":"2025","month":"02","day":"27","hour":"20","minutes":"00","seconds":"00"},"timezone":"Europe\/Paris","timezone_abbr":"CET","cost":"","cost_details":{"currency_symbol":"\u20ac","currency_code":"EUR","currency_position":"suffix","values":[]},"website":"https:\/\/sosforetdordogne.fr\/evenement\/quel-avenir-pour-nos-forets-perigourdines","show_map":false,"show_map_link":false,"hide_from_listings":false,"sticky":false,"featured":false,"categories":[{"name":"\u00e9ducation populaire","slug":"education-populaire","term_group":0,"term_taxonomy_id":126,"taxonomy":"tribe_events_cat","description":"","parent":0,"count":15,"filter":"raw","id":126,"urls":{"self":"https:\/\/sosforetfrance.org\/index.php\/wp-json\/tribe\/events\/v1\/categories\/126","collection":"https:\/\/sosforetfrance.org\/index.php\/wp-json\/tribe\/events\/v1\/categories"}}],"tags":[{"name":"Dordogne","slug":"dordogne","term_group":0,"term_taxonomy_id":185,"taxonomy":"post_tag","description":"","parent":0,"count":2,"filter":"raw","id":185,"urls":{"self":"https:\/\/sosforetfrance.org\/index.php\/wp-json\/tribe\/events\/v1\/tags\/185","collection":"https:\/\/sosforetfrance.org\/index.php\/wp-json\/tribe\/events\/v1\/tags"}}],"venue":{"id":10945,"author":"10","status":"publish","date":"2025-02-11 12:24:35","date_utc":"2025-02-11 11:24:35","modified":"2025-02-11 12:24:35","modified_utc":"2025-02-11 11:24:35","url":"https:\/\/sosforetfrance.org\/index.php\/lieu\/salle-des-fetes-anesse-et-beaulieu\/","venue":"Salle des F\u00eates Anesse et Beaulieu","slug":"salle-des-fetes-anesse-et-beaulieu","address":"Gravelle - Bourg","city":"Anesse et Beaulieu","zip":"24430","json_ld":{"@type":"Place","name":"Salle des F\u00eates Anesse et Beaulieu","description":"","url":"","address":{"@type":"PostalAddress","streetAddress":"Gravelle - Bourg","addressLocality":"Anesse et Beaulieu","postalCode":"24430"},"telephone":"","sameAs":""},"show_map":false,"show_map_link":false,"global_id":"sosforetfrance.org?id=10945","global_id_lineage":["sosforetfrance.org?id=10945"]},"organizer":[{"id":9248,"author":"10","status":"publish","date":"2024-11-11 19:02:40","date_utc":"2024-11-11 18:02:40","modified":"2024-11-11 19:02:40","modified_utc":"2024-11-11 18:02:40","url":"https:\/\/sosforetfrance.org\/index.php\/organisateur\/sos-foret-dordogne\/","organizer":"SOS Foret Dordogne","slug":"sos-foret-dordogne","website":"https:\/\/sosforetdordogne.fr\/","json_ld":{"@type":"Person","name":"SOS Foret Dordogne","description":"","url":"https:\/\/sosforetdordogne.fr\/","telephone":"","email":"","sameAs":"https:\/\/sosforetdordogne.fr\/"},"global_id":"sosforetfrance.org?id=9248","global_id_lineage":["sosforetfrance.org?id=9248"]}],"custom_fields":[],"json_ld":{"@context":"http:\/\/schema.org","@type":"Event","name":"[r\u00e9union publique] Quel avenir pour les for\u00eats P\u00e9rigourdines ?","description":"&lt;p&gt;Pr\u00e9servation des for\u00eats patrimoniales p\u00e9rigourdines, modes de gestions foresti\u00e8res, aspects positifs ou n\u00e9gatifs de ces gestions, impact sur l\\'environnement... \u00c0 l\\'heure du r\u00e9chauffement climatique, de la disparition massive de la [&hellip;]&lt;\/p&gt;\\n","image":"https:\/\/sosforetfrance.org\/wp-content\/uploads\/2025\/02\/SOSFD-reunion-fevrier2025-affiche-1448x2048-1-e1739357763570.jpg","url":"https:\/\/sosforetfrance.org\/index.php\/date\/reunion-publique-quel-avenir-pour-les-forets-perigourdines\/","eventAttendanceMode":"https:\/\/schema.org\/OfflineEventAttendanceMode","eventStatus":"https:\/\/schema.org\/EventScheduled","startDate":"2025-02-27T18:00:00+01:00","endDate":"2025-02-27T21:00:00+01:00","location":{"@type":"Place","name":"Salle des F\u00eates Anesse et Beaulieu","description":"","url":"","address":{"@type":"PostalAddress","streetAddress":"Gravelle - Bourg","addressLocality":"Anesse et Beaulieu","postalCode":"24430"},"telephone":"","sameAs":""},"organizer":{"@type":"Person","name":"SOS Foret Dordogne","description":"","url":"https:\/\/sosforetdordogne.fr\/","telephone":"","email":"","sameAs":"https:\/\/sosforetdordogne.fr\/"},"performer":"Organization"}}