{"id":10087,"date":"2024-12-23T18:34:00","date_gmt":"2024-12-23T17:34:00","guid":{"rendered":"https:\/\/sosforetfrance.org\/?p=10087"},"modified":"2025-01-02T16:56:03","modified_gmt":"2025-01-02T15:56:03","slug":"victoire-contre-linstallation-dun-parc-solaire-dans-la-foret-du-jura","status":"publish","type":"post","link":"https:\/\/sosforetfrance.org\/index.php\/2024\/12\/23\/victoire-contre-linstallation-dun-parc-solaire-dans-la-foret-du-jura\/","title":{"rendered":"Victoire contre l&rsquo;installation d&rsquo;un parc solaire dans la for\u00eat du Jura"},"content":{"rendered":"\n<p><strong>Les for\u00eats de <strong>Loulle et Mont-sur-Monnet (39) ne seront pas coup\u00e9es pour laisser \u00e0 place \u00e0 des panneaux solaires.<\/strong> Apr\u00e8s trois ann\u00e9es de lutte, le Pr\u00e9fet du Jura, Serge Castel, a pris un arr\u00eat\u00e9 refusant l\u2019autorisation de d\u00e9frichement qui aurait permis le lancement des travaux du parc photovolta\u00efque de 51 ha pr\u00e9vu par C\u00e9vennes \u00c9nergies.<\/strong><\/p>\n\n\n\n<p class=\"has-drop-cap\"> Aux c\u00f4t\u00e9s de divers collectifs (collectifs citoyens, associations de protection de l\u2019environnement mais aussi associations de chasse), SOS For\u00eat a particip\u00e9 \u00e0 la lutte contre ce projet aberrant en informant, en contribuant \u00e0 l&rsquo;enqu\u00eate publique (voir <a href=\"https:\/\/sosforetfrance.org\/index.php\/2024\/10\/02\/pas-de-photovoltaique-dans-les-forets-ni-en-jura-ni-ailleurs\/\" target=\"_blank\" rel=\"noreferrer noopener\">notre article<\/a>) et en \u00e9tant repr\u00e9sent\u00e9e \u00e0 la manifestation qui illustre cet article. Comme les Soul\u00e8vement de la Terre du Haut-Jura, qui a annonc\u00e9 cette d\u00e9cision dans un communiqu\u00e9, nous pensons que ce refus d&rsquo;autorisation de d\u00e9frichement est une belle victoire et un soulagement. <\/p>\n\n\n\n<p>Voici la suite du communiqu\u00e9 :<\/p>\n\n\n\n<p>\u00ab\u00a0C&rsquo;est un soulagement, pour les non-humain\u22c5es qui habitent ces pr\u00e9cieux hectares de for\u00eats. C&rsquo;est un soulagement pour les habitants et paysans locaux inquiets de voir la ressource en eau gravement impact\u00e9e. Et c&rsquo;est un soulagement aussi pour les usagers de cette for\u00eat, amoureux de la nature, chasseurs, randonneurs, sp\u00e9l\u00e9ologues&#8230;\u00a0 tous\u00b7tes attach\u00e9\u22c5es aux for\u00eats et lapiaz sur ces sols karstiques, \u00e0 la beaut\u00e9 et la richesse de ces milieux et \u00e0 toute l\u2019histoire qu\u2019ils contiennent.<\/p>\n\n\n\n<h3 class=\"wp-block-heading\" id=\"une-victoire-ici-au-milieu-de-tant-de-luttes-et-de-defaites\">Une victoire ici, au milieu de tant de luttes et de d\u00e9faites<\/h3>\n\n\n\n<p>L\u2019avis du Pr\u00e9fet, suivant tous ceux de ses services ayant eu \u00e0 se prononcer sur le dossier et celui des commissaires enqu\u00eateurs, ne devrait pas nous surprendre. Et pourtant&#8230;<\/p>\n\n\n\n<p>Aujourd&rsquo;hui, de trop nombreux projets \u00e9cocides voient le jour, valid\u00e9s par les autorit\u00e9s au m\u00e9pris des impacts environnementaux, sociaux et d\u00e9mocratiques. Tr\u00e8s souvent les \u00e9tudes d&rsquo;impacts sont incompl\u00e8tes, b\u00e2cl\u00e9es ou conduites \u00e0 la va-vite (rappelons qu&rsquo;elles sont \u00e0 la charge du porteur de projet). La d\u00e9sinformation des citoyen\u22c5ne\u22c5s est la norme, entre publi-r\u00e9dactionnels ou plaquettes commerciales\u00a0 et centaines de pages de dossier exposant les dessous d&rsquo;un <em>greenwashing<\/em> \u00e9hont\u00e9.<\/p>\n\n\n\n<p>\u00c0 Loulle et Mont-sur-Monnet, une partie de ces manquements ont \u00e9t\u00e9 combl\u00e9s par un travail b\u00e9n\u00e9vole de longue haleine produit par les collectifs locaux. Ils n&rsquo;ont eu de cesse d&rsquo;informer la population locale sur les enjeux du projet. Ils ont fait un travail objectif&nbsp;et s\u00e9rieux de communication, mettant au jour les erreurs, faiblesses, lacunes, mensonges du porteur de projet. Ils ont r\u00e9v\u00e9l\u00e9, \u00e9tay\u00e9 et d\u00e9velopp\u00e9 les connaissances naturalistes sur les sites concern\u00e9s. Ils ont f\u00e9d\u00e9r\u00e9, expliqu\u00e9, d\u00e9nonc\u00e9, tout en compl\u00e9tant le travail des services de l\u2019\u00c9tat (DREAL, ONF, MRAE) qui avaient eux-m\u00eame d\u00e9pos\u00e9s des avis d\u00e9favorables et \u00e9tay\u00e9s sur le sujet.<\/p>\n\n\n\n<h3 class=\"wp-block-heading\" id=\"un-travail-de-sisyphe-benevole-trop-loin-des-enjeux-democratiques\">Un travail de Sisyphe b\u00e9n\u00e9vole, trop loin des enjeux d\u00e9mocratiques<\/h3>\n\n\n\n<p>Chaque dossier est examin\u00e9 individuellement, sur des crit\u00e8res \u00e9clat\u00e9s par les diff\u00e9rentes l\u00e9gislations, sans jamais devoir prouver sa pertinence \u00e9nerg\u00e9tique. L&rsquo;\u00c9tat a referm\u00e9 le d\u00e9bat public sur la transition \u00e9nerg\u00e9tique, dont on sait qu&rsquo;elle doit \u00eatre pens\u00e9e et planifi\u00e9e \u00e0 l&rsquo;\u00e9chelle d&rsquo;un territoire pour se r\u00e9aliser et avoir les effets escompt\u00e9s. Notre avenir \u00e9nerg\u00e9tique est abandonn\u00e9 au march\u00e9 et aux promoteurs priv\u00e9s, charge aux habitant\u22c5e\u22c5s de se mobiliser pour limiter la casse sur la biodiversit\u00e9, dont la situation n&rsquo;est pas moins critique que celle du climat.<\/p>\n\n\n\n<p>Comment multiplier ces victoires n\u00e9cessitant la mobilisation d\u2019un grand nombre de personnes sur leur temps libre pendant que celles et ceux qui sont pay\u00e9s \u00e0 d\u00e9ployer et signer ces projets ne prennent que trop rarement en consid\u00e9ration les r\u00e9els enjeux \u00e9cologiques, d\u00e9mocratiques et sociaux&nbsp;?<\/p>\n\n\n\n<h3 class=\"wp-block-heading\" id=\"vers-un-maillage-des-luttes-forestieres-locales-contre-l-artificialisation-des-sols\">Vers un maillage des luttes foresti\u00e8res locales contre l\u2019artificialisation des sols<\/h3>\n\n\n\n<p>Les collectifs sont plus d\u00e9termin\u00e9s que jamais et ils ne s&rsquo;arr\u00eateront pas \u00e0 cette victoire, \u00e0 cet \u00eelot sauv\u00e9 au milieu d&rsquo;un territoire cribl\u00e9 de projets absurdes. La Communaut\u00e9 de commune, apr\u00e8s avoir \u00e9cart\u00e9 le d\u00e9bat pour soutenir ce projet, s&rsquo;est inqui\u00e9t\u00e9e du fait que la l\u00e9gislation ayant \u00e9volu\u00e9, un nouveau projet de 40&nbsp;hectares serait d\u00e9sormais compt\u00e9 comme de l&rsquo;artificialisation des sols. On sait qu&rsquo;il est d\u00e9sormais ill\u00e9gal de d\u00e9fricher plus de 25&nbsp;hectares pour installer un parc photovolta\u00efque, mais on peut s&rsquo;attendre \u00e0 de nouveaux bricolages et coups tordus en saucissonnant le projet.&nbsp;<\/p>\n\n\n\n<p>\u00c0 Cressia, \u00e0 Pimorin, mais aussi ailleurs dans la r\u00e9gion, par exemple dans la Ni\u00e8vre, les milieux naturels et agricoles extensifs continuent d\u2019\u00eatre la cible des promoteurs industriels de projets d\u2019\u00e9nergies renouvelables&nbsp;: plus faciles \u00e0 mener, moins cher car personne ne leur fait payer le co\u00fbt incommensurable des destructions de nos communs. Tant que cela ne changera pas, que les zones d\u00e9j\u00e0 artificialis\u00e9es ne seront pas privil\u00e9gi\u00e9es, nous continuerons \u00e0 d\u00e9fendre ces espaces de vie dont notre esp\u00e8ce d\u00e9pend.<\/p>\n\n\n\n<p>Nous mettrons en lien nos exp\u00e9riences, nos comp\u00e9tences, et nos \u00e9nergies, pour que nulle part de tels projets ne soient impos\u00e9s \u00e0 un territoire. C\u2019est le seul moyen de tenter de s&rsquo;extraire du destin mortif\u00e8re qui est promis au vivant.\u00a0\u00bb<\/p>\n","protected":false},"excerpt":{"rendered":"<p>Les for\u00eats de Loulle et Mont-sur-Monnet (39) ne seront pas coup\u00e9es pour laisser \u00e0 place \u00e0 des panneaux solaires. Apr\u00e8s trois ann\u00e9es de lutte, le Pr\u00e9fet du Jura, Serge Castel, [&hellip;]<\/p>\n","protected":false},"author":15,"featured_media":10088,"comment_status":"closed","ping_status":"closed","sticky":false,"template":"","format":"standard","meta":{"_acf_changed":false,"_gspb_post_css":"","_uag_custom_page_level_css":"","_EventAllDay":false,"_EventTimezone":"","_EventStartDate":"","_EventEndDate":"","_EventStartDateUTC":"","_EventEndDateUTC":"","_EventShowMap":false,"_EventShowMapLink":false,"_EventURL":"","_EventCost":"","_EventCostDescription":"","_EventCurrencySymbol":"","_EventCurrencyCode":"","_EventCurrencyPosition":"","_EventDateTimeSeparator":"","_EventTimeRangeSeparator":"","_EventOrganizerID":[],"_EventVenueID":[],"_OrganizerEmail":"","_OrganizerPhone":"","_OrganizerWebsite":"","_VenueAddress":"","_VenueCity":"","_VenueCountry":"","_VenueProvince":"","_VenueState":"","_VenueZip":"","_VenuePhone":"","_VenueURL":"","_VenueStateProvince":"","_VenueLat":"","_VenueLng":"","_VenueShowMap":false,"_VenueShowMapLink":false,"footnotes":""},"categories":[144,99],"tags":[74,76,77,73],"class_list":["post-10087","post","type-post","status-publish","format-standard","has-post-thumbnail","hentry","category-actus","category-communiques","tag-jura","tag-loulle","tag-mont-sur-monnet","tag-photovoltaique"],"mb":[],"acf":[],"uagb_featured_image_src":{"full":["https:\/\/sosforetfrance.org\/wp-content\/uploads\/2024\/12\/manifestation-Champagnoles-CCR.jpg",1024,667,false],"thumbnail":["https:\/\/sosforetfrance.org\/wp-content\/uploads\/2024\/12\/manifestation-Champagnoles-CCR-150x150.jpg",150,150,true],"medium":["https:\/\/sosforetfrance.org\/wp-content\/uploads\/2024\/12\/manifestation-Champagnoles-CCR-300x195.jpg",300,195,true],"medium_large":["https:\/\/sosforetfrance.org\/wp-content\/uploads\/2024\/12\/manifestation-Champagnoles-CCR-768x500.jpg",768,500,true],"large":["https:\/\/sosforetfrance.org\/wp-content\/uploads\/2024\/12\/manifestation-Champagnoles-CCR.jpg",1024,667,false],"1536x1536":["https:\/\/sosforetfrance.org\/wp-content\/uploads\/2024\/12\/manifestation-Champagnoles-CCR.jpg",1024,667,false],"2048x2048":["https:\/\/sosforetfrance.org\/wp-content\/uploads\/2024\/12\/manifestation-Champagnoles-CCR.jpg",1024,667,false],"mailpoet_newsletter_max":["https:\/\/sosforetfrance.org\/wp-content\/uploads\/2024\/12\/manifestation-Champagnoles-CCR.jpg",1024,667,false]},"uagb_author_info":{"display_name":"SOS Foret France","author_link":"https:\/\/sosforetfrance.org\/author\/sos-foret-france\/"},"uagb_comment_info":0,"uagb_excerpt":"Les for\u00eats de Loulle et Mont-sur-Monnet (39) ne seront pas coup\u00e9es pour laisser \u00e0 place \u00e0 des panneaux solaires. Apr\u00e8s trois ann\u00e9es de lutte, le Pr\u00e9fet du Jura, Serge Castel, [&hellip;]","mfb_rest_fields":["title","uagb_featured_image_src","uagb_author_info","uagb_comment_info","uagb_excerpt"],"_links":{"self":[{"href":"https:\/\/sosforetfrance.org\/index.php\/wp-json\/wp\/v2\/posts\/10087","targetHints":{"allow":["GET"]}}],"collection":[{"href":"https:\/\/sosforetfrance.org\/index.php\/wp-json\/wp\/v2\/posts"}],"about":[{"href":"https:\/\/sosforetfrance.org\/index.php\/wp-json\/wp\/v2\/types\/post"}],"author":[{"embeddable":true,"href":"https:\/\/sosforetfrance.org\/index.php\/wp-json\/wp\/v2\/users\/15"}],"replies":[{"embeddable":true,"href":"https:\/\/sosforetfrance.org\/index.php\/wp-json\/wp\/v2\/comments?post=10087"}],"version-history":[{"count":0,"href":"https:\/\/sosforetfrance.org\/index.php\/wp-json\/wp\/v2\/posts\/10087\/revisions"}],"wp:featuredmedia":[{"embeddable":true,"href":"https:\/\/sosforetfrance.org\/index.php\/wp-json\/wp\/v2\/media\/10088"}],"wp:attachment":[{"href":"https:\/\/sosforetfrance.org\/index.php\/wp-json\/wp\/v2\/media?parent=10087"}],"wp:term":[{"taxonomy":"category","embeddable":true,"href":"https:\/\/sosforetfrance.org\/index.php\/wp-json\/wp\/v2\/categories?post=10087"},{"taxonomy":"post_tag","embeddable":true,"href":"https:\/\/sosforetfrance.org\/index.php\/wp-json\/wp\/v2\/tags?post=10087"}],"curies":[{"name":"wp","href":"https:\/\/api.w.org\/{rel}","templated":true}]}}