{"id":10380,"date":"2025-01-30T11:18:32","date_gmt":"2025-01-30T10:18:32","guid":{"rendered":"https:\/\/sosforetfrance.org\/?p=10380"},"modified":"2025-03-03T15:33:36","modified_gmt":"2025-03-03T14:33:36","slug":"revue-de-presse-forestiere-janvier-2025","status":"publish","type":"post","link":"https:\/\/sosforetfrance.org\/index.php\/2025\/01\/30\/revue-de-presse-forestiere-janvier-2025\/","title":{"rendered":"Revue de presse foresti\u00e8re &#8211; janvier 2025"},"content":{"rendered":"\n<div class=\"wp-block-group has-global-padding is-content-justification-center is-layout-constrained wp-block-group-is-layout-constrained\">\n<div class=\"wp-block-greenshift-blocks-container gspb_container gspb_container-gsbp-2b400d6\" id=\"gspb_container-id-gsbp-2b400d6\">\n<h1 class=\"wp-block-heading\" id=\"pour-compenser-leur-cout-ecologique-les-logiciels-d-ia-genereront-automatiquement-une-image-d-arbres-1\">Planter des arbres n\u2019est pas forc\u00e9ment bon pour la biodiversit\u00e9&#8230;<\/h1>\n\n\n\n<div class=\"wp-block-group has-global-padding is-layout-constrained wp-block-group-is-layout-constrained\">\n<figure class=\"wp-block-image alignleft size-full is-resized\"><img loading=\"lazy\" decoding=\"async\" width=\"619\" height=\"800\" src=\"https:\/\/sosforetfrance.org\/wp-content\/uploads\/2025\/02\/image-1.jpg\" alt=\"\" class=\"wp-image-11311\" style=\"width:191px;height:auto\" srcset=\"https:\/\/sosforetfrance.org\/wp-content\/uploads\/2025\/02\/image-1.jpg 619w, https:\/\/sosforetfrance.org\/wp-content\/uploads\/2025\/02\/image-1-232x300.jpg 232w\" sizes=\"auto, (max-width: 619px) 100vw, 619px\" \/><\/figure>\n\n\n\n<p>Pour absorber du CO<sub>2<\/sub>, de nombreux pays, dont la France, veulent planter des arbres par milliers. <\/p>\n\n\n\n<p>Mais restaurer une for\u00eat et en cr\u00e9er une, par exemple en remplacement d&rsquo;espaces ouverts, par exemple agricoles, c\u2019est tout \u00e0 fait diff\u00e9rent. Quand on bouleverse un habitat ou qu&rsquo;on \u00ab\u00a0reforeste\u00a0\u00bb en monoculture, la biodiversit\u00e9 en p\u00e2tit, expliquent des scientifiques. <a href=\"https:\/\/reporterre.net\/Planter-des-arbres-n-est-pas-forcement-bon-pour-la-biodiversite\" target=\"_blank\" rel=\"noreferrer noopener\">Un article<\/a> de <em>Reporterre<\/em> \u00e0 lire ici.<\/p>\n<\/div>\n<\/div>\n<\/div>\n\n\n\n<div class=\"wp-block-group has-global-padding is-content-justification-center is-layout-constrained wp-block-group-is-layout-constrained\">\n<div class=\"wp-block-greenshift-blocks-container gspb_container gspb_container-gsbp-cd744b2\" id=\"gspb_container-id-gsbp-cd744b2\">\n<h1 class=\"wp-block-heading\" id=\"pour-compenser-leur-cout-ecologique-les-logiciels-d-ia-genereront-automatiquement-une-image-d-arbres-1\">&#8230;et planter 16 000 arbres \u00e0 c\u00f4t\u00e9 d&rsquo;une usine chimique, c&rsquo;est une bonne id\u00e9e ?<\/h1>\n\n\n\n<div class=\"wp-block-group has-global-padding is-layout-constrained wp-block-group-is-layout-constrained\">\n<figure class=\"wp-block-image alignright size-large is-resized\"><img loading=\"lazy\" decoding=\"async\" width=\"1024\" height=\"572\" src=\"https:\/\/sosforetfrance.org\/wp-content\/uploads\/2025\/01\/image-3-1024x572.png\" alt=\"\" class=\"wp-image-10845\" style=\"width:400px\" srcset=\"https:\/\/sosforetfrance.org\/wp-content\/uploads\/2025\/01\/image-3-1024x572.png 1024w, https:\/\/sosforetfrance.org\/wp-content\/uploads\/2025\/01\/image-3-300x168.png 300w, https:\/\/sosforetfrance.org\/wp-content\/uploads\/2025\/01\/image-3-768x429.png 768w, https:\/\/sosforetfrance.org\/wp-content\/uploads\/2025\/01\/image-3.png 1257w\" sizes=\"auto, (max-width: 1024px) 100vw, 1024px\" \/><\/figure>\n\n\n\n<p>Une illustration de l&rsquo;article de <em>Reporterre<\/em> plus haut <a href=\"https:\/\/france3-regions.francetvinfo.fr\/grand-est\/haut-rhin\/une-foret-de-16-000-arbres-recreee-a-cote-d-une-grande-entreprise-chimique-ce-sera-une-zone-magnifique-3096523.html\" target=\"_blank\" rel=\"noreferrer noopener\">\u00e0 lire ici<\/a>&nbsp;: France 3 nous annonce qu&rsquo;\u00e0 Chalamp\u00e9 (Haut-Rhin), 16&nbsp;000 arbres vont \u00eatre plant\u00e9s pour par Alsachimie, fabricant de produits chimiques pour les secteurs de l&rsquo;automobile, du textile et de l&rsquo;\u00e9lectricit\u00e9. Une \u00ab\u00a0compensation\u00a0\u00bb du d\u00e9frichement d&rsquo;un terrain pour agrandir son usine. \u00ab\u00a0L&rsquo;aventure\u00a0\u00bb se termine : \u00ab\u00a0une grande pelleteuse r\u00e9alise les derniers travaux de terrassement\u00a0\u00bb, s&rsquo;enthousiasme l&rsquo;article. Sauf que ces dix d&rsquo;hectares \u00e9taient lou\u00e9s jusque-l\u00e0 \u00e0 des agriculteurs&#8230;<\/p>\n<\/div>\n<\/div>\n<\/div>\n\n\n\n<div class=\"wp-block-group has-global-padding is-content-justification-center is-layout-constrained wp-block-group-is-layout-constrained\">\n<div class=\"wp-block-greenshift-blocks-container gspb_container gspb_container-gsbp-7d9db36\" id=\"gspb_container-id-gsbp-7d9db36\">\n<h1 class=\"wp-block-heading\" id=\"pour-compenser-leur-cout-ecologique-les-logiciels-d-ia-genereront-automatiquement-une-image-d-arbres-1\">Pour compenser leur co\u00fbt \u00e9cologique, les logiciels d\u2019IA g\u00e9n\u00e9reront automatiquement une image d\u2019arbres<\/h1>\n\n\n\n<div class=\"wp-block-group has-global-padding is-layout-constrained wp-block-group-is-layout-constrained\">\n<figure class=\"wp-block-image alignright size-large is-resized\"><img loading=\"lazy\" decoding=\"async\" width=\"1024\" height=\"682\" src=\"https:\/\/sosforetfrance.org\/wp-content\/uploads\/2025\/01\/image-arbre-AI-1024x682.jpg\" alt=\"\" class=\"wp-image-11313\" style=\"width:400px\" srcset=\"https:\/\/sosforetfrance.org\/wp-content\/uploads\/2025\/01\/image-arbre-AI-1024x682.jpg 1024w, https:\/\/sosforetfrance.org\/wp-content\/uploads\/2025\/01\/image-arbre-AI-300x200.jpg 300w, https:\/\/sosforetfrance.org\/wp-content\/uploads\/2025\/01\/image-arbre-AI-768x511.jpg 768w, https:\/\/sosforetfrance.org\/wp-content\/uploads\/2025\/01\/image-arbre-AI-1536x1022.jpg 1536w, https:\/\/sosforetfrance.org\/wp-content\/uploads\/2025\/01\/image-arbre-AI-1320x878.jpg 1320w, https:\/\/sosforetfrance.org\/wp-content\/uploads\/2025\/01\/image-arbre-AI.jpg 2048w\" sizes=\"auto, (max-width: 1024px) 100vw, 1024px\" \/><\/figure>\n\n\n\n<p>\u00ab\u00a0Les d\u00e9veloppeurs de ces logiciels promettent m\u00eame de g\u00e9n\u00e9rer des images de for\u00eats enti\u00e8res si cela s\u2019av\u00e8re n\u00e9cessaire\u00a0\u00bb, ajoute&#8230; <em>le Gorafi.<\/em> C&rsquo;est \u00e9videmment une blague (<a href=\"https:\/\/www.legorafi.fr\/2025\/01\/28\/pour-compenser-leur-cout-ecologique-les-logiciels-dia-genereront-automatiquement-une-image-darbres\" target=\"_blank\" rel=\"noreferrer noopener\">\u00e0 retrouver ici<\/a>), mais est-ce plus absurde que couper des arbres pour en replanter&nbsp;? <\/p>\n<\/div>\n<\/div>\n<\/div>\n\n\n\n<div class=\"wp-block-group has-global-padding is-layout-constrained wp-block-group-is-layout-constrained\">\n<div class=\"wp-block-greenshift-blocks-container gspb_container gspb_container-gsbp-109b235\" id=\"gspb_container-id-gsbp-109b235\">\n<h1 class=\"wp-block-heading\" id=\"un-forestier-du-morvan-condamne-pour-la-destruction-de-deux-ruisseaux\">Morvan : un forestier condamn\u00e9 pour la destruction de deux ruisseaux<\/h1>\n\n\n\n<div class=\"wp-block-group has-global-padding is-layout-constrained wp-block-group-is-layout-constrained\">\n<figure class=\"wp-block-image alignleft size-full is-resized\"><img loading=\"lazy\" decoding=\"async\" width=\"1001\" height=\"555\" src=\"https:\/\/sosforetfrance.org\/wp-content\/uploads\/2025\/01\/image.png\" alt=\"\" class=\"wp-image-10772\" style=\"width:400px\" srcset=\"https:\/\/sosforetfrance.org\/wp-content\/uploads\/2025\/01\/image.png 1001w, https:\/\/sosforetfrance.org\/wp-content\/uploads\/2025\/01\/image-300x166.png 300w, https:\/\/sosforetfrance.org\/wp-content\/uploads\/2025\/01\/image-768x426.png 768w\" sizes=\"auto, (max-width: 1001px) 100vw, 1001px\" \/><\/figure>\n\n\n\n<p>Le patron de S\u00e9quoia Exploitation Foresti\u00e8re avait envoy\u00e9, en avril 2023, un sous-traitant couper une parcelle de r\u00e9sineux sur la commune d&rsquo;Ouroux-en-Morvan. Il a d\u00e9j\u00e0 \u00e9t\u00e9 condamn\u00e9, en mars 2024, devant la m\u00eame juridiction, pour la destruction d\u2019un autre ruisseau deux kilom\u00e8tres plus haut, sur la m\u00eame route. <a href=\"https:\/\/www.lejdc.fr\/ouroux-en-morvan-58230\/actualites\/ofb-bashing-et-ddt-bashing-a-laudience-par-un-forestier-du-morvan-responsable-de-la-destruction-de-deux-ruisseaux_14633301\/\" target=\"_blank\" rel=\"noreferrer noopener\">Un article <\/a>\u00e0 lire dans le <em>Journal du Centre<\/em>.<\/p>\n<\/div>\n<\/div>\n<\/div>\n\n\n\n<div class=\"wp-block-group has-global-padding is-content-justification-center is-layout-constrained wp-block-group-is-layout-constrained\">\n<div class=\"wp-block-greenshift-blocks-container gspb_container gspb_container-gsbp-a4b2c12\" id=\"gspb_container-id-gsbp-a4b2c12\">\n<h1 class=\"wp-block-heading\" id=\"pour-compenser-leur-cout-ecologique-les-logiciels-d-ia-genereront-automatiquement-une-image-d-arbres-1\">Mayotte&nbsp;: un mois apr\u00e8s le passage du cyclone Chido, des feux de for\u00eat ont d\u00e9j\u00e0 br\u00fbl\u00e9 100 hectares<\/h1>\n\n\n\n<div class=\"wp-block-group has-global-padding is-layout-constrained wp-block-group-is-layout-constrained\">\n<p>Un mois et demi apr\u00e8s le passage d\u00e9vastateur du cyclone Chido, trois incendies ont d\u00e9truit pr\u00e8s de 100 hectares de l\u2019\u00eele. \u00ab&nbsp;Un des effets post-cyclone est que les for\u00eats sont couch\u00e9es au sol, les arbres se dess\u00e8chent tr\u00e8s rapidement, et cela devient de v\u00e9ritables poudri\u00e8res. Les feux sont plus rapides et plus difficiles \u00e0 \u00e9teindre et le vent de ces derniers jours n\u2019arrange rien&nbsp;\u00bb, selon le colonel des pompiers de Mayotte. <a href=\"https:\/\/www.20minutes.fr\/planete\/4136080-20250129-mayotte-mois-apres-passage-cyclone-ile-touchee-trois-feux-foret-deja-100-hectares-brules?utm_content=photo&amp;utm_term=20minutes&amp;utm_campaign=nonli&amp;utm_source=facebook&amp;utm_medium=Social\" target=\"_blank\" rel=\"noreferrer noopener\">Un article de 20 minutes \u00e0 lire ici<\/a>.<\/p>\n<\/div>\n<\/div>\n<\/div>\n","protected":false},"excerpt":{"rendered":"","protected":false},"author":15,"featured_media":11317,"comment_status":"closed","ping_status":"closed","sticky":false,"template":"","format":"standard","meta":{"_acf_changed":false,"_gspb_post_css":".gspb_container-id-gsbp-109b235,.gspb_container-id-gsbp-2b400d6,.gspb_container-id-gsbp-7d9db36,.gspb_container-id-gsbp-a4b2c12,.gspb_container-id-gsbp-cd744b2{flex-direction:column;box-sizing:border-box}#gspb_container-id-gsbp-109b235.gspb_container>p:last-of-type,#gspb_container-id-gsbp-2b400d6.gspb_container>p:last-of-type,#gspb_container-id-gsbp-7d9db36.gspb_container>p:last-of-type,#gspb_container-id-gsbp-a4b2c12.gspb_container>p:last-of-type,#gspb_container-id-gsbp-cd744b2.gspb_container>p:last-of-type{margin-bottom:0}#gspb_container-id-gsbp-109b235.gspb_container,#gspb_container-id-gsbp-2b400d6.gspb_container,#gspb_container-id-gsbp-7d9db36.gspb_container,#gspb_container-id-gsbp-a4b2c12.gspb_container,#gspb_container-id-gsbp-cd744b2.gspb_container{position:relative}","_uag_custom_page_level_css":"","_EventAllDay":false,"_EventTimezone":"","_EventStartDate":"","_EventEndDate":"","_EventStartDateUTC":"","_EventEndDateUTC":"","_EventShowMap":false,"_EventShowMapLink":false,"_EventURL":"","_EventCost":"","_EventCostDescription":"","_EventCurrencySymbol":"","_EventCurrencyCode":"","_EventCurrencyPosition":"","_EventDateTimeSeparator":"","_EventTimeRangeSeparator":"","_EventOrganizerID":[],"_EventVenueID":[],"_OrganizerEmail":"","_OrganizerPhone":"","_OrganizerWebsite":"","_VenueAddress":"","_VenueCity":"","_VenueCountry":"","_VenueProvince":"","_VenueState":"","_VenueZip":"","_VenuePhone":"","_VenueURL":"","_VenueStateProvince":"","_VenueLat":"","_VenueLng":"","_VenueShowMap":false,"_VenueShowMapLink":false,"footnotes":""},"categories":[4],"tags":[],"class_list":["post-10380","post","type-post","status-publish","format-standard","has-post-thumbnail","hentry","category-medias"],"acf":[],"mb":[],"uagb_featured_image_src":{"full":["https:\/\/sosforetfrance.org\/wp-content\/uploads\/2025\/01\/revue-de-presse-forestiere-1-scaled.jpg",2560,1440,false],"thumbnail":["https:\/\/sosforetfrance.org\/wp-content\/uploads\/2025\/01\/revue-de-presse-forestiere-1-150x150.jpg",150,150,true],"medium":["https:\/\/sosforetfrance.org\/wp-content\/uploads\/2025\/01\/revue-de-presse-forestiere-1-300x169.jpg",300,169,true],"medium_large":["https:\/\/sosforetfrance.org\/wp-content\/uploads\/2025\/01\/revue-de-presse-forestiere-1-768x432.jpg",768,432,true],"large":["https:\/\/sosforetfrance.org\/wp-content\/uploads\/2025\/01\/revue-de-presse-forestiere-1-1024x576.jpg",1024,576,true],"1536x1536":["https:\/\/sosforetfrance.org\/wp-content\/uploads\/2025\/01\/revue-de-presse-forestiere-1-1536x864.jpg",1536,864,true],"2048x2048":["https:\/\/sosforetfrance.org\/wp-content\/uploads\/2025\/01\/revue-de-presse-forestiere-1-2048x1152.jpg",2048,1152,true],"mailpoet_newsletter_max":["https:\/\/sosforetfrance.org\/wp-content\/uploads\/2025\/01\/revue-de-presse-forestiere-1-1320x743.jpg",1320,743,true]},"uagb_author_info":{"display_name":"SOS Foret France","author_link":"https:\/\/sosforetfrance.org\/author\/sos-foret-france\/"},"uagb_comment_info":0,"uagb_excerpt":null,"mfb_rest_fields":["title","uagb_featured_image_src","uagb_author_info","uagb_comment_info","uagb_excerpt"],"_links":{"self":[{"href":"https:\/\/sosforetfrance.org\/index.php\/wp-json\/wp\/v2\/posts\/10380","targetHints":{"allow":["GET"]}}],"collection":[{"href":"https:\/\/sosforetfrance.org\/index.php\/wp-json\/wp\/v2\/posts"}],"about":[{"href":"https:\/\/sosforetfrance.org\/index.php\/wp-json\/wp\/v2\/types\/post"}],"author":[{"embeddable":true,"href":"https:\/\/sosforetfrance.org\/index.php\/wp-json\/wp\/v2\/users\/15"}],"replies":[{"embeddable":true,"href":"https:\/\/sosforetfrance.org\/index.php\/wp-json\/wp\/v2\/comments?post=10380"}],"version-history":[{"count":3,"href":"https:\/\/sosforetfrance.org\/index.php\/wp-json\/wp\/v2\/posts\/10380\/revisions"}],"predecessor-version":[{"id":11314,"href":"https:\/\/sosforetfrance.org\/index.php\/wp-json\/wp\/v2\/posts\/10380\/revisions\/11314"}],"wp:featuredmedia":[{"embeddable":true,"href":"https:\/\/sosforetfrance.org\/index.php\/wp-json\/wp\/v2\/media\/11317"}],"wp:attachment":[{"href":"https:\/\/sosforetfrance.org\/index.php\/wp-json\/wp\/v2\/media?parent=10380"}],"wp:term":[{"taxonomy":"category","embeddable":true,"href":"https:\/\/sosforetfrance.org\/index.php\/wp-json\/wp\/v2\/categories?post=10380"},{"taxonomy":"post_tag","embeddable":true,"href":"https:\/\/sosforetfrance.org\/index.php\/wp-json\/wp\/v2\/tags?post=10380"}],"curies":[{"name":"wp","href":"https:\/\/api.w.org\/{rel}","templated":true}]}}