{"id":11411,"date":"2025-02-21T20:44:33","date_gmt":"2025-02-21T19:44:33","guid":{"rendered":"https:\/\/sosforetfrance.org\/?p=11411"},"modified":"2025-04-02T15:15:23","modified_gmt":"2025-04-02T13:15:23","slug":"la-loi-dorientation-agricole-deroule-le-tapis-rouge-aux-industriels-de-la-foret-aussi","status":"publish","type":"post","link":"https:\/\/sosforetfrance.org\/index.php\/2025\/02\/21\/la-loi-dorientation-agricole-deroule-le-tapis-rouge-aux-industriels-de-la-foret-aussi\/","title":{"rendered":"La loi d\u2019orientation agricole\u00a0d\u00e9roule le tapis rouge aux industriels de la for\u00eat aussi"},"content":{"rendered":"\n<p><strong>La loi dite de \u00ab&nbsp;Souverainet\u00e9 en mati\u00e8re agricole et renouvellement des g\u00e9n\u00e9rations en agriculture&nbsp;\u00bb adopt\u00e9e le 19 f\u00e9vrier 2025 op\u00e8re un tr\u00e8s inqui\u00e9tant recul \u00e9cologique en proclamant l\u2019exploitation des for\u00eats comme \u00ab&nbsp;d\u2019int\u00e9r\u00eat g\u00e9n\u00e9ral&nbsp;\u00bb, sans distinction ni des m\u00e9thodes utilis\u00e9es, ni de la destination du bois, ni m\u00eame des n\u00e9cessit\u00e9s saisonni\u00e8res de tout milieu naturel&nbsp;: les activit\u00e9s d\u2019exploitation foresti\u00e8res sont \u00ab&nbsp;s\u00e9curis\u00e9es juridiquement tout au long de l\u2019ann\u00e9e&nbsp;\u00bb.<\/strong><\/p>\n\n\n\n<p class=\"has-drop-cap\">C\u2019est par un <a href=\"https:\/\/www.senat.fr\/amendements\/2024-2025\/251\/Amdt_797.html\" target=\"_blank\" rel=\"noopener\">amendement<\/a> d\u00e9pos\u00e9 le 4 f\u00e9vrier par la s\u00e9natrice de C\u00f4te d\u2019Or Anne-Catherine Loisier qu\u2019un article L.&nbsp;121\u20116\u20111 a \u00e9t\u00e9 ajout\u00e9 au <em>Code forestier, <\/em>dans<em> <\/em>une loi cens\u00e9e concerner l\u2019Agriculture et alors que, depuis d\u00e9cembre, la For\u00eat est plac\u00e9e sous la tutelle du minist\u00e8re de la Transition \u00e9cologique.<\/p>\n\n\n\n<p>Aux termes du nouvel article<em>, <\/em>\u00ab&nbsp;les travaux forestiers r\u00e9alis\u00e9s dans le cadre de la gestion durable des for\u00eats et de leur exploitation&nbsp;\u00bb sont consid\u00e9r\u00e9s comme \u00ab&nbsp;indispensables \u00e0 la pr\u00e9servation des \u00e9cosyst\u00e8mes, \u00e0 l\u2019adaptation des milieux naturels au changement climatique et \u00e0 la fourniture de produits en bois destin\u00e9s \u00e0 tous les usages.&nbsp;\u00bb<\/p>\n\n\n\n<p>Or, <em>tous<\/em> les documents \u00e9tablissant les programmes de travaux en for\u00eat priv\u00e9e comme en for\u00eat publique sont qualifi\u00e9s de \u00ab&nbsp;durables&nbsp;\u00bb !<\/p>\n\n\n\n<div class=\"wp-block-columns is-layout-flex wp-container-core-columns-is-layout-28f84493 wp-block-columns-is-layout-flex\">\n<div class=\"wp-block-column is-layout-flow wp-block-column-is-layout-flow\">\n<figure class=\"wp-block-image alignleft size-large is-resized\"><img loading=\"lazy\" decoding=\"async\" width=\"1024\" height=\"573\" src=\"https:\/\/sosforetfrance.org\/wp-content\/uploads\/2025\/02\/image-1024x573.png\" alt=\"\" class=\"wp-image-11425\" style=\"width:424px;height:auto\" srcset=\"https:\/\/sosforetfrance.org\/wp-content\/uploads\/2025\/02\/image-1024x573.png 1024w, https:\/\/sosforetfrance.org\/wp-content\/uploads\/2025\/02\/image-300x168.png 300w, https:\/\/sosforetfrance.org\/wp-content\/uploads\/2025\/02\/image-768x430.png 768w, https:\/\/sosforetfrance.org\/wp-content\/uploads\/2025\/02\/image-1320x739.png 1320w, https:\/\/sosforetfrance.org\/wp-content\/uploads\/2025\/02\/image.png 1367w\" sizes=\"auto, (max-width: 1024px) 100vw, 1024px\" \/><figcaption class=\"wp-element-caption\">Dans le Morvan, une coupe rase sur un site Natura 2000, dans le p\u00e9rim\u00e8tre d&rsquo;un grand site de France, pr\u00e9vue par un document de gestion dit \u00ab\u00a0durable\u00a0\u00bb. Photo @La Bresseille<\/figcaption><\/figure>\n<\/div>\n\n\n\n<div class=\"wp-block-column is-layout-flow wp-block-column-is-layout-flow\">\n<p>Il est tout \u00e0 fait possible avec de tels documents de d\u00e9truire une for\u00eat de feuillus diversifi\u00e9e et riche en biodiversit\u00e9, en la coupant \u00e0 ras, de la r\u00e9duire avec des tractopelles \u00e0 des couloirs de terre nue pour y planter plus facilement des monocultures de r\u00e9sineux \u00e0 croissance rapide. Le tout apr\u00e8s avoir terrass\u00e9 une piste de 4 m\u00e8tres de large pour faire passer les engins.<\/p>\n<\/div>\n<\/div>\n\n\n\n<p>Au pr\u00e9texte de supprimer des \u00ab contraintes r\u00e9glementaires&nbsp;\u00bb, cet article ajout\u00e9 \u00e0 la suite du d\u00e9j\u00e0 tr\u00e8s probl\u00e9matique article 13 de la loi r\u00e9v\u00e8le la volont\u00e9 du gouvernement d\u2019acc\u00e9l\u00e9rer la pr\u00e9dation sur la for\u00eat. Il s\u2019agit d\u2019assurer l\u2019approvisionnement d\u2019usines ni \u00e9cologiques, ni indispensables, mais particuli\u00e8rement rentables gr\u00e2ce \u00e0 l\u2019argent public investi et maintenant la garantie de la loi. Par exemple <a href=\"https:\/\/sosforetfrance.org\/index.php\/2025\/02\/06\/produire-du-kerosene-a-partir-de-la-biomasse-forestiere-ne-decarbonera-pas-le-transport-aerien\/\" target=\"_blank\" rel=\"noreferrer noopener\">produire du k\u00e9ros\u00e8ne<\/a> pour des avions qui concurrencent des trains (la loi mentionne explicitement les r\u00e9coltes de bois destin\u00e9es \u00e0 la fili\u00e8re \u00e9nerg\u00e9tique dans la liste des travaux forestiers \u00ab&nbsp;d\u2019int\u00e9r\u00eat g\u00e9n\u00e9ral&nbsp;\u00bb).<\/p>\n\n\n\n<p><strong>Au moment o\u00f9 nous vivons la 6<sup>e<\/sup> extinction des esp\u00e8ces, cet article tourne le dos \u00e0 la n\u00e9cessit\u00e9 de prot\u00e9ger les \u00e9cosyst\u00e8mes forestiers, qui abritent 80&nbsp;% de la biodiversit\u00e9 terrestre. <\/strong><\/p>\n\n\n\n<p><strong>Cette loi contraire \u00e0 la Charte de l\u2019Environnement doit \u00eatre port\u00e9e devant le Conseil Constitutionnel. Nous invitons nos concitoyennes et nos concitoyens \u00e0 interpeller leurs parlementaires pour qu\u2019elles et ils d\u00e9posent un recours.<\/strong><\/p>\n\n\n\n<p><strong>S\u2019il faut acc\u00e9l\u00e9rer quelque chose, c\u2019est la r\u00e9\u00e9valuation du bois qu\u2019il est possible de couper, en tenant compte des crises subies par la for\u00eat depuis le programme national de la for\u00eat et du bois\u2026 qui date de 2017&nbsp;!<\/strong><\/p>\n\n\n\n<div style=\"height:22px\" aria-hidden=\"true\" class=\"wp-block-spacer\"><\/div>\n\n\n\n<div class=\"wp-block-group has-border-color has-background is-layout-flow wp-container-core-group-is-layout-2942b8e8 wp-block-group-is-layout-flow\" style=\"border-color:#246a04;border-width:5px;border-radius:10px;background-color:#f2fbf1;margin-top:0;margin-bottom:0;padding-top:var(--wp--preset--spacing--20);padding-right:var(--wp--preset--spacing--40);padding-bottom:var(--wp--preset--spacing--20);padding-left:var(--wp--preset--spacing--40)\">\n<div class=\"wp-block-columns is-layout-flex wp-container-core-columns-is-layout-28f84493 wp-block-columns-is-layout-flex\">\n<div class=\"wp-block-column is-layout-flow wp-block-column-is-layout-flow\" style=\"flex-basis:30%\">\n<figure class=\"wp-block-image size-full is-resized\"><img loading=\"lazy\" decoding=\"async\" width=\"800\" height=\"450\" src=\"https:\/\/sosforetfrance.org\/wp-content\/uploads\/2024\/06\/logo-16-9.png\" alt=\"\" class=\"wp-image-7318\" style=\"width:213px;height:auto\" srcset=\"https:\/\/sosforetfrance.org\/wp-content\/uploads\/2024\/06\/logo-16-9.png 800w, https:\/\/sosforetfrance.org\/wp-content\/uploads\/2024\/06\/logo-16-9-300x169.png 300w, https:\/\/sosforetfrance.org\/wp-content\/uploads\/2024\/06\/logo-16-9-768x432.png 768w\" sizes=\"auto, (max-width: 800px) 100vw, 800px\" \/><\/figure>\n<\/div>\n\n\n\n<div class=\"wp-block-column is-layout-flow wp-block-column-is-layout-flow\" style=\"flex-basis:80%\">\n<h3 class=\"wp-block-heading has-text-color has-link-color wp-elements-735b7f4c86779da20a7d72cab314774e\" id=\"la-surexploitation-des-forets-dans-nos-16-propositions\" style=\"color:#246a04\"><strong>LA SUREXPLOITATION <br>DES FOR\u00caTS DANS <a href=\"https:\/\/sosforetfrance.org\/index.php\/nos-16-propositions\/\" target=\"_blank\" rel=\"noreferrer noopener\">NOS&nbsp;16&nbsp;PROPOSITIONS<\/a><\/strong><\/h3>\n<\/div>\n<\/div>\n\n\n\n<p><strong>Il y a plus de dix ans, SOS For\u00eat alertait d\u00e9j\u00e0 sur l\u2019impossibilit\u00e9 pour les for\u00eats fran\u00e7aises de fournir les volumes de bois que r\u00e9clamaient des industriels. Ce constat est \u00e9tabli d\u00e8s la premi\u00e8re phrase de nos 16 propositions :<\/strong><\/p>\n\n\n\n<div class=\"wp-block-uagb-icon-list uagb-block-a9d45580\"><div class=\"uagb-icon-list__wrap\">\n<div class=\"wp-block-uagb-icon-list-child uagb-block-f7b37109\"><span class=\"uagb-icon-list__source-wrap\"><svg xmlns=\"https:\/\/www.w3.org\/2000\/svg\" viewBox=\"0 0 512 512\"><path d=\"M512 256c0-141.4-114.6-256-256-256S0 114.6 0 256c0 141.4 114.6 256 256 256S512 397.4 512 256zM265.9 382.8C259.9 380.3 256 374.5 256 368v-64H160c-17.67 0-32-14.33-32-32v-32c0-17.67 14.33-32 32-32h96v-64c0-6.469 3.891-12.31 9.875-14.78c5.984-2.484 12.86-1.109 17.44 3.469l112 112c6.248 6.248 6.248 16.38 0 22.62l-112 112C278.7 383.9 271.9 385.3 265.9 382.8z\"><\/path><\/svg><\/span><span class=\"uagb-icon-list__label\">\u00ab\u00a0<strong>Sur la base d\u2019estimations erron\u00e9es de l\u2019Inventaire Forestier National, partiellement corrig\u00e9es depuis, l\u2019\u00c9tat fran\u00e7ais a engag\u00e9 en 2007 une politique foresti\u00e8re fond\u00e9e sur une augmentation irr\u00e9aliste et dangereuse des volumes de bois coup\u00e9s en for\u00eat. Cette politique productiviste a \u00e9t\u00e9 confirm\u00e9e par le programme national de la for\u00eat et du bois (d\u00e9cret du 10 f\u00e9vrier 2017), qui vise essentiellement \u00e0 augmenter la r\u00e9colte de 30% d\u2019ici 2026, puis davantage encore d\u2019ici 2035.\u00a0\u00bb<\/strong><\/span><\/div>\n<\/div><\/div>\n<\/div>\n\n\n\n<hr class=\"wp-block-separator has-alpha-channel-opacity\"\/>\n\n\n\n<h3 class=\"wp-block-heading has-text-color has-link-color wp-elements-50f6e3038a9d68c542afd5baacc9778c\" id=\"le-texte-vote\" style=\"color:#246a04\"><strong>Le texte vot\u00e9<\/strong><\/h3>\n\n\n\n<div class=\"wp-block-group has-lightbg-background-color has-background has-global-padding is-layout-constrained wp-block-group-is-layout-constrained\">\n<p class=\"has-text-align-center\"><a><\/a> <strong>Article 13&nbsp;<em>bis<\/em>&nbsp;AAA&nbsp;<em>(nouveau)<\/em><\/strong><\/p>\n\n\n\n<p><a><\/a> La section&nbsp;1 du chapitre&nbsp;II du titre&nbsp;II du livre&nbsp;Ier du code forestier est compl\u00e9t\u00e9e par un article&nbsp;L.&nbsp;121\u20116\u20111 ainsi r\u00e9dig\u00e9&nbsp;:<\/p>\n\n\n\n<p>\u00ab&nbsp;<em>Art.&nbsp;L.&nbsp;121\u20116\u20111<\/em>.&nbsp;\u2013&nbsp;Les travaux forestiers r\u00e9alis\u00e9s dans le cadre de la gestion durable des for\u00eats et de leur exploitation sont consid\u00e9r\u00e9s comme indispensables \u00e0 la pr\u00e9servation des \u00e9cosyst\u00e8mes, \u00e0 l\u2019adaptation des milieux naturels au changement climatique et \u00e0 la fourniture de produits en bois destin\u00e9s \u00e0 tous les usages. \u00c0 ce titre, les activit\u00e9s suivantes sont reconnues d\u2019int\u00e9r\u00eat g\u00e9n\u00e9ral et s\u00e9curis\u00e9es juridiquement tout au long de l\u2019ann\u00e9e, d\u00e8s lors qu\u2019elles s\u2019inscrivent dans le respect du pr\u00e9sent code et des instructions figurant dans les documents de gestion ou les autorisations l\u00e9gales de coupe ou les demandes de boisement&nbsp;:<\/p>\n\n\n\n<p><a><\/a> \u00ab&nbsp;1\u00b0&nbsp;Les travaux de pr\u00e9paration au boisement ou reboisement&nbsp;;<\/p>\n\n\n\n<p>\u00ab&nbsp;2\u00b0&nbsp;Les travaux de plantation et d\u2019entretien sylvicole&nbsp;;<\/p>\n\n\n\n<p>\u00ab&nbsp;3\u00b0&nbsp;Les travaux d\u2019exploitation foresti\u00e8re, incluant la r\u00e9colte des bois destin\u00e9s aux fili\u00e8res industrielles et \u00e9nerg\u00e9tiques&nbsp;;<\/p>\n\n\n\n<p>\u00ab&nbsp;4\u00b0&nbsp;Les travaux de pr\u00e9vention des risques&nbsp;;<\/p>\n\n\n\n<p>\u00ab&nbsp;5\u00b0&nbsp;Les d\u00e9broussaillements et obligations l\u00e9gales de d\u00e9broussaillement&nbsp;;<\/p>\n\n\n\n<p>\u00ab&nbsp;6\u00b0&nbsp;Les interventions visant \u00e0 pr\u00e9venir les incendies de for\u00eat&nbsp;;<\/p>\n\n\n\n<p>\u00ab&nbsp;7\u00b0&nbsp;La stabilisation et la restauration des sols de pentes&nbsp;;<\/p>\n\n\n\n<p>\u00ab&nbsp;8\u00b0&nbsp;La mobilisation des bois pr\u00e9sentant des d\u00e9p\u00e9rissements sanitaires&nbsp;;<\/p>\n\n\n\n<p>\u00ab&nbsp;9\u00b0&nbsp;Les entretiens des abords des r\u00e9seaux routiers, ferr\u00e9s, \u00e9lectriques ou gaziers&nbsp;;<\/p>\n\n\n\n<p>\u00ab&nbsp;10\u00b0&nbsp;Les travaux de pr\u00e9vention des al\u00e9as climatiques.<\/p>\n\n\n\n<p>\u00ab&nbsp;Ces travaux contribuent directement \u00e0&nbsp;:<\/p>\n\n\n\n<p>\u00ab&nbsp;<em>a)<\/em>&nbsp;La r\u00e9silience des for\u00eats fran\u00e7aises face aux risques climatiques et biologiques et au renouvellement forestier&nbsp;;<\/p>\n\n\n\n<p>\u00ab&nbsp;<em>b)<\/em>&nbsp;La pr\u00e9vention des risques pour les personnes, les biens et les infrastructures&nbsp;;<\/p>\n\n\n\n<p><a><\/a> \u00ab&nbsp;<em>c)<\/em>&nbsp;La transition \u00e9cologique de l\u2019\u00e9conomie fran\u00e7aise en favorisant l\u2019utilisation de mat\u00e9riaux renouvelables et bas carbone&nbsp;;<\/p>\n\n\n\n<p>\u00ab&nbsp;<em>d)<\/em>&nbsp;L\u2019am\u00e9lioration de la balance commerciale en r\u00e9duisant les importations de bois et en renfor\u00e7ant la souverainet\u00e9 foresti\u00e8re.&nbsp;\u00bb<\/p>\n<\/div>\n\n\n\n<h3 class=\"wp-block-heading has-text-color has-link-color wp-elements-62f4d603b5349fca6667471567ca6aba\" id=\"l-objet-depose-en-meme-temps-que-l-amendement\" style=\"color:#246a04\"><strong>L\u2019objet (d\u00e9pos\u00e9 en m\u00eame temps que l\u2019amendement)<\/strong><\/h3>\n\n\n\n<p class=\"has-lightbg-background-color has-background\">\u00ab&nbsp;La fili\u00e8re for\u00eat-bois est un acteur cl\u00e9 de la transition \u00e9cologique et de la gestion durable des for\u00eats fran\u00e7aises. Compos\u00e9e de plus de 400.000 emplois non d\u00e9localisables, cette fili\u00e8re contribue \u00e0 la pr\u00e9servation d\u2018\u00e9cosyst\u00e8mes dynamiques et diversifi\u00e9s, \u00e0 la s\u00e9questration du carbone et au d\u00e9veloppement d\u2019une \u00e9conomie bas carbone non d\u00e9localisable.&nbsp;&nbsp; Cependant, les travaux forestiers font face \u00e0 des contraintes r\u00e9glementaires croissantes, souvent incoh\u00e9rentes selon les territoires, qui compromettent la r\u00e9alisation de missions essentielles : L\u2019entretien sylvicole pour favoriser la r\u00e9silience des for\u00eats. La mobilisation des bois pr\u00e9sentant des risques sanitaires Les actions de pr\u00e9vention des incendies, des temp\u00eates et de l\u2019\u00e9rosion des sols. L\u2019approvisionnement des fili\u00e8res industrielles avec du bois local.&nbsp; Dans un contexte o\u00f9 la balance commerciale fran\u00e7aise dans le secteur bois reste d\u00e9ficitaire (avec une importation massive de bois \u00e9tranger), o\u00f9 les d\u00e9p\u00e9rissements sanitaires n\u00e9cessitent des interventions fr\u00e9quentes, cet amendement vise \u00e0 s\u00e9curiser juridiquement les travaux forestiers afin de garantir la comp\u00e9titivit\u00e9 des acteurs nationaux et renforcer notre souverainet\u00e9 \u00e9conomique.&nbsp; Enfin, ce texte pr\u00e9voit une harmonisation des pratiques r\u00e9gionales, tout en rappelant l\u2019importance de respecter les engagements environnementaux en coh\u00e9rence avec les contraintes sanitaires autant que les contraintes et moyens \u00e9conomiques et humains du secteur.&nbsp;\u00bb<\/p>\n\n\n\n<p><\/p>\n","protected":false},"excerpt":{"rendered":"<p>La loi dite de \u00ab&nbsp;Souverainet\u00e9 en mati\u00e8re agricole et renouvellement des g\u00e9n\u00e9rations en agriculture&nbsp;\u00bb adopt\u00e9e le 19 f\u00e9vrier 2025 op\u00e8re un tr\u00e8s inqui\u00e9tant recul \u00e9cologique en proclamant l\u2019exploitation des for\u00eats [&hellip;]<\/p>\n","protected":false},"author":15,"featured_media":1077,"comment_status":"closed","ping_status":"closed","sticky":false,"template":"","format":"standard","meta":{"_acf_changed":false,"_gspb_post_css":"","_uag_custom_page_level_css":"","_EventAllDay":false,"_EventTimezone":"","_EventStartDate":"","_EventEndDate":"","_EventStartDateUTC":"","_EventEndDateUTC":"","_EventShowMap":false,"_EventShowMapLink":false,"_EventURL":"","_EventCost":"","_EventCostDescription":"","_EventCurrencySymbol":"","_EventCurrencyCode":"","_EventCurrencyPosition":"","_EventDateTimeSeparator":"","_EventTimeRangeSeparator":"","_EventOrganizerID":[],"_EventVenueID":[],"_OrganizerEmail":"","_OrganizerPhone":"","_OrganizerWebsite":"","_VenueAddress":"","_VenueCity":"","_VenueCountry":"","_VenueProvince":"","_VenueState":"","_VenueZip":"","_VenuePhone":"","_VenueURL":"","_VenueStateProvince":"","_VenueLat":"","_VenueLng":"","_VenueShowMap":false,"_VenueShowMapLink":false,"footnotes":""},"categories":[99,144,248,1],"tags":[265,92,101,188,267,69,266,268],"class_list":["post-11411","post","type-post","status-publish","format-standard","has-post-thumbnail","hentry","category-communiques","category-actus","category-entete","category-non-classe","tag-anne-catherine-loisier","tag-assemblee-nationale","tag-bois-energie","tag-conseil-constitutionnel","tag-interet-general","tag-loi-dorientation-agricole","tag-senat","tag-travaux-forestiers"],"mb":[],"acf":[],"uagb_featured_image_src":{"full":["https:\/\/sosforetfrance.org\/wp-content\/uploads\/2020\/05\/Coupes-rases-11-Adret-Morvan-JLP.jpg",1496,877,false],"thumbnail":["https:\/\/sosforetfrance.org\/wp-content\/uploads\/2020\/05\/Coupes-rases-11-Adret-Morvan-JLP-150x150.jpg",150,150,true],"medium":["https:\/\/sosforetfrance.org\/wp-content\/uploads\/2020\/05\/Coupes-rases-11-Adret-Morvan-JLP-300x176.jpg",300,176,true],"medium_large":["https:\/\/sosforetfrance.org\/wp-content\/uploads\/2020\/05\/Coupes-rases-11-Adret-Morvan-JLP-768x450.jpg",768,450,true],"large":["https:\/\/sosforetfrance.org\/wp-content\/uploads\/2020\/05\/Coupes-rases-11-Adret-Morvan-JLP-1024x600.jpg",1024,600,true],"1536x1536":["https:\/\/sosforetfrance.org\/wp-content\/uploads\/2020\/05\/Coupes-rases-11-Adret-Morvan-JLP.jpg",1496,877,false],"2048x2048":["https:\/\/sosforetfrance.org\/wp-content\/uploads\/2020\/05\/Coupes-rases-11-Adret-Morvan-JLP.jpg",1496,877,false],"mailpoet_newsletter_max":["https:\/\/sosforetfrance.org\/wp-content\/uploads\/2020\/05\/Coupes-rases-11-Adret-Morvan-JLP-1320x774.jpg",1320,774,true]},"uagb_author_info":{"display_name":"SOS Foret France","author_link":"https:\/\/sosforetfrance.org\/author\/sos-foret-france\/"},"uagb_comment_info":0,"uagb_excerpt":"La loi dite de \u00ab&nbsp;Souverainet\u00e9 en mati\u00e8re agricole et renouvellement des g\u00e9n\u00e9rations en agriculture&nbsp;\u00bb adopt\u00e9e le 19 f\u00e9vrier 2025 op\u00e8re un tr\u00e8s inqui\u00e9tant recul \u00e9cologique en proclamant l\u2019exploitation des for\u00eats [&hellip;]","mfb_rest_fields":["title","uagb_featured_image_src","uagb_author_info","uagb_comment_info","uagb_excerpt"],"_links":{"self":[{"href":"https:\/\/sosforetfrance.org\/index.php\/wp-json\/wp\/v2\/posts\/11411","targetHints":{"allow":["GET"]}}],"collection":[{"href":"https:\/\/sosforetfrance.org\/index.php\/wp-json\/wp\/v2\/posts"}],"about":[{"href":"https:\/\/sosforetfrance.org\/index.php\/wp-json\/wp\/v2\/types\/post"}],"author":[{"embeddable":true,"href":"https:\/\/sosforetfrance.org\/index.php\/wp-json\/wp\/v2\/users\/15"}],"replies":[{"embeddable":true,"href":"https:\/\/sosforetfrance.org\/index.php\/wp-json\/wp\/v2\/comments?post=11411"}],"version-history":[{"count":14,"href":"https:\/\/sosforetfrance.org\/index.php\/wp-json\/wp\/v2\/posts\/11411\/revisions"}],"predecessor-version":[{"id":11821,"href":"https:\/\/sosforetfrance.org\/index.php\/wp-json\/wp\/v2\/posts\/11411\/revisions\/11821"}],"wp:featuredmedia":[{"embeddable":true,"href":"https:\/\/sosforetfrance.org\/index.php\/wp-json\/wp\/v2\/media\/1077"}],"wp:attachment":[{"href":"https:\/\/sosforetfrance.org\/index.php\/wp-json\/wp\/v2\/media?parent=11411"}],"wp:term":[{"taxonomy":"category","embeddable":true,"href":"https:\/\/sosforetfrance.org\/index.php\/wp-json\/wp\/v2\/categories?post=11411"},{"taxonomy":"post_tag","embeddable":true,"href":"https:\/\/sosforetfrance.org\/index.php\/wp-json\/wp\/v2\/tags?post=11411"}],"curies":[{"name":"wp","href":"https:\/\/api.w.org\/{rel}","templated":true}]}}