{"id":11474,"date":"2025-02-25T13:51:52","date_gmt":"2025-02-25T12:51:52","guid":{"rendered":"https:\/\/sosforetfrance.org\/?p=11474"},"modified":"2025-02-25T13:57:41","modified_gmt":"2025-02-25T12:57:41","slug":"jura-encore-un-projet-de-centrale-photovoltaique-en-foret","status":"publish","type":"post","link":"https:\/\/sosforetfrance.org\/index.php\/2025\/02\/25\/jura-encore-un-projet-de-centrale-photovoltaique-en-foret\/","title":{"rendered":"Jura : encore un projet de centrale photovolta\u00efque en for\u00eat"},"content":{"rendered":"\n<h3 class=\"wp-block-heading\" id=\"pollution-de-l-eau-risque-d-incendie-atteintes-a-la-biodiversite-sos-foret-a-contribue-a-l-enquete-publique-sur-l-installation-d-une-centrale-photovoltaique-a-cressia-jura-avec-un-avis-evidemment-defavorable\">Pollution de l&rsquo;eau, risque d&rsquo;incendie, atteintes \u00e0 la biodiversit\u00e9&#8230; SOS For\u00eat a contribu\u00e9 \u00e0 l&rsquo;enqu\u00eate publique sur l&rsquo;installation d&rsquo;une centrale photovolta\u00efque \u00e0 Cressia (Jura), avec un avis \u00e9videmment d\u00e9favorable.<\/h3>\n\n\n\n<div class=\"wp-block-columns is-layout-flex wp-container-core-columns-is-layout-28f84493 wp-block-columns-is-layout-flex\">\n<div class=\"wp-block-column is-layout-flow wp-block-column-is-layout-flow\" style=\"flex-basis:33.33%\">\n<figure class=\"wp-block-image size-large\"><img loading=\"lazy\" decoding=\"async\" width=\"1024\" height=\"947\" src=\"https:\/\/sosforetfrance.org\/wp-content\/uploads\/2025\/02\/image-3-1024x947.png\" alt=\"\" class=\"wp-image-11485\" srcset=\"https:\/\/sosforetfrance.org\/wp-content\/uploads\/2025\/02\/image-3-1024x947.png 1024w, https:\/\/sosforetfrance.org\/wp-content\/uploads\/2025\/02\/image-3-300x277.png 300w, https:\/\/sosforetfrance.org\/wp-content\/uploads\/2025\/02\/image-3-768x710.png 768w, https:\/\/sosforetfrance.org\/wp-content\/uploads\/2025\/02\/image-3.png 1234w\" sizes=\"auto, (max-width: 1024px) 100vw, 1024px\" \/><\/figure>\n<\/div>\n\n\n\n<div class=\"wp-block-column is-layout-flow wp-block-column-is-layout-flow\" style=\"flex-basis:66.66%\">\n<p>B\u00e9tonner. Voil\u00e0 la \u00ab\u00a0solution\u00a0\u00bb apport\u00e9e par le porteur du projet pour installer des panneaux photovolta\u00efques sur le sol tr\u00e8s poreux de Cressia (Jura), o\u00f9 s&rsquo;infiltre l&rsquo;eau qui alimente la r\u00e9gion. Pollution garantie. Et ce n&rsquo;est que l&rsquo;une des aberrations \u00e9cocidaires de ce projet de centrale soutenu par la mairie sans aucune consultation de la population avant l&rsquo;enqu\u00eate publique.<\/p>\n<\/div>\n<\/div>\n\n\n\n<p>Un collectif s&rsquo;est form\u00e9 contre ce projet \u00e0 Cressia, comme dans les trois autres communes proches o\u00f9 d&rsquo;autres centrales sont annonc\u00e9es (Pimorin, Saint Amour et Gizia). <\/p>\n\n\n\n<p>SOS For\u00eat apporte son plein soutien aux habitant\u00b7es qui d\u00e9fendent les milieux naturels contre et a envoy\u00e9 sa contribution <a href=\"https:\/\/sosforetfrance.org\/index.php\/ressource\/contribution-de-sos-foret-france-a-lenquete-publique-sur-la-creation-dune-centrale-photovoltaique-a-cressia-jura\/\" target=\"_blank\" rel=\"noreferrer noopener\">que vous pouvez retrouver ici<\/a>. La lutte peut payer : \u00e0 moins de 50km, un autre projet de centrale a fini par \u00eatre abandonn\u00e9 (voir <a href=\"https:\/\/sosforetfrance.org\/index.php\/2024\/12\/23\/victoire-contre-linstallation-dun-parc-solaire-dans-la-foret-du-jura\/\" target=\"_blank\" rel=\"noreferrer noopener\">notre article ici<\/a>) \u00e0 la suite de la mobilisation citoyenne.<\/p>\n","protected":false},"excerpt":{"rendered":"<p>Pollution de l&rsquo;eau, risque d&rsquo;incendie, atteintes \u00e0 la biodiversit\u00e9&#8230; SOS For\u00eat a contribu\u00e9 \u00e0 l&rsquo;enqu\u00eate publique sur l&rsquo;installation d&rsquo;une centrale photovolta\u00efque \u00e0 Cressia (Jura), avec un avis \u00e9videmment d\u00e9favorable. B\u00e9tonner. [&hellip;]<\/p>\n","protected":false},"author":10,"featured_media":11483,"comment_status":"closed","ping_status":"closed","sticky":false,"template":"","format":"standard","meta":{"_acf_changed":false,"_gspb_post_css":"","_uag_custom_page_level_css":"","_EventAllDay":false,"_EventTimezone":"","_EventStartDate":"","_EventEndDate":"","_EventStartDateUTC":"","_EventEndDateUTC":"","_EventShowMap":false,"_EventShowMapLink":false,"_EventURL":"","_EventCost":"","_EventCostDescription":"","_EventCurrencySymbol":"","_EventCurrencyCode":"","_EventCurrencyPosition":"","_EventDateTimeSeparator":"","_EventTimeRangeSeparator":"","_EventOrganizerID":[],"_EventVenueID":[],"_OrganizerEmail":"","_OrganizerPhone":"","_OrganizerWebsite":"","_VenueAddress":"","_VenueCity":"","_VenueCountry":"","_VenueProvince":"","_VenueState":"","_VenueZip":"","_VenuePhone":"","_VenueURL":"","_VenueStateProvince":"","_VenueLat":"","_VenueLng":"","_VenueShowMap":false,"_VenueShowMapLink":false,"footnotes":""},"categories":[211],"tags":[272,74,73],"class_list":["post-11474","post","type-post","status-publish","format-standard","has-post-thumbnail","hentry","category-actions","tag-cressia","tag-jura","tag-photovoltaique"],"mb":[],"acf":[],"uagb_featured_image_src":{"full":["https:\/\/sosforetfrance.org\/wp-content\/uploads\/2025\/02\/panneaux-photovoltaiques.webp",728,410,false],"thumbnail":["https:\/\/sosforetfrance.org\/wp-content\/uploads\/2025\/02\/panneaux-photovoltaiques-150x150.webp",150,150,true],"medium":["https:\/\/sosforetfrance.org\/wp-content\/uploads\/2025\/02\/panneaux-photovoltaiques-300x169.webp",300,169,true],"medium_large":["https:\/\/sosforetfrance.org\/wp-content\/uploads\/2025\/02\/panneaux-photovoltaiques.webp",728,410,false],"large":["https:\/\/sosforetfrance.org\/wp-content\/uploads\/2025\/02\/panneaux-photovoltaiques.webp",728,410,false],"1536x1536":["https:\/\/sosforetfrance.org\/wp-content\/uploads\/2025\/02\/panneaux-photovoltaiques.webp",728,410,false],"2048x2048":["https:\/\/sosforetfrance.org\/wp-content\/uploads\/2025\/02\/panneaux-photovoltaiques.webp",728,410,false],"mailpoet_newsletter_max":["https:\/\/sosforetfrance.org\/wp-content\/uploads\/2025\/02\/panneaux-photovoltaiques.webp",728,410,false]},"uagb_author_info":{"display_name":"Marie-Anne Guillemain","author_link":"https:\/\/sosforetfrance.org\/author\/mag\/"},"uagb_comment_info":0,"uagb_excerpt":"Pollution de l&rsquo;eau, risque d&rsquo;incendie, atteintes \u00e0 la biodiversit\u00e9&#8230; SOS For\u00eat a contribu\u00e9 \u00e0 l&rsquo;enqu\u00eate publique sur l&rsquo;installation d&rsquo;une centrale photovolta\u00efque \u00e0 Cressia (Jura), avec un avis \u00e9videmment d\u00e9favorable. B\u00e9tonner. [&hellip;]","mfb_rest_fields":["title","uagb_featured_image_src","uagb_author_info","uagb_comment_info","uagb_excerpt"],"_links":{"self":[{"href":"https:\/\/sosforetfrance.org\/index.php\/wp-json\/wp\/v2\/posts\/11474","targetHints":{"allow":["GET"]}}],"collection":[{"href":"https:\/\/sosforetfrance.org\/index.php\/wp-json\/wp\/v2\/posts"}],"about":[{"href":"https:\/\/sosforetfrance.org\/index.php\/wp-json\/wp\/v2\/types\/post"}],"author":[{"embeddable":true,"href":"https:\/\/sosforetfrance.org\/index.php\/wp-json\/wp\/v2\/users\/10"}],"replies":[{"embeddable":true,"href":"https:\/\/sosforetfrance.org\/index.php\/wp-json\/wp\/v2\/comments?post=11474"}],"version-history":[{"count":2,"href":"https:\/\/sosforetfrance.org\/index.php\/wp-json\/wp\/v2\/posts\/11474\/revisions"}],"predecessor-version":[{"id":11488,"href":"https:\/\/sosforetfrance.org\/index.php\/wp-json\/wp\/v2\/posts\/11474\/revisions\/11488"}],"wp:featuredmedia":[{"embeddable":true,"href":"https:\/\/sosforetfrance.org\/index.php\/wp-json\/wp\/v2\/media\/11483"}],"wp:attachment":[{"href":"https:\/\/sosforetfrance.org\/index.php\/wp-json\/wp\/v2\/media?parent=11474"}],"wp:term":[{"taxonomy":"category","embeddable":true,"href":"https:\/\/sosforetfrance.org\/index.php\/wp-json\/wp\/v2\/categories?post=11474"},{"taxonomy":"post_tag","embeddable":true,"href":"https:\/\/sosforetfrance.org\/index.php\/wp-json\/wp\/v2\/tags?post=11474"}],"curies":[{"name":"wp","href":"https:\/\/api.w.org\/{rel}","templated":true}]}}