{"id":1230,"date":"2020-07-08T14:08:55","date_gmt":"2020-07-08T12:08:55","guid":{"rendered":"https:\/\/sosforetfrance.org\/?p=1230"},"modified":"2020-08-19T22:50:39","modified_gmt":"2020-08-19T20:50:39","slug":"fransylva-lance-la-replique-contre-les-collectifs-ecologistes-sos-forets-et-canopee","status":"publish","type":"post","link":"https:\/\/sosforetfrance.org\/index.php\/2020\/07\/08\/fransylva-lance-la-replique-contre-les-collectifs-ecologistes-sos-forets-et-canopee\/","title":{"rendered":"Fransylva lance la r\u00e9plique contre \u201cles collectifs \u00e9cologistes SOS For\u00eat et Canop\u00e9e\u201d."},"content":{"rendered":"\n<p>Le syndicat de propri\u00e9taires forestiers a confi\u00e9 \u00e0 une agence de lobbying et communication le soin de communiquer une r\u00e9plique aux actions r\u00e9centes que nous avons men\u00e9es avec SOS For\u00eat et Canop\u00e9e contre les coupes rases. La circulaire invite les pr\u00e9sidents \u00e0 \u201c<em>la plus grande prudence<\/em>\u201d avec les journalistes et leur sugg\u00e8re de renvoyer la presse vers la boite de com\u2026<\/p>\n\n\n\n<p>Elle indique aussi : <em>Fransylva est actuellement en concertation avec France Bois For\u00eat et PEFC pour arr\u00eater un positionnement et une attitude concert\u00e9s et adapt\u00e9s \u00e0 cette attaque.<\/em><\/p>\n\n\n\n<p>Cela prouve que nos actions ont de l\u2019impact mais la question se pose d\u2019un travail commun de Fransylva pour d\u00e9fendre la coupe rase avec un label cens\u00e9 contr\u00f4ler les adh\u00e9rents de Fransylva ! L\u2019implication de PEFC pour d\u00e9fendre les coupes rases d\u00e9montre aussi la consanguinit\u00e9 de toutes ces organisations qui sont f\u00e9d\u00e9r\u00e9es autour d\u2019un concept : ne rien changer, ne pas se poser de questions sur des pratiques sylvicoles d\u00e9sastreuses en terme de biodiversit\u00e9, de la p\u00e9rennit\u00e9 des sols, de l\u2019eau, de carbone\u2026<\/p>\n\n\n\n<p>Elle diffuse aussi des \u201c\u00e9l\u00e9ments de langage\u201d \u00e0 utiliser pour les sollicitations \u201chors presse\u201d. On ne r\u00e9siste pas \u00e0 vous diffuser le premier \u00e0 titre d\u2019exemple. Une seule affirmation de l\u2019argumentaire qui suit est 100% vraie, \u00e0 vous de trouver laquelle&#8230;<\/p>\n\n\n\n<p><em>\u201cCouper un arbre c\u2019est mal, on abime la plan\u00e8te !<\/em><\/p>\n\n\n\n<p><em>La r\u00e9colte d\u2019un arbre fait partie du cycle de vie de la for\u00eat quand elle s\u2019inscrit dans une d\u00e9marche de production de bois durable. Arriv\u00e9 \u00e0 maturit\u00e9 l\u2019arbre ne pousse plus, il d\u00e9p\u00e9rit. Il faut le r\u00e9colter pour laisser la place aux plus jeunes, rajeunir le milieu, s\u00e9curiser le territoire, alimenter la fili\u00e8re bois et capter du CO2.\u201d<\/em><\/p>\n\n\n\n<p><em><strong><a href=\"https:\/\/sosforetfrance.org\/index.php\/2020\/07\/07\/les-elements-de-langage-de-fransylva\/\" target=\"_blank\" rel=\"noreferrer noopener\">En savoir plus sur les \u00e9l\u00e9ments de langage de Fransylva.<\/a><\/strong><\/em><\/p>\n\n\n\n<p><strong><em><a href=\"https:\/\/mcusercontent.com\/9b28aec2ccaf853030b8079ee\/files\/c1cf878a-c042-4f2b-a96d-090d09d88b75\/Circulaire_FRANSYLVA_coupe_rase_200609.pdf\" target=\"_blank\" rel=\"noopener\">Voir la lettre de Fransylva<\/a><\/em><\/strong><\/p>\n","protected":false},"excerpt":{"rendered":"<p>Le syndicat de propri\u00e9taires forestiers a confi\u00e9 \u00e0 une agence de lobbying et communication le soin de communiquer une r\u00e9plique aux actions r\u00e9centes que nous avons men\u00e9es avec SOS For\u00eat [&hellip;]<\/p>\n","protected":false},"author":1,"featured_media":1123,"comment_status":"closed","ping_status":"closed","sticky":false,"template":"","format":"standard","meta":{"_acf_changed":false,"_gspb_post_css":"","_uag_custom_page_level_css":"","_EventAllDay":false,"_EventTimezone":"","_EventStartDate":"","_EventEndDate":"","_EventStartDateUTC":"","_EventEndDateUTC":"","_EventShowMap":false,"_EventShowMapLink":false,"_EventURL":"","_EventCost":"","_EventCostDescription":"","_EventCurrencySymbol":"","_EventCurrencyCode":"","_EventCurrencyPosition":"","_EventDateTimeSeparator":"","_EventTimeRangeSeparator":"","_EventOrganizerID":[],"_EventVenueID":[],"_OrganizerEmail":"","_OrganizerPhone":"","_OrganizerWebsite":"","_VenueAddress":"","_VenueCity":"","_VenueCountry":"","_VenueProvince":"","_VenueState":"","_VenueZip":"","_VenuePhone":"","_VenueURL":"","_VenueStateProvince":"","_VenueLat":"","_VenueLng":"","_VenueShowMap":false,"_VenueShowMapLink":false,"footnotes":""},"categories":[19],"tags":[],"class_list":["post-1230","post","type-post","status-publish","format-standard","has-post-thumbnail","hentry","category-comprendre"],"mb":[],"acf":[],"uagb_featured_image_src":{"full":["https:\/\/sosforetfrance.org\/wp-content\/uploads\/2020\/06\/Action-granule\u0301-morvan22.gif",1000,667,false],"thumbnail":["https:\/\/sosforetfrance.org\/wp-content\/uploads\/2020\/06\/Action-granule\u0301-morvan22-150x150.gif",150,150,true],"medium":["https:\/\/sosforetfrance.org\/wp-content\/uploads\/2020\/06\/Action-granule\u0301-morvan22-300x200.gif",300,200,true],"medium_large":["https:\/\/sosforetfrance.org\/wp-content\/uploads\/2020\/06\/Action-granule\u0301-morvan22-768x512.gif",768,512,true],"large":["https:\/\/sosforetfrance.org\/wp-content\/uploads\/2020\/06\/Action-granule\u0301-morvan22.gif",1000,667,false],"1536x1536":["https:\/\/sosforetfrance.org\/wp-content\/uploads\/2020\/06\/Action-granule\u0301-morvan22.gif",1000,667,false],"2048x2048":["https:\/\/sosforetfrance.org\/wp-content\/uploads\/2020\/06\/Action-granule\u0301-morvan22.gif",1000,667,false],"mailpoet_newsletter_max":["https:\/\/sosforetfrance.org\/wp-content\/uploads\/2020\/06\/Action-granule\u0301-morvan22.gif",1000,667,false]},"uagb_author_info":{"display_name":"admin7534","author_link":"https:\/\/sosforetfrance.org\/author\/admin7534\/"},"uagb_comment_info":0,"uagb_excerpt":"Le syndicat de propri\u00e9taires forestiers a confi\u00e9 \u00e0 une agence de lobbying et communication le soin de communiquer une r\u00e9plique aux actions r\u00e9centes que nous avons men\u00e9es avec SOS For\u00eat [&hellip;]","mfb_rest_fields":["title","uagb_featured_image_src","uagb_author_info","uagb_comment_info","uagb_excerpt"],"_links":{"self":[{"href":"https:\/\/sosforetfrance.org\/index.php\/wp-json\/wp\/v2\/posts\/1230","targetHints":{"allow":["GET"]}}],"collection":[{"href":"https:\/\/sosforetfrance.org\/index.php\/wp-json\/wp\/v2\/posts"}],"about":[{"href":"https:\/\/sosforetfrance.org\/index.php\/wp-json\/wp\/v2\/types\/post"}],"author":[{"embeddable":true,"href":"https:\/\/sosforetfrance.org\/index.php\/wp-json\/wp\/v2\/users\/1"}],"replies":[{"embeddable":true,"href":"https:\/\/sosforetfrance.org\/index.php\/wp-json\/wp\/v2\/comments?post=1230"}],"version-history":[{"count":0,"href":"https:\/\/sosforetfrance.org\/index.php\/wp-json\/wp\/v2\/posts\/1230\/revisions"}],"wp:featuredmedia":[{"embeddable":true,"href":"https:\/\/sosforetfrance.org\/index.php\/wp-json\/wp\/v2\/media\/1123"}],"wp:attachment":[{"href":"https:\/\/sosforetfrance.org\/index.php\/wp-json\/wp\/v2\/media?parent=1230"}],"wp:term":[{"taxonomy":"category","embeddable":true,"href":"https:\/\/sosforetfrance.org\/index.php\/wp-json\/wp\/v2\/categories?post=1230"},{"taxonomy":"post_tag","embeddable":true,"href":"https:\/\/sosforetfrance.org\/index.php\/wp-json\/wp\/v2\/tags?post=1230"}],"curies":[{"name":"wp","href":"https:\/\/api.w.org\/{rel}","templated":true}]}}