{"id":12522,"date":"2025-04-30T16:23:06","date_gmt":"2025-04-30T14:23:06","guid":{"rendered":"https:\/\/sosforetfrance.org\/?p=12522"},"modified":"2025-06-02T18:29:17","modified_gmt":"2025-06-02T16:29:17","slug":"non-a-la-centrale-de-gardanne","status":"publish","type":"post","link":"https:\/\/sosforetfrance.org\/index.php\/2025\/04\/30\/non-a-la-centrale-de-gardanne\/","title":{"rendered":"Dites NON \u00e0 la centrale de Gardanne : participez \u00e0 l&rsquo;enqu\u00eate publique jusqu&rsquo;au 6 juin"},"content":{"rendered":"\n<h3 class=\"wp-block-heading\" id=\"au-mepris-de-la-decision-de-justice-qui-avait-donne-raison-aux-opposants-a-la-centrale-electrique-de-gardanne-voir-notre-article-ici-le-gouvernement-a-permis-en-janvier-dernier-a-l-industriel-de-redemarrer-la-production-dites-non-a-la-politique-du-fait-accompli-et-participez-a-l-enquete-publique\">Au m\u00e9pris de la d\u00e9cision de Justice qui avait donn\u00e9 raison aux opposants \u00e0 la centrale \u00e9lectrique de Gardanne (<a href=\"https:\/\/sosforetfrance.org\/index.php\/2023\/03\/28\/le-projet-biomasse-de-gardanne-au-conseil-detat\/\">voir notre article ici<\/a>), le gouvernement a permis en janvier dernier \u00e0 l&rsquo;industriel de red\u00e9marrer la production. Dites non \u00e0 la politique du fait accompli et participez \u00e0 l&rsquo;enqu\u00eate publique !<\/h3>\n\n\n\n<p class=\"has-drop-cap\">Apr\u00e8s plusieurs ann\u00e9es de luttes juridiques et de manifestations, ensemble, nous avons obtenu que le Conseil d\u2019\u00c9tat annule l\u2019autorisation d\u2019exploiter la centrale (Convergence \u00e9cologique du Pays de Gardanne (CEPG), association membre de SOS For\u00eat France, \u00e9tait au nombre des requ\u00e9rants).  <\/p>\n\n\n\n<p class=\"has-text-align-left\">\u00c0 la suite de <a href=\"https:\/\/sosforetfrance.org\/index.php\/ressource\/arret-du-conseil-detat-validant-lannulation-de-lautorisation-dexploiter-de-la-centrale-biomasse-de-gardanne\/\">cette d\u00e9cision<\/a>, la cour administrative d\u2019appel de Marseille a ordonn\u00e9 une nouvelle \u00e9tude des Impacts directs et indirects. Une nouvelle enqu\u00eate publique devait se d\u00e9rouler dans un d\u00e9lai d&rsquo;un an sur 324 communes dont les for\u00eats sont concern\u00e9es par l&rsquo;approvisionnement en bois de la centrale de Gardanne.<\/p>\n\n\n\n<h2 class=\"wp-block-heading has-text-align-center has-contrastcolor-color has-text-color has-background has-link-color wp-elements-2d615d42aef7497f6a64d485183805d6\" id=\"le-redemarrage-malgre-la-decision-du-conseil-d-etat-est-un-deni-de-justice\" style=\"background-color:#285a0b\">Le red\u00e9marrage malgr\u00e9 la d\u00e9cision du Conseil d&rsquo;\u00c9tat est un d\u00e9ni de justice<\/h2>\n\n\n\n<p>Plut\u00f4t que respecter la d\u00e9cision du tribunal et organiser cette enqu\u00eate publique dans les d\u00e9lais, le gouvernement a d\u00e9livr\u00e9 en janvier 2025 une autorisation d&rsquo;exploiter \u00e0 l&rsquo;industriel. Il lui a m\u00eame octroy\u00e9 une nouvelle aide de 800&nbsp;millions d&rsquo;euros&nbsp;! <\/p>\n\n\n\n<p>Comme pour l&rsquo;autoroute A69, dont les travaux \u00e9taient men\u00e9s \u00e0 grande vitesse alors qu&rsquo;il semblait \u00e9vident que le projet ne respectait pas la l\u00e9gislation environnementale (et pour preuve, il a \u00e9t\u00e9 annul\u00e9 en le 27 f\u00e9vrier 2025 par <a href=\"https:\/\/toulouse.tribunal-administratif.fr\/decisions-de-justice\/dernieres-decisions\/a69-le-projet-autoroutier-est-annule-faute-de-necessite-imperieuse-a-le-realiser\" target=\"_blank\" rel=\"noopener\">d\u00e9cision du tribunal administratif de Toulouse<\/a>), le gouvernement tente donc de nous mettre devant le fait accompli. <\/p>\n\n\n\n<p>Aujourd&rsquo;hui, seule une participation massive \u00e0 l&rsquo;enqu\u00eate publique qui se tiend du 5 mai au 6 Juin 2025 inclus et une large mobilisation avec les associations qui luttent localement peuvent faire reculer cette machine \u00e0 r\u00e9duire les for\u00eats en cendres.<\/p>\n\n\n\n<h2 class=\"wp-block-heading has-text-align-center has-contrastcolor-color has-text-color has-background has-link-color wp-elements-ed9e868fb2f521aa612a606f113c0976\" id=\"gardanne-un-scandale-ecologique-social-et-economique\" style=\"background-color:#285a0b\">Gardanne : un scandale \u00e9cologique, social et \u00e9conomique<\/h2>\n\n\n\n<p>Depuis le 4 mars 2025, RTE a interrompu \u00e0 treize reprises l\u2019activit\u00e9 des parcs \u00e9oliens et solaires, en les d\u00e9dommageant d\u2019une importante compensation financi\u00e8re, pour cause de surproduction d&rsquo;\u00e9lectricit\u00e9. Mais il n&rsquo;a pas \u00e9t\u00e9 question d&rsquo;interrompre la production de Gardanne, alors que :<\/p>\n\n\n\n<div class=\"wp-block-uagb-icon-list uagb-block-97e141d1\"><div class=\"uagb-icon-list__wrap\">\n<div class=\"wp-block-uagb-icon-list-child uagb-block-5a61f898\"><span class=\"uagb-icon-list__source-wrap\"><svg xmlns=\"https:\/\/www.w3.org\/2000\/svg\" viewBox=\"0 0 576 512\"><path d=\"M466.7 352L320 205.3L214.6 310.6C202.1 323.1 181.9 323.1 169.4 310.6L9.372 150.6C-3.124 138.1-3.124 117.9 9.372 105.4C21.87 92.88 42.13 92.88 54.63 105.4L191.1 242.7L297.4 137.4C309.9 124.9 330.1 124.9 342.6 137.4L512 306.7V223.1C512 206.3 526.3 191.1 544 191.1C561.7 191.1 576 206.3 576 223.1V384C576 401.7 561.7 416 544 416H384C366.3 416 352 401.7 352 384C352 366.3 366.3 352 384 352L466.7 352z\"><\/path><\/svg><\/span><span class=\"uagb-icon-list__label\">cette centrale participe \u00e0 la destruction de for\u00eats. En quelques minutes elle br\u00fble des arbres qui ont mis des dizaines d\u2019ann\u00e9es \u00e0 pousser. En plus des for\u00eats fran\u00e7aises fortement impact\u00e9es, une partie du bois est import\u00e9 du Br\u00e9sil (souvent cultiv\u00e9 avec des herbicides et des pesticides), d\u2019Italie, d\u2019Espagne et d\u2019autres pays\u00a0;<\/span><\/div>\n\n\n\n<div class=\"wp-block-uagb-icon-list-child uagb-block-a8f4fbd5\"><span class=\"uagb-icon-list__source-wrap\"><svg xmlns=\"https:\/\/www.w3.org\/2000\/svg\" viewBox=\"0 0 576 512\"><path d=\"M466.7 352L320 205.3L214.6 310.6C202.1 323.1 181.9 323.1 169.4 310.6L9.372 150.6C-3.124 138.1-3.124 117.9 9.372 105.4C21.87 92.88 42.13 92.88 54.63 105.4L191.1 242.7L297.4 137.4C309.9 124.9 330.1 124.9 342.6 137.4L512 306.7V223.1C512 206.3 526.3 191.1 544 191.1C561.7 191.1 576 206.3 576 223.1V384C576 401.7 561.7 416 544 416H384C366.3 416 352 401.7 352 384C352 366.3 366.3 352 384 352L466.7 352z\"><\/path><\/svg><\/span><span class=\"uagb-icon-list__label\">cette usine rel\u00e8ve d\u2019une aberration \u00e9conomique : l\u2019exploitant a obtenu un financement de 800 millions afin de rendre le projet rentable (pour son propri\u00e9taire) les huit prochaines ann\u00e9es. Ainsi de l\u2019argent public va permettre \u00e0 GazalEnergie, un acteur priv\u00e9, de r\u00e9aliser des b\u00e9n\u00e9fices et tout cela pour un prix du kWh produit 4 \u00e0 5 fois plus \u00e9lev\u00e9 que le prix du march\u00e9\u00a0;<\/span><\/div>\n\n\n\n<div class=\"wp-block-uagb-icon-list-child uagb-block-9f45d372\"><span class=\"uagb-icon-list__source-wrap\"><svg xmlns=\"https:\/\/www.w3.org\/2000\/svg\" viewBox=\"0 0 576 512\"><path d=\"M466.7 352L320 205.3L214.6 310.6C202.1 323.1 181.9 323.1 169.4 310.6L9.372 150.6C-3.124 138.1-3.124 117.9 9.372 105.4C21.87 92.88 42.13 92.88 54.63 105.4L191.1 242.7L297.4 137.4C309.9 124.9 330.1 124.9 342.6 137.4L512 306.7V223.1C512 206.3 526.3 191.1 544 191.1C561.7 191.1 576 206.3 576 223.1V384C576 401.7 561.7 416 544 416H384C366.3 416 352 401.7 352 384C352 366.3 366.3 352 384 352L466.7 352z\"><\/path><\/svg><\/span><span class=\"uagb-icon-list__label\">cette centrale br\u00fble des arbres pour rien ! Elle n\u2019atteint que 23\u00a0% de rendement (chiffre de GazelEnergie). 77\u00a0arbres sur 100 sont donc brul\u00e9s sans produire d\u2019\u00e9nergie utile et sont uniquement source de r\u00e9chauffement climatique\u00a0;<\/span><\/div>\n\n\n\n<div class=\"wp-block-uagb-icon-list-child uagb-block-bae6b5ae\"><span class=\"uagb-icon-list__source-wrap\"><svg xmlns=\"https:\/\/www.w3.org\/2000\/svg\" viewBox=\"0 0 576 512\"><path d=\"M466.7 352L320 205.3L214.6 310.6C202.1 323.1 181.9 323.1 169.4 310.6L9.372 150.6C-3.124 138.1-3.124 117.9 9.372 105.4C21.87 92.88 42.13 92.88 54.63 105.4L191.1 242.7L297.4 137.4C309.9 124.9 330.1 124.9 342.6 137.4L512 306.7V223.1C512 206.3 526.3 191.1 544 191.1C561.7 191.1 576 206.3 576 223.1V384C576 401.7 561.7 416 544 416H384C366.3 416 352 401.7 352 384C352 366.3 366.3 352 384 352L466.7 352z\"><\/path><\/svg><\/span><span class=\"uagb-icon-list__label\">elle prive la puissance publique et l&rsquo;\u00e9conomie locale d\u2019autres emplois r\u00e9ellement \u00e9cologiques qui pourraient \u00eatre cr\u00e9\u00e9s avec l&rsquo;argent donn\u00e9 \u00e0 l&rsquo;industriel\u00a0: agriculture, chauffe-eaux solaire, \u00e9conomies d\u2019\u00e9nergie, isolation, b\u00e2timents bioclimatiques, r\u00e9emploi, etc.<\/span><\/div>\n<\/div><\/div>\n\n\n\n<h2 class=\"wp-block-heading has-text-align-center has-contrastcolor-color has-text-color has-background has-link-color wp-elements-ad70dab38a084069a98db33b358e9a37\" id=\"gardanne-un-scandale-ecologique-social-et-economique\" style=\"background-color:#285a0b\">Qui peut participer \u00e0 l&rsquo;enqu\u00eate publique&nbsp;?<\/h2>\n\n\n\n<div class=\"wp-block-uagb-icon-list uagb-block-2b551d2a\"><div class=\"uagb-icon-list__wrap\">\n<div class=\"wp-block-uagb-icon-list-child uagb-block-02ca7a0b\"><span class=\"uagb-icon-list__source-wrap\"><svg xmlns=\"https:\/\/www.w3.org\/2000\/svg\" viewBox=\"0 0 448 512\"><path d=\"M438.6 278.6l-160 160C272.4 444.9 264.2 448 256 448s-16.38-3.125-22.62-9.375c-12.5-12.5-12.5-32.75 0-45.25L338.8 288H32C14.33 288 .0016 273.7 .0016 256S14.33 224 32 224h306.8l-105.4-105.4c-12.5-12.5-12.5-32.75 0-45.25s32.75-12.5 45.25 0l160 160C451.1 245.9 451.1 266.1 438.6 278.6z\"><\/path><\/svg><\/span><span class=\"uagb-icon-list__label\">Vous habitez l&rsquo;une des 324 communes (voir liste ci-dessous) r\u00e9parties sur 16 d\u00e9partements et 3 r\u00e9gions (Provence-Alpes-C\u00f4te d\u2019Azur, Occitanie et Auvergne-Rh\u00f4ne-Alpes) et directement vis\u00e9es car susceptibles d&rsquo;approvisionner la centrale ? Participez ! Vous \u00eates les premier\u00b7es concern\u00e9\u00b7es : ce sont les for\u00eats pr\u00e8s de chez vous qui risquent de dispara\u00eetre pour alimenter la centrale.<\/span><\/div>\n\n\n\n<div class=\"wp-block-uagb-icon-list-child uagb-block-6c52d991\"><span class=\"uagb-icon-list__source-wrap\"><svg xmlns=\"https:\/\/www.w3.org\/2000\/svg\" viewBox=\"0 0 448 512\"><path d=\"M438.6 278.6l-160 160C272.4 444.9 264.2 448 256 448s-16.38-3.125-22.62-9.375c-12.5-12.5-12.5-32.75 0-45.25L338.8 288H32C14.33 288 .0016 273.7 .0016 256S14.33 224 32 224h306.8l-105.4-105.4c-12.5-12.5-12.5-32.75 0-45.25s32.75-12.5 45.25 0l160 160C451.1 245.9 451.1 266.1 438.6 278.6z\"><\/path><\/svg><\/span><span class=\"uagb-icon-list__label\">Vous habitez ailleurs mais avez un ami, un cousin, une grand-tante ou un petit-neveu dans l&rsquo;une des communes concern\u00e9es ?  Alertez-les ! Les contributions d\u00e9pos\u00e9es par les personnes g\u00e9ographiquement proches de l&rsquo;objet de l&rsquo;enqu\u00eate publique sont importantes. <\/span><\/div>\n\n\n\n<div class=\"wp-block-uagb-icon-list-child uagb-block-de429371\"><span class=\"uagb-icon-list__source-wrap\"><svg xmlns=\"https:\/\/www.w3.org\/2000\/svg\" viewBox=\"0 0 448 512\"><path d=\"M438.6 278.6l-160 160C272.4 444.9 264.2 448 256 448s-16.38-3.125-22.62-9.375c-12.5-12.5-12.5-32.75 0-45.25L338.8 288H32C14.33 288 .0016 273.7 .0016 256S14.33 224 32 224h306.8l-105.4-105.4c-12.5-12.5-12.5-32.75 0-45.25s32.75-12.5 45.25 0l160 160C451.1 245.9 451.1 266.1 438.6 278.6z\"><\/path><\/svg><\/span><span class=\"uagb-icon-list__label\">Vous ne connaissez personne dans l&rsquo;une des communes concern\u00e9es ? Partagez cet article et&#8230; participez ! Vous pouvez aussi contribuer :  l&rsquo;impact de cet usine sur la biodiversit\u00e9 et le climat nous concernent toutes et tous.<\/span><\/div>\n<\/div><\/div>\n\n\n\n<h2 class=\"wp-block-heading\" id=\"comment-participer\">Comment participer <\/h2>\n\n\n\n<p>L&rsquo;enqu\u00eate publique d\u00e9marrera le 5 mai et se tiendra jusqu&rsquo;au 6 juin. Les documents seront disponibles <a href=\"https:\/\/www.registre-numerique.fr\/enquete-publique-centrale-de-provence\/documents\" target=\"_blank\" rel=\"noopener\">sur le site du registre num\u00e9rique ici<\/a> \u00e0 partir du 5 mai. Il sera aussi possible d&rsquo;y d\u00e9poser une contribution. <\/p>\n\n\n\n<p>Si les contributrices et contributeurs souhaitent d\u00e9poser physiquement leur avis, il pourront le faire dans l&rsquo;une des quinze communes d\u00e9sign\u00e9es par l&rsquo;<a href=\"https:\/\/www.ville-meyreuil.fr\/upload\/GAZEL-NRJ-2025\/ARRETE-gazel-signe--------9avril2025.pdf\" target=\"_blank\" rel=\"noopener\">arr\u00eat\u00e9 inter-pr\u00e9fectoral<\/a> : Meyreuil, Gardanne, Bouc-Bel-Air, Fuveau, Aix-en-Provence, Saint-R\u00e9my-de-Provence, Les M\u00e9es, Serres, Bagnols-sur-C\u00e8ze, Al\u00e8s, B\u00e9ziers, Florac-Trois-Rivi\u00e8res, Brignoles, Carpentras et Apt.<\/p>\n\n\n\n<p>Rencontrer personnellement les commissaires-enqu\u00eatrices et enqu\u00eateurs sera possible aussi dans ces 15 communes aux dates d\u00e9termin\u00e9es par le m\u00eame <a href=\"https:\/\/www.ville-meyreuil.fr\/upload\/GAZEL-NRJ-2025\/ARRETE-gazel-signe--------9avril2025.pdf\" target=\"_blank\" rel=\"noopener\">arr\u00eat\u00e9 inter-pr\u00e9fectoral<\/a>.<\/p>\n\n\n\n<p>Besoin d&rsquo;aide ? Vous pouvez contacter Convergence \u00e9cologique du Pays de Gardanne, l&rsquo;association membre de SOS For\u00eat qui lutte depuis 12 ans contre cette horreur \u00e9cologique, en envoyant un message \u00e0 <a href=\"mailto:cepg@lilo.org\">cepg@lilo.org<\/a><\/p>\n\n\n\n<div class=\"wp-block-group has-global-padding is-layout-constrained wp-container-core-group-is-layout-c385debf wp-block-group-is-layout-constrained\" style=\"padding-top:var(--wp--preset--spacing--20);padding-right:var(--wp--preset--spacing--20);padding-bottom:var(--wp--preset--spacing--20);padding-left:var(--wp--preset--spacing--20)\">\n<h2 class=\"wp-block-heading\" id=\"les-324-communes-concernees-par-l-approvisionnement-de-gardanne\">Les 324 communes concern\u00e9es par l&rsquo;approvisionnement de Gardanne<\/h2>\n\n\n\n<h3 class=\"wp-block-heading\" id=\"region-provence-alpes-cote-d-azur\">R\u00e9gion Provence-Alpes-C\u00f4te d\u2019Azur<\/h3>\n\n\n\n<p><strong>Alpes de Haute-Provence :<\/strong> Simiane-la-Rotonde, Allons, Archail, Aubenas-les-Alpes, Aubignosc, Banon, Barcelonnette, Barr\u00eame, Ganagobie, La Rochegiron, Les M\u00e9es, Montsalier, Oppedette, Redortiers, Vach\u00e8res.<\/p>\n\n\n\n<p><strong>Hautes-Alpes :<\/strong> Aspremont, Aspres-sur-Bu\u00ebch, Barcillonnette, Chabestan, Chanousse, Ch\u00e2teauneuf-d&rsquo;Oze, Ch\u00e2teauvieux, \u00c9toile-Saint-Cyrice, Forest-Saint-Julien, Furmeyer, Garde-Colombe, La B\u00e2tie-Montsal\u00e9on, La Faurie, Le Saix, M\u00e9reuil, Montclus, Montjay, Montmaur, Nossage-et-B\u00e9n\u00e9vent, Orpierre, Poligny, Rabou, Sainte-Colombe, Sal\u00e9on, Savournon, Serres, Sigottier, Veynes.<\/p>\n\n\n\n<p><strong>Alpes Maritimes :<\/strong> Cabris<\/p>\n\n\n\n<p><strong>Bouches-du-Rh\u00f4ne :<\/strong> Aix-en-Provence, Allauch, Aubagne, Barbentane, Beaurecueil, Belcod\u00e8ne, Bouc-Bel-Air, Cabri\u00e8s, Cadolive, Carnoux-enProvence, Charleval, Ch\u00e2teauneuf-le-Rouge, Ch\u00e2teauneuf-les-Martigues, Ch\u00e2teaurenard, Cornillon-Confoux, Coudoux, \u00c9guilles, Eygali\u00e8res, Fontvieille, Fuveau, Gardanne, Grans, Graveson, Gr\u00e9asque, La Bouilladisse, La Fare-les-Oliviers, La Penne-sur-Huveaune, Lamanon, Lambesc, Lan\u00e7on-Provence, Le Rove, Le Tholonet, Les Baux-de-Provence, Les Pennes-Mirabeau, Mas-Blanc-des-Alpilles, Maussane-les-Alpilles, Meyreuil, Mimet, Miramas, Mouri\u00e8s, Noves, Paradou, Peynier, Peypin, Plan-de-Cuques, Port-de-Bouc, Rognac, Rognes, Saint-Cannat, Saint-Chamas, Saint-\u00c9tienne-du-Gr\u00e8s, Saint-Marc-Jaumegarde, Saint-Martin-de-Crau, Saint-Mitre-les-Remparts, Saint-R\u00e9my-de-Provence, Saint-Savournin, Saint-Victoret, Sept\u00e8mes-les-Vallons, Simiane-Collongue, Velaux, Venelles, Vern\u00e8gues, Vitrolles.<\/p>\n\n\n\n<p><strong>Var :<\/strong> Aups, Barg\u00e8me, Brignoles, Brue-Auriac, Cabasse, Forcalqueiret, Fox-Amphoux, La Garde, Montferrat, Ollioules, Salernes, Sillans-la-Cascade, Tavernes, Varages.<\/p>\n\n\n\n<p><strong>Vaucluse :<\/strong> Althen-des-Paluds, Apt, Aubignan, Auribeau, Avignon, Beaumes-de-Venise, Beaumettes, B\u00e9darrides, Buoux, Cabri\u00e8res-d&rsquo;Avignon, Caromb, Carpentras, Caseneuve, Castellet, Caumont-sur- Durance, Cavaillon, Gargas, Gignac, Gordes, Goult, Joucas, Lacoste, Lagarde-d&rsquo;Apt, Le Thor, Lioux, M\u00e9thamis, Monieux, Monteux, Mori\u00e8res-l\u00e8s-Avignon, Murs, Orange, Richerences, Roussillon, Rustrel, Saignon, Saint-Christol, Saint-Martin-de-Castillon, Saint-Pantal\u00e9on, Saint-Saturnin-l\u00e8s-Apt, Sarrians, Sivergues, Sorgues, Ved\u00e8ne, Velleron, Viens, Villars.<\/p>\n\n\n\n<h3 class=\"wp-block-heading\" id=\"region-auvergne-rhone-alpes\">R\u00e9gion Auvergne-Rh\u00f4ne-Alpes<\/h3>\n\n\n\n<p><strong>Ard\u00e8che :<\/strong> Aubenas, Chambonas, Colombier-le-Cardinal, Labatie-d&rsquo;Andaure, Les Salelles.<\/p>\n\n\n\n<p><strong>Dr\u00f4me :<\/strong> Alixan, Anc\u00f4ne, Bellegarde-en-Diois, Charens, Jonch\u00e8res, Miscon, Rottier, Marches, Valence.<\/p>\n\n\n\n<p><strong>Is\u00e8re :<\/strong> Aoste, La Garde, Montferrat, Varces-Alli\u00e8res-et-Risset.<\/p>\n\n\n\n<h3 class=\"wp-block-heading\" id=\"region-occitanie\">R\u00e9gion Occitanie<\/h3>\n\n\n\n<p><strong>Ari\u00e8ge : <\/strong>Le Vernet<\/p>\n\n\n\n<p><strong>Aude :<\/strong> Armissan, Bages, Carcassonne, Castelnaudary, Moussan, Saint-Marcel-sur-Aude, Salles-d&rsquo;Aude, Vinassan.<\/p>\n\n\n\n<p><strong>Aveyron : <\/strong>Roquefort-sur-Soulzon<\/p>\n\n\n\n<p><strong>Gard : <\/strong>Aigaliers, Al\u00e8s, All\u00e8gre-les-Fumades, Aubussargues, Bagnols-sur-C\u00e8ze, Baron, Belv\u00e9zet, Bess\u00e8ges, Blauzac, Boissi\u00e8res, Bordezac, Boucoiran-et-Nozi\u00e8res, Bouquet, Bragassargues, Brouzet-l\u00e8s-Al\u00e8s, Calvisson, Cassagnoles, Caveirac, Cendras, Clarensac, Collorgues, Combas, Cong\u00e9nies, Connaux, Corb\u00e8s, Cornillon, Crespian, Euzet, Flaux, Fons, Gaujac, Goudargues, La Bastide-d&rsquo;Engras, La Brugui\u00e8re, La Capelle-et-Masmol\u00e8ne, La Grand-Combe, La Roque-sur-C\u00e8ze, La Vernar\u00e8de, Langlade, Le Martinet, Le Pin, Les Salles-du-Gardon, Lirac, Maru\u00e9jols-l\u00e8s-Gardon, M\u00e9jannes-le-Clap, Meyrannes, Moli\u00e8res-sur-C\u00e8ze, Moul\u00e9zan, Nages-et-Solorgues, Navacelles, Ners, Orthoux-S\u00e9rignac-Quilhan, Peyremale, Portes, Poteli\u00e8res, Pougnadoresse, Pouzilhac, Ribaute-les-Tavernes, Rivi\u00e8res, Rochefort-du-Gard, Rochegude, Sabran, Saint-Andr\u00e9-d&rsquo;Ol\u00e9rargues, Saint-C\u00f4me-et- Maru\u00e9jols, Saint-Dionisy, Saint-Florent-sur-Auzonnet, Saint-Jean-du-Pin, Saint-Just-et-Vacqui\u00e8res, Saint- Laurent-la-Vern\u00e8de, Saint-Pons-la-Calm, Saint-Privat-de-Champclos, Saint-Quentin-la-Poterie, Saint-S\u00e9bastien-d&rsquo;Aigrefeuille, Saint-Siff ret, Saint-Victor-la-Coste, Sanilhac-Sagri\u00e8s, Sauzet, Saze, Serviers-et-Labaume, Seynes, Tharaux, Th\u00e9ziers, Valligui\u00e8res, Verfeuil.<\/p>\n\n\n\n<p><strong>H\u00e9rault : <\/strong>Autignac, Bassan, B\u00e9ziers, Boujan-sur-Libron, Bouzigues, Causses-et-Veyran, Caux, Cazedarnes, Cazouls-l\u00e8s-B\u00e9ziers, C\u00e9bazan, Corneilhan, Creissan, Fouzilhon, Fozi\u00e8res, Frontignan, Gabian, Laurens, Lieuran-l\u00e8s-B\u00e9ziers, Lignan-sur-Orb, Maraussan, Montblanc, Murviel-l\u00e8s-B\u00e9ziers, Nissan-lez-Enserune, P\u00e9zenas, Puisserguier, Quarante, Roujan, Saint-Christol\/Entre-Vignes, Saint-Thib\u00e9ry Servian, Tourbes, Valergues.<\/p>\n\n\n\n<p><strong>Loz\u00e8re :<\/strong> Atlier, Badaroux, Cubi\u00e9rettes, Cultures, Saint-Andr\u00e9-de-Lancize, Sainte-H\u00e9l\u00e8ne, Saint-Hilaire-de-Lavit, Saint-Michel-de-D\u00e8ze, Saint-Privat-de-Vallongue, Saint-Saturnin, Ventalon en C\u00e9vennes, Villefort.<\/p>\n\n\n\n<p><strong>Pyr\u00e9n\u00e9es-Orientales : <\/strong>Bages<\/p>\n\n\n\n<div style=\"height:41px\" aria-hidden=\"true\" class=\"wp-block-spacer\"><\/div>\n<\/div>\n\n\n\n<div class=\"wp-block-group has-border-color has-background is-layout-flow wp-container-core-group-is-layout-fe3f4ace wp-block-group-is-layout-flow\" style=\"border-color:#246a04;border-width:5px;border-radius:10px;background-color:#f2fbf1;margin-top:0;margin-bottom:0;padding-top:var(--wp--preset--spacing--20);padding-right:var(--wp--preset--spacing--20);padding-bottom:var(--wp--preset--spacing--20);padding-left:var(--wp--preset--spacing--20)\">\n<div class=\"wp-block-columns is-layout-flex wp-container-core-columns-is-layout-28f84493 wp-block-columns-is-layout-flex\">\n<div class=\"wp-block-column is-layout-flow wp-block-column-is-layout-flow\" style=\"flex-basis:30%\">\n<figure class=\"wp-block-image size-full is-resized\"><img loading=\"lazy\" decoding=\"async\" width=\"800\" height=\"450\" src=\"https:\/\/sosforetfrance.org\/wp-content\/uploads\/2024\/06\/logo-16-9.png\" alt=\"\" class=\"wp-image-7318\" style=\"width:213px;height:auto\" srcset=\"https:\/\/sosforetfrance.org\/wp-content\/uploads\/2024\/06\/logo-16-9.png 800w, https:\/\/sosforetfrance.org\/wp-content\/uploads\/2024\/06\/logo-16-9-300x169.png 300w, https:\/\/sosforetfrance.org\/wp-content\/uploads\/2024\/06\/logo-16-9-768x432.png 768w\" sizes=\"auto, (max-width: 800px) 100vw, 800px\" \/><\/figure>\n<\/div>\n\n\n\n<div class=\"wp-block-column is-layout-flow wp-block-column-is-layout-flow\" style=\"flex-basis:80%\">\n<h3 class=\"wp-block-heading has-text-color has-link-color wp-elements-b8b227344429af40be8a0e7c98e1f6b7\" id=\"le-bois-energie-et-la-surexploitation-des-forets-dans-les-16-propositions-de-sos-foret-france\" style=\"color:#246a04\"><strong>LE BOIS \u00c9NERGIE ET LA SUREXPLOITATION <br>DES FOR\u00caTS DANS <a href=\"https:\/\/sosforetfrance.org\/index.php\/nos-16-propositions\/\" target=\"_blank\" rel=\"noreferrer noopener\">LES&nbsp;16&nbsp;PROPOSITIONS<\/a><\/strong> DE SOS FOR\u00caT FRANCE<\/h3>\n<\/div>\n<\/div>\n\n\n\n<div class=\"wp-block-uagb-icon-list uagb-block-a9d45580\"><div class=\"uagb-icon-list__wrap\">\n<div class=\"wp-block-uagb-icon-list-child uagb-block-f7b37109\"><span class=\"uagb-icon-list__source-wrap\"><svg xmlns=\"https:\/\/www.w3.org\/2000\/svg\" viewBox=\"0 0 512 512\"><path d=\"M512 256c0-141.4-114.6-256-256-256S0 114.6 0 256c0 141.4 114.6 256 256 256S512 397.4 512 256zM265.9 382.8C259.9 380.3 256 374.5 256 368v-64H160c-17.67 0-32-14.33-32-32v-32c0-17.67 14.33-32 32-32h96v-64c0-6.469 3.891-12.31 9.875-14.78c5.984-2.484 12.86-1.109 17.44 3.469l112 112c6.248 6.248 6.248 16.38 0 22.62l-112 112C278.7 383.9 271.9 385.3 265.9 382.8z\"><\/path><\/svg><\/span><span class=\"uagb-icon-list__label\"><strong>SOS For\u00eat s&rsquo;oppose \u00e0 \u00ab\u00a0une politique \u00e9nerg\u00e9tique europ\u00e9enne misant sur le tout bois \u00e9nergie, facteur d\u2019aggravation des crises \u00e9cologiques, et qui condamne par avance toute possibilit\u00e9 de gestion foresti\u00e8re durable\u00a0\u00bb. (Pr\u00e9ambule)<\/strong><\/span><\/div>\n\n\n\n<div class=\"wp-block-uagb-icon-list-child uagb-block-959177ac\"><span class=\"uagb-icon-list__source-wrap\"><svg xmlns=\"https:\/\/www.w3.org\/2000\/svg\" viewBox=\"0 0 512 512\"><path d=\"M512 256c0-141.4-114.6-256-256-256S0 114.6 0 256c0 141.4 114.6 256 256 256S512 397.4 512 256zM265.9 382.8C259.9 380.3 256 374.5 256 368v-64H160c-17.67 0-32-14.33-32-32v-32c0-17.67 14.33-32 32-32h96v-64c0-6.469 3.891-12.31 9.875-14.78c5.984-2.484 12.86-1.109 17.44 3.469l112 112c6.248 6.248 6.248 16.38 0 22.62l-112 112C278.7 383.9 271.9 385.3 265.9 382.8z\"><\/path><\/svg><\/span><span class=\"uagb-icon-list__label\"><strong>\u00ab\u00a0La politique de s\u00e9paration des fonctions dans l\u2019espace, l\u2019intensification de la production partout avec surexploitation locale (d\u00e9capitalisation, pr\u00e9l\u00e8vement sup\u00e9rieur \u00e0 l\u2019accroissement) et l\u2019extraction des souches et r\u00e9manents de coupes doivent \u00eatre suspendus d\u2019urgence, et \u00e9valu\u00e9s sur les plans \u00e9cologique, \u00e9conomique, social, mais aussi juridique, vis-\u00e0-vis du <em>Code forestier<\/em> et du <em>Code de l\u2019Environnement<\/em> (dont les Directives Oiseaux et Habitats d\u00e9finissant le r\u00e9seau europ\u00e9en Natura 2000).\u00a0\u00bb (Proposition 2)<\/strong><\/span><\/div>\n\n\n\n<div class=\"wp-block-uagb-icon-list-child uagb-block-848e0ffa\"><span class=\"uagb-icon-list__source-wrap\"><svg xmlns=\"https:\/\/www.w3.org\/2000\/svg\" viewBox=\"0 0 512 512\"><path d=\"M512 256c0-141.4-114.6-256-256-256S0 114.6 0 256c0 141.4 114.6 256 256 256S512 397.4 512 256zM265.9 382.8C259.9 380.3 256 374.5 256 368v-64H160c-17.67 0-32-14.33-32-32v-32c0-17.67 14.33-32 32-32h96v-64c0-6.469 3.891-12.31 9.875-14.78c5.984-2.484 12.86-1.109 17.44 3.469l112 112c6.248 6.248 6.248 16.38 0 22.62l-112 112C278.7 383.9 271.9 385.3 265.9 382.8z\"><\/path><\/svg><\/span><span class=\"uagb-icon-list__label\">\u00ab\u00a0<strong>L\u2019isolation des b\u00e2timents et les \u00e9conomies d\u2019\u00e9nergie dans tous les domaines doivent \u00eatre la priorit\u00e9 de la politique \u00e9nerg\u00e9tique. Les politiques publiques doivent conditionner leurs aides financi\u00e8res dans le domaine \u00e9nerg\u00e9tique \u00e0 la ma\u00eetrise pr\u00e9alable de la consommation d\u2019\u00e9nergie. Tout projet industriel, en particulier bois-\u00e9nergie, doit \u00eatre disqualifi\u00e9 s\u2019il est sans rapport avec la ressource foresti\u00e8re d\u2019un territoire et n\u2019assure pas un bilan \u00e9cologique et \u00e9nerg\u00e9tique optimal, et n\u2019est pas aliment\u00e9 pr\u00e9f\u00e9rentiellement en produits connexes de scieries. Une relocalisation dans les territoires et le d\u00e9veloppement de petites unit\u00e9s de production d\u2019\u00e9nergie en co-g\u00e9n\u00e9ration proches de la ressource est l\u2019alternative principale \u00e0 promouvoir.\u00a0\u00bb (proposition 10).<\/strong><\/span><\/div>\n<\/div><\/div>\n<\/div>\n","protected":false},"excerpt":{"rendered":"<p>Au m\u00e9pris de la d\u00e9cision de Justice qui avait donn\u00e9 raison aux opposants \u00e0 la centrale \u00e9lectrique de Gardanne (voir notre article ici), le gouvernement a permis en janvier dernier [&hellip;]<\/p>\n","protected":false},"author":15,"featured_media":12548,"comment_status":"closed","ping_status":"closed","sticky":false,"template":"","format":"standard","meta":{"_acf_changed":false,"_gspb_post_css":"","_uag_custom_page_level_css":"","_EventAllDay":false,"_EventTimezone":"","_EventStartDate":"","_EventEndDate":"","_EventStartDateUTC":"","_EventEndDateUTC":"","_EventShowMap":false,"_EventShowMapLink":false,"_EventURL":"","_EventCost":"","_EventCostDescription":"","_EventCurrencySymbol":"","_EventCurrencyCode":"","_EventCurrencyPosition":"","_EventDateTimeSeparator":"","_EventTimeRangeSeparator":"","_EventOrganizerID":[],"_EventVenueID":[],"_OrganizerEmail":"","_OrganizerPhone":"","_OrganizerWebsite":"","_VenueAddress":"","_VenueCity":"","_VenueCountry":"","_VenueProvince":"","_VenueState":"","_VenueZip":"","_VenuePhone":"","_VenueURL":"","_VenueStateProvince":"","_VenueLat":"","_VenueLng":"","_VenueShowMap":false,"_VenueShowMapLink":false,"footnotes":""},"categories":[211,279,248],"tags":[101,280,190,282],"class_list":["post-12522","post","type-post","status-publish","format-standard","has-post-thumbnail","hentry","category-actions","category-actions-en-ligne","category-entete","tag-bois-energie","tag-enquete-publique","tag-gardanne","tag-paca"],"mb":[],"acf":[],"uagb_featured_image_src":{"full":["https:\/\/sosforetfrance.org\/wp-content\/uploads\/2025\/04\/gardanne-vue-aerienne.jpg",1599,900,false],"thumbnail":["https:\/\/sosforetfrance.org\/wp-content\/uploads\/2025\/04\/gardanne-vue-aerienne-150x150.jpg",150,150,true],"medium":["https:\/\/sosforetfrance.org\/wp-content\/uploads\/2025\/04\/gardanne-vue-aerienne-300x169.jpg",300,169,true],"medium_large":["https:\/\/sosforetfrance.org\/wp-content\/uploads\/2025\/04\/gardanne-vue-aerienne-768x432.jpg",768,432,true],"large":["https:\/\/sosforetfrance.org\/wp-content\/uploads\/2025\/04\/gardanne-vue-aerienne-1024x576.jpg",1024,576,true],"1536x1536":["https:\/\/sosforetfrance.org\/wp-content\/uploads\/2025\/04\/gardanne-vue-aerienne-1536x865.jpg",1536,865,true],"2048x2048":["https:\/\/sosforetfrance.org\/wp-content\/uploads\/2025\/04\/gardanne-vue-aerienne.jpg",1599,900,false],"mailpoet_newsletter_max":["https:\/\/sosforetfrance.org\/wp-content\/uploads\/2025\/04\/gardanne-vue-aerienne-1320x743.jpg",1320,743,true]},"uagb_author_info":{"display_name":"SOS Foret France","author_link":"https:\/\/sosforetfrance.org\/author\/sos-foret-france\/"},"uagb_comment_info":0,"uagb_excerpt":"Au m\u00e9pris de la d\u00e9cision de Justice qui avait donn\u00e9 raison aux opposants \u00e0 la centrale \u00e9lectrique de Gardanne (voir notre article ici), le gouvernement a permis en janvier dernier [&hellip;]","mfb_rest_fields":["title","uagb_featured_image_src","uagb_author_info","uagb_comment_info","uagb_excerpt"],"_links":{"self":[{"href":"https:\/\/sosforetfrance.org\/index.php\/wp-json\/wp\/v2\/posts\/12522","targetHints":{"allow":["GET"]}}],"collection":[{"href":"https:\/\/sosforetfrance.org\/index.php\/wp-json\/wp\/v2\/posts"}],"about":[{"href":"https:\/\/sosforetfrance.org\/index.php\/wp-json\/wp\/v2\/types\/post"}],"author":[{"embeddable":true,"href":"https:\/\/sosforetfrance.org\/index.php\/wp-json\/wp\/v2\/users\/15"}],"replies":[{"embeddable":true,"href":"https:\/\/sosforetfrance.org\/index.php\/wp-json\/wp\/v2\/comments?post=12522"}],"version-history":[{"count":20,"href":"https:\/\/sosforetfrance.org\/index.php\/wp-json\/wp\/v2\/posts\/12522\/revisions"}],"predecessor-version":[{"id":13064,"href":"https:\/\/sosforetfrance.org\/index.php\/wp-json\/wp\/v2\/posts\/12522\/revisions\/13064"}],"wp:featuredmedia":[{"embeddable":true,"href":"https:\/\/sosforetfrance.org\/index.php\/wp-json\/wp\/v2\/media\/12548"}],"wp:attachment":[{"href":"https:\/\/sosforetfrance.org\/index.php\/wp-json\/wp\/v2\/media?parent=12522"}],"wp:term":[{"taxonomy":"category","embeddable":true,"href":"https:\/\/sosforetfrance.org\/index.php\/wp-json\/wp\/v2\/categories?post=12522"},{"taxonomy":"post_tag","embeddable":true,"href":"https:\/\/sosforetfrance.org\/index.php\/wp-json\/wp\/v2\/tags?post=12522"}],"curies":[{"name":"wp","href":"https:\/\/api.w.org\/{rel}","templated":true}]}}