{"id":1402,"date":"2020-09-20T22:17:08","date_gmt":"2020-09-20T20:17:08","guid":{"rendered":"https:\/\/sosforetfrance.org\/?p=1402"},"modified":"2020-09-28T23:52:25","modified_gmt":"2020-09-28T21:52:25","slug":"contre-les-collectifs-de-sauvegarde-de-la-foret-la-gendarmerie-a-la-rescousse-des-coupes-rases-illegales","status":"publish","type":"post","link":"https:\/\/sosforetfrance.org\/index.php\/2020\/09\/20\/contre-les-collectifs-de-sauvegarde-de-la-foret-la-gendarmerie-a-la-rescousse-des-coupes-rases-illegales\/","title":{"rendered":"Contre les collectifs de sauvegarde de la for\u00eat, la gendarmerie \u00e0 la rescousse des coupes rases ill\u00e9gales !"},"content":{"rendered":"\n<p>Fa\u00eetes et Racines, une association proche du RAF (R\u00e9seau pour les alternatives foresti\u00e8res), vient de rater la sauvegarde d&rsquo;une for\u00eat riche en biodiversit\u00e9 \u00e0 cause de l&rsquo;intervention&#8230; de la gendarmerie !<\/p>\n\n\n\n<p><a href=\"https:\/\/www.bastamag.net\/foret-coupe-rase-action-de-preservation-ecologie-services-de-renseignement-gendarmerie\" target=\"_blank\" rel=\"noreferrer noopener\"><em><strong>Un article \u00e9difiant du m\u00e9dia ind\u00e9pendant \u00ab\u00a0Basta\u00a0\u00bb \u00e0 lire en ligne.<\/strong><\/em><\/a><\/p>\n","protected":false},"excerpt":{"rendered":"<p>Fa\u00eetes et Racines, une association proche du RAF (R\u00e9seau pour les alternatives foresti\u00e8res), vient de rater la sauvegarde d&rsquo;une for\u00eat riche en biodiversit\u00e9 \u00e0 cause de l&rsquo;intervention&#8230; de la gendarmerie [&hellip;]<\/p>\n","protected":false},"author":1,"featured_media":1408,"comment_status":"closed","ping_status":"closed","sticky":false,"template":"","format":"standard","meta":{"_acf_changed":false,"_gspb_post_css":"","_uag_custom_page_level_css":"","_EventAllDay":false,"_EventTimezone":"","_EventStartDate":"","_EventEndDate":"","_EventStartDateUTC":"","_EventEndDateUTC":"","_EventShowMap":false,"_EventShowMapLink":false,"_EventURL":"","_EventCost":"","_EventCostDescription":"","_EventCurrencySymbol":"","_EventCurrencyCode":"","_EventCurrencyPosition":"","_EventDateTimeSeparator":"","_EventTimeRangeSeparator":"","_EventOrganizerID":[],"_EventVenueID":[],"_OrganizerEmail":"","_OrganizerPhone":"","_OrganizerWebsite":"","_VenueAddress":"","_VenueCity":"","_VenueCountry":"","_VenueProvince":"","_VenueState":"","_VenueZip":"","_VenuePhone":"","_VenueURL":"","_VenueStateProvince":"","_VenueLat":"","_VenueLng":"","_VenueShowMap":false,"_VenueShowMapLink":false,"footnotes":""},"categories":[4],"tags":[],"class_list":["post-1402","post","type-post","status-publish","format-standard","has-post-thumbnail","hentry","category-medias"],"mb":[],"acf":[],"uagb_featured_image_src":{"full":["https:\/\/sosforetfrance.org\/wp-content\/uploads\/2020\/09\/Basta.jpg",1546,318,false],"thumbnail":["https:\/\/sosforetfrance.org\/wp-content\/uploads\/2020\/09\/Basta-150x150.jpg",150,150,true],"medium":["https:\/\/sosforetfrance.org\/wp-content\/uploads\/2020\/09\/Basta-300x62.jpg",300,62,true],"medium_large":["https:\/\/sosforetfrance.org\/wp-content\/uploads\/2020\/09\/Basta-768x158.jpg",768,158,true],"large":["https:\/\/sosforetfrance.org\/wp-content\/uploads\/2020\/09\/Basta-1024x211.jpg",1024,211,true],"1536x1536":["https:\/\/sosforetfrance.org\/wp-content\/uploads\/2020\/09\/Basta-1536x316.jpg",1536,316,true],"2048x2048":["https:\/\/sosforetfrance.org\/wp-content\/uploads\/2020\/09\/Basta.jpg",1546,318,false],"mailpoet_newsletter_max":["https:\/\/sosforetfrance.org\/wp-content\/uploads\/2020\/09\/Basta-1320x272.jpg",1320,272,true]},"uagb_author_info":{"display_name":"admin7534","author_link":"https:\/\/sosforetfrance.org\/author\/admin7534\/"},"uagb_comment_info":0,"uagb_excerpt":"Fa\u00eetes et Racines, une association proche du RAF (R\u00e9seau pour les alternatives foresti\u00e8res), vient de rater la sauvegarde d&rsquo;une for\u00eat riche en biodiversit\u00e9 \u00e0 cause de l&rsquo;intervention&#8230; de la gendarmerie [&hellip;]","mfb_rest_fields":["title","uagb_featured_image_src","uagb_author_info","uagb_comment_info","uagb_excerpt"],"_links":{"self":[{"href":"https:\/\/sosforetfrance.org\/index.php\/wp-json\/wp\/v2\/posts\/1402","targetHints":{"allow":["GET"]}}],"collection":[{"href":"https:\/\/sosforetfrance.org\/index.php\/wp-json\/wp\/v2\/posts"}],"about":[{"href":"https:\/\/sosforetfrance.org\/index.php\/wp-json\/wp\/v2\/types\/post"}],"author":[{"embeddable":true,"href":"https:\/\/sosforetfrance.org\/index.php\/wp-json\/wp\/v2\/users\/1"}],"replies":[{"embeddable":true,"href":"https:\/\/sosforetfrance.org\/index.php\/wp-json\/wp\/v2\/comments?post=1402"}],"version-history":[{"count":0,"href":"https:\/\/sosforetfrance.org\/index.php\/wp-json\/wp\/v2\/posts\/1402\/revisions"}],"wp:featuredmedia":[{"embeddable":true,"href":"https:\/\/sosforetfrance.org\/index.php\/wp-json\/wp\/v2\/media\/1408"}],"wp:attachment":[{"href":"https:\/\/sosforetfrance.org\/index.php\/wp-json\/wp\/v2\/media?parent=1402"}],"wp:term":[{"taxonomy":"category","embeddable":true,"href":"https:\/\/sosforetfrance.org\/index.php\/wp-json\/wp\/v2\/categories?post=1402"},{"taxonomy":"post_tag","embeddable":true,"href":"https:\/\/sosforetfrance.org\/index.php\/wp-json\/wp\/v2\/tags?post=1402"}],"curies":[{"name":"wp","href":"https:\/\/api.w.org\/{rel}","templated":true}]}}