{"id":14684,"date":"2025-11-23T20:41:13","date_gmt":"2025-11-23T19:41:13","guid":{"rendered":"https:\/\/sosforetfrance.org\/?p=14684"},"modified":"2026-01-20T12:52:06","modified_gmt":"2026-01-20T11:52:06","slug":"nacre-raffiner-la-biomasse-forestiere-et-agricole-avec-des-ogm","status":"publish","type":"post","link":"https:\/\/sosforetfrance.org\/index.php\/2025\/11\/23\/nacre-raffiner-la-biomasse-forestiere-et-agricole-avec-des-ogm\/","title":{"rendered":"Nacre :  raffiner la biomasse foresti\u00e8re et agricole avec des OGM ??"},"content":{"rendered":"\n<p id=\"gspb_text-id-gsbp-4830f31\" class=\"gspb_text gspb_text-id-gsbp-4830f31 \"><strong>Une raffinerie utilisant des organismes OGM pour fabriquer des carburants \u00e0 partir de biomasse foresti\u00e8re pourrait s&rsquo;installer sur le site industriel de Lacq, connu pour avoir exploit\u00e9 jusqu&rsquo;\u00e0 son \u00e9puisement dans les ann\u00e9es 2010 le plus gros gisement de gaz de France.<\/strong> <strong>SOS For\u00eat alerte et invite \u00e0 r\u00e9pondre massivement \u00e0 l&rsquo;enqu\u00eate publique.<\/strong><\/p>\n\n\n\n<p>Une enqu\u00eate publique a \u00e9t\u00e9 lanc\u00e9e le 21 novembre 2025 sur le site de la pr\u00e9fecture des Pyr\u00e9n\u00e9es Atlantiques afin de recueillir les avis du public sur l&rsquo;autorisation environnementale pour la construction de l&rsquo;usine par la soci\u00e9t\u00e9 Nacre, dont le si\u00e8ge est situ\u00e9 \u00e0 Pau (Pyr\u00e9n\u00e9es-Atlantiques). Le carburant serait produit \u00e0 partir de biomasse foresti\u00e8re et agricole \u00ab\u00a0raffin\u00e9e\u00a0\u00bb gr\u00e2ce aux r\u00e9sultats du programme de recherche Futurol.<\/p>\n\n\n\n<p>L&rsquo;objectif affich\u00e9 est de produire 30&nbsp;000 tonnes d&rsquo;\u00e9thanol deuxi\u00e8me g\u00e9n\u00e9ration, biocarburant pour le transport, plus du biom\u00e9thane et de la lignine. Ce carburant serait obtenu par raffinage de 120 \u00e0 150&nbsp;000&nbsp;tonnes de biomasse (55&nbsp;Kt de bois issus du massif landais ainsi que 70&nbsp;Kt de bambous cultiv\u00e9s sur 1000&nbsp;ha et de mescanthus sur 1500&nbsp;ha).<\/p>\n\n\n\n<p>L&rsquo;enqu\u00eate publique devra permettre de savoir si ces organismes g\u00e9n\u00e9tiquement modifi\u00e9s seront, ou non, utilis\u00e9s par la nouvelle usine du projet Nacre de Lacq et, si oui, quelles seront les pr\u00e9cautions et garanties prises pour en ma\u00eetriser les risques. <\/p>\n\n\n\n<p>L&rsquo;usine nouvelle de Lacq mobiliserait les brevets d\u00e9pos\u00e9s \u00e0 l&rsquo;issue du vaste programme de recherche Futurol. Ce programme de 76,4 millions d&rsquo;euros a b\u00e9n\u00e9fici\u00e9 de 29,9 millions de financement public de BPI France. Ces nouvelles technologies, mobilis\u00e9es pour d\u00e9velopper ce que certains appellent la \u00ab\u00a0chimie verte\u00a0\u00bb, permettraient d&rsquo;am\u00e9liorer techniquement et \u00e9conomiquement la d\u00e9gradation de la biomasse. Des champignons OGM seraient tr\u00e8s performant pour d\u00e9grader la lignine du bois et des levures OGM acc\u00e9l\u00e8reraient la fermentation du sucre contenu dans la biomasse.<\/p>\n\n\n\n<p class=\"has-text-color has-link-color wp-elements-9036a61332a4fba973337fdf01e85e49\" style=\"color:#164617\"><strong>SOS For\u00eat \u00e9met d\u00e8s \u00e0 pr\u00e9sent les plus vives r\u00e9serves sur l&rsquo;utilisation d&rsquo;OGM pour d\u00e9grader la biomasse foresti\u00e8re et vous invite \u00e0 r\u00e9pondre \u00e0 l&rsquo;enqu\u00eate publique<\/strong> <strong>qui se cl\u00f4turera le 22 d\u00e9cembre<\/strong>.<\/p>\n\n\n\n<p>Vous pouvez consulter le dossier <a href=\"https:\/\/www.pyrenees-atlantiques.gouv.fr\/Actions-de-l-Etat\/Amenagement-du-territoire-planification-et-urbanisme-construction\/Enquetes-publiques\/En-cours\/NACRE-autorisation-environnementale-pour-construction-d-une-bioraffinerie-lignocellulosique-a-Lacq\" target=\"_blank\" rel=\"noreferrer noopener\">en suivant ce lien<\/a> et transmettre vos observations pour l&rsquo;enqu\u00eate publique\u00a0:<\/p>\n\n\n\n<ul class=\"wp-block-list\">\n<li>par courriel \u00e0  pref-amenagement@pyrenees-atlantiques.gouv.fr en pr\u00e9cisant l\u2019objet \u00ab&nbsp;EP Nacre&nbsp;\u00bb ;<\/li>\n\n\n\n<li>en d\u00e9posant vos observations sur le registre d\u2019enqu\u00eate directement \u00e0 la mairie de Lacq ;<\/li>\n\n\n\n<li>par courrier postal \u00e0 l\u2019attention du commissaire enqu\u00eateur \u00e0 la mairie de Lacq : 27 route d\u00e9partementale 817 64170 Lacq.<\/li>\n<\/ul>\n\n\n\n<div class=\"wp-block-greenshift-blocks-container gspb_container gspb_container-gsbp-462a1c7\" id=\"gspb_container-id-gsbp-462a1c7\">\n<h2 class=\"wp-block-heading has-text-color has-link-color wp-elements-3a0135eab3b5ccbcefd0f80f500308ec\" id=\"pour-en-savoir-plus\" style=\"color:#164617\">Pour en savoir plus&#8230;<\/h2>\n\n\n\n<ul class=\"wp-block-list\">\n<li class=\"has-text-color has-link-color wp-elements-98ae65e3f199c102603a4409f1fbf719\" style=\"color:#164617\">N&rsquo;h\u00e9sitez pas \u00e0 contacter For\u00eat Vivantes Pyr\u00e9n\u00e9es, organisation membre de SOS For\u00eat France qui r\u00e9unit 71 associations de d\u00e9fense de la for\u00eat dans les Pyr\u00e9n\u00e9es.<\/li>\n\n\n\n<li class=\"has-text-color has-link-color wp-elements-c3ec4d40d3c7440af71f9331a4c8b463\" style=\"color:#164617\">Consultez l&rsquo;article de SOS For\u00eat sur les projets de carburants pour l&rsquo;aviation :<\/li>\n<\/ul>\n\n\n\n<figure class=\"wp-block-embed is-type-wp-embed is-provider-sos-for-t-france wp-block-embed-sos-for-t-france\" style=\"margin-top:var(--wp--preset--spacing--30);margin-right:0;margin-bottom:var(--wp--preset--spacing--30);margin-left:0\"><div class=\"wp-block-embed__wrapper\">\n<blockquote class=\"wp-embedded-content\" data-secret=\"xvxqMxsEGJ\"><a href=\"https:\/\/sosforetfrance.org\/index.php\/2025\/02\/06\/produire-du-kerosene-a-partir-de-la-biomasse-forestiere-ne-decarbonera-pas-le-transport-aerien\/\">Produire du k\u00e9ros\u00e8ne \u00e0 partir de la biomasse foresti\u00e8re ne d\u00e9carbonera pas le transport a\u00e9rien<\/a><\/blockquote><iframe loading=\"lazy\" class=\"wp-embedded-content\" sandbox=\"allow-scripts\" security=\"restricted\" style=\"position: absolute; visibility: hidden;\" title=\"\u00ab\u00a0Produire du k\u00e9ros\u00e8ne \u00e0 partir de la biomasse foresti\u00e8re ne d\u00e9carbonera pas le transport a\u00e9rien\u00a0\u00bb &#8212; SOS for\u00eat France\" src=\"https:\/\/sosforetfrance.org\/index.php\/2025\/02\/06\/produire-du-kerosene-a-partir-de-la-biomasse-forestiere-ne-decarbonera-pas-le-transport-aerien\/embed\/#?secret=xxSLEEmVQj#?secret=xvxqMxsEGJ\" data-secret=\"xvxqMxsEGJ\" width=\"500\" height=\"282\" frameborder=\"0\" marginwidth=\"0\" marginheight=\"0\" scrolling=\"no\"><\/iframe>\n<\/div><\/figure>\n<\/div>\n","protected":false},"excerpt":{"rendered":"<p>Alerte ! Une raffinerie utilisant des organismes OGM pour fabriquer des carburants \u00e0 partir de biomasse foresti\u00e8re pourrait s&rsquo;installer sur le site industriel de Lacq. SOS For\u00eat invite \u00e0 r\u00e9pondre massivement \u00e0 l&rsquo;enqu\u00eate publique.<\/p>\n","protected":false},"author":32,"featured_media":14815,"comment_status":"closed","ping_status":"closed","sticky":false,"template":"","format":"standard","meta":{"_acf_changed":false,"_gspb_post_css":".gspb_container-id-gsbp-462a1c7{flex-direction:column;box-sizing:border-box}#gspb_container-id-gsbp-462a1c7.gspb_container>p:last-of-type{margin-bottom:0}#gspb_container-id-gsbp-462a1c7.gspb_container{position:relative;padding-right:15px;padding-bottom:15px;padding-left:15px;border-style:solid;border-width:5px;border-color:#164617}#gspb_container-id-gsbp-462a1c7.gspb_container,#gspb_container-id-gsbp-462a1c7.gspb_container>.gspb_backgroundOverlay{border-top-left-radius:18px;border-top-right-radius:18px;border-bottom-right-radius:18px;border-bottom-left-radius:18px}","_uag_custom_page_level_css":"","_EventAllDay":false,"_EventTimezone":"","_EventStartDate":"","_EventEndDate":"","_EventStartDateUTC":"","_EventEndDateUTC":"","_EventShowMap":false,"_EventShowMapLink":false,"_EventURL":"","_EventCost":"","_EventCostDescription":"","_EventCurrencySymbol":"","_EventCurrencyCode":"","_EventCurrencyPosition":"","_EventDateTimeSeparator":"","_EventTimeRangeSeparator":"","_EventOrganizerID":[],"_EventVenueID":[],"_OrganizerEmail":"","_OrganizerPhone":"","_OrganizerWebsite":"","_VenueAddress":"","_VenueCity":"","_VenueCountry":"","_VenueProvince":"","_VenueState":"","_VenueZip":"","_VenuePhone":"","_VenueURL":"","_VenueStateProvince":"","_VenueLat":"","_VenueLng":"","_VenueShowMap":false,"_VenueShowMapLink":false,"footnotes":""},"categories":[211,279,144,99],"tags":[107,101,295,273,294],"class_list":["post-14684","post","type-post","status-publish","format-standard","has-post-thumbnail","hentry","category-actions","category-actions-en-ligne","category-actus","category-communiques","tag-biomasse","tag-bois-energie","tag-futurol","tag-lacq","tag-ogm"],"mb":[],"acf":[],"uagb_featured_image_src":{"full":["https:\/\/sosforetfrance.org\/wp-content\/uploads\/2025\/11\/ombre-pompe-a-essence-OGM-sur-coupe-rase-scaled.webp",2560,1442,false],"thumbnail":["https:\/\/sosforetfrance.org\/wp-content\/uploads\/2025\/11\/ombre-pompe-a-essence-OGM-sur-coupe-rase-150x150.webp",150,150,true],"medium":["https:\/\/sosforetfrance.org\/wp-content\/uploads\/2025\/11\/ombre-pompe-a-essence-OGM-sur-coupe-rase-300x169.webp",300,169,true],"medium_large":["https:\/\/sosforetfrance.org\/wp-content\/uploads\/2025\/11\/ombre-pompe-a-essence-OGM-sur-coupe-rase-768x432.webp",768,432,true],"large":["https:\/\/sosforetfrance.org\/wp-content\/uploads\/2025\/11\/ombre-pompe-a-essence-OGM-sur-coupe-rase-1024x577.webp",1024,577,true],"1536x1536":["https:\/\/sosforetfrance.org\/wp-content\/uploads\/2025\/11\/ombre-pompe-a-essence-OGM-sur-coupe-rase-1536x865.webp",1536,865,true],"2048x2048":["https:\/\/sosforetfrance.org\/wp-content\/uploads\/2025\/11\/ombre-pompe-a-essence-OGM-sur-coupe-rase-2048x1153.webp",2048,1153,true],"mailpoet_newsletter_max":["https:\/\/sosforetfrance.org\/wp-content\/uploads\/2025\/11\/ombre-pompe-a-essence-OGM-sur-coupe-rase-1320x743.webp",1320,743,true]},"uagb_author_info":{"display_name":"For\u00eats Vivantes Pyr\u00e9n\u00e9es","author_link":"https:\/\/sosforetfrance.org\/author\/fvp\/"},"uagb_comment_info":0,"uagb_excerpt":"Alerte ! Une raffinerie utilisant des organismes OGM pour fabriquer des carburants \u00e0 partir de biomasse foresti\u00e8re pourrait s'installer sur le site industriel de Lacq. SOS For\u00eat invite \u00e0 r\u00e9pondre massivement \u00e0 l'enqu\u00eate publique.","mfb_rest_fields":["title","uagb_featured_image_src","uagb_author_info","uagb_comment_info","uagb_excerpt"],"_links":{"self":[{"href":"https:\/\/sosforetfrance.org\/index.php\/wp-json\/wp\/v2\/posts\/14684","targetHints":{"allow":["GET"]}}],"collection":[{"href":"https:\/\/sosforetfrance.org\/index.php\/wp-json\/wp\/v2\/posts"}],"about":[{"href":"https:\/\/sosforetfrance.org\/index.php\/wp-json\/wp\/v2\/types\/post"}],"author":[{"embeddable":true,"href":"https:\/\/sosforetfrance.org\/index.php\/wp-json\/wp\/v2\/users\/32"}],"replies":[{"embeddable":true,"href":"https:\/\/sosforetfrance.org\/index.php\/wp-json\/wp\/v2\/comments?post=14684"}],"version-history":[{"count":17,"href":"https:\/\/sosforetfrance.org\/index.php\/wp-json\/wp\/v2\/posts\/14684\/revisions"}],"predecessor-version":[{"id":15253,"href":"https:\/\/sosforetfrance.org\/index.php\/wp-json\/wp\/v2\/posts\/14684\/revisions\/15253"}],"wp:featuredmedia":[{"embeddable":true,"href":"https:\/\/sosforetfrance.org\/index.php\/wp-json\/wp\/v2\/media\/14815"}],"wp:attachment":[{"href":"https:\/\/sosforetfrance.org\/index.php\/wp-json\/wp\/v2\/media?parent=14684"}],"wp:term":[{"taxonomy":"category","embeddable":true,"href":"https:\/\/sosforetfrance.org\/index.php\/wp-json\/wp\/v2\/categories?post=14684"},{"taxonomy":"post_tag","embeddable":true,"href":"https:\/\/sosforetfrance.org\/index.php\/wp-json\/wp\/v2\/tags?post=14684"}],"curies":[{"name":"wp","href":"https:\/\/api.w.org\/{rel}","templated":true}]}}