{"id":15940,"date":"2026-09-04T17:47:44","date_gmt":"2026-09-04T15:47:44","guid":{"rendered":"https:\/\/sosforetfrance.org\/?p=15940"},"modified":"2026-09-04T17:48:45","modified_gmt":"2026-09-04T15:48:45","slug":"un-festival-de-la-foret-et-du-monde-habitable-26-27-septembre-a-nestier","status":"publish","type":"post","link":"https:\/\/sosforetfrance.org\/index.php\/2026\/09\/04\/un-festival-de-la-foret-et-du-monde-habitable-26-27-septembre-a-nestier\/","title":{"rendered":"Un festival de la for\u00eat et du monde habitable &#8211; 26 &amp; 27 septembre \u00e0 Nestier"},"content":{"rendered":"\n<p class=\"wp-block-paragraph\">Touche pas \u00e0 ma for\u00eat &#8211; Pyr\u00e9n\u00e9es organise le week end du 26 septembre un grand rendez-vous pour les for\u00eats et l&rsquo;habitabilit\u00e9 du monde \u00e0 Nestier (65)<\/p>\n\n\n\n<figure class=\"wp-block-image size-large is-resized\"><img loading=\"lazy\" decoding=\"async\" width=\"792\" height=\"1123\" src=\"https:\/\/sosforetfrance.org\/wp-content\/uploads\/2026\/09\/649e03_c322d38e57744c67b1189a73edd19938mv2.png\" alt=\"\" class=\"wp-image-15942\" style=\"aspect-ratio:0.7052500687109459;width:504px;height:auto\" srcset=\"https:\/\/sosforetfrance.org\/wp-content\/uploads\/2026\/09\/649e03_c322d38e57744c67b1189a73edd19938mv2.png 792w, https:\/\/sosforetfrance.org\/wp-content\/uploads\/2026\/09\/649e03_c322d38e57744c67b1189a73edd19938mv2-212x300.png 212w, https:\/\/sosforetfrance.org\/wp-content\/uploads\/2026\/09\/649e03_c322d38e57744c67b1189a73edd19938mv2-722x1024.png 722w, https:\/\/sosforetfrance.org\/wp-content\/uploads\/2026\/09\/649e03_c322d38e57744c67b1189a73edd19938mv2-768x1089.png 768w\" sizes=\"auto, (max-width: 792px) 100vw, 792px\" \/><\/figure>\n\n\n\n<p class=\"wp-block-paragraph\">Au programme, du samedi 26 \u00e0 9h au dimanche 27 \u00e0 17h, un riche ensemble d&rsquo;ateliers, conf\u00e9rences, balades naturalistes, r\u00e9flexions collectives, concerts, spectacle, march\u00e9 bio&#8230; toutes les informations sont \u00e0 retrouver <a href=\"https:\/\/www.touchepasamaforet.org\/about-1-4\" target=\"_blank\" rel=\"noopener\">sur le site internet du collectif<\/a>.<\/p>\n\n\n\n<p class=\"wp-block-paragraph\">Infos pratiques : <br><strong>L\u2019adresse du Festival\u200b\u200b :<\/strong> Centre de vacances CCAS, 2 rue de la placette, 65150 Nestier.<br><strong>Venir en train :<\/strong> Gares les plus proches : Lannemezan (13 km), Gourdan-Polignan (14 km).<br><strong>Venir par la route :<\/strong> Echangeur autoroutier le plus proche en venant de Pau : sortie 16 (Lannemezan), et en venant de Toulouse : sortie 17 (Montr\u00e9jeau).\u200b<\/p>\n","protected":false},"excerpt":{"rendered":"<p>Touche pas \u00e0 ma for\u00eat &#8211; Pyr\u00e9n\u00e9es organise le week end du 26 septembre un grand rendez-vous pour les for\u00eats et l&rsquo;habitabilit\u00e9 du monde \u00e0 Nestier (65) Au programme, du [&hellip;]<\/p>\n","protected":false},"author":33,"featured_media":15941,"comment_status":"closed","ping_status":"closed","sticky":false,"template":"","format":"standard","meta":{"_acf_changed":false,"_gspb_post_css":"","_uag_custom_page_level_css":"","_EventAllDay":false,"_EventTimezone":"","_EventStartDate":"","_EventEndDate":"","_EventStartDateUTC":"","_EventEndDateUTC":"","_EventShowMap":false,"_EventShowMapLink":false,"_EventURL":"","_EventCost":"","_EventCostDescription":"","_EventCurrencySymbol":"","_EventCurrencyCode":"","_EventCurrencyPosition":"","_EventDateTimeSeparator":"","_EventTimeRangeSeparator":"","_EventOrganizerID":[],"_EventVenueID":[],"_OrganizerEmail":"","_OrganizerPhone":"","_OrganizerWebsite":"","_VenueAddress":"","_VenueCity":"","_VenueCountry":"","_VenueProvince":"","_VenueState":"","_VenueZip":"","_VenuePhone":"","_VenueURL":"","_VenueStateProvince":"","_VenueLat":"","_VenueLng":"","_VenueShowMap":false,"_VenueShowMapLink":false,"footnotes":""},"categories":[144],"tags":[296,297],"class_list":["post-15940","post","type-post","status-publish","format-standard","has-post-thumbnail","hentry","category-actus","tag-evenement","tag-foret-vivante"],"mb":[],"acf":[],"uagb_featured_image_src":{"full":["https:\/\/sosforetfrance.org\/wp-content\/uploads\/2026\/09\/649e03_c322d38e57744c67b1189a73edd19938mv2-e1788536793863.avif",792,475,false],"thumbnail":["https:\/\/sosforetfrance.org\/wp-content\/uploads\/2026\/09\/649e03_c322d38e57744c67b1189a73edd19938mv2-e1788536793863-150x150.avif",150,150,true],"medium":["https:\/\/sosforetfrance.org\/wp-content\/uploads\/2026\/09\/649e03_c322d38e57744c67b1189a73edd19938mv2-e1788536793863-300x180.avif",300,180,true],"medium_large":["https:\/\/sosforetfrance.org\/wp-content\/uploads\/2026\/09\/649e03_c322d38e57744c67b1189a73edd19938mv2-e1788536793863-768x461.avif",768,461,true],"large":["https:\/\/sosforetfrance.org\/wp-content\/uploads\/2026\/09\/649e03_c322d38e57744c67b1189a73edd19938mv2-722x1024.jpg",722,1024,true],"1536x1536":["https:\/\/sosforetfrance.org\/wp-content\/uploads\/2026\/09\/649e03_c322d38e57744c67b1189a73edd19938mv2-e1788536793863.avif",792,475,false],"2048x2048":["https:\/\/sosforetfrance.org\/wp-content\/uploads\/2026\/09\/649e03_c322d38e57744c67b1189a73edd19938mv2-e1788536793863.avif",792,475,false],"mailpoet_newsletter_max":["https:\/\/sosforetfrance.org\/wp-content\/uploads\/2026\/09\/649e03_c322d38e57744c67b1189a73edd19938mv2-e1788536793863.avif",792,475,false]},"uagb_author_info":{"display_name":"Cl\u00e9ment H\u00e9lary","author_link":"https:\/\/sosforetfrance.org\/author\/clement\/"},"uagb_comment_info":0,"uagb_excerpt":"Touche pas \u00e0 ma for\u00eat &#8211; Pyr\u00e9n\u00e9es organise le week end du 26 septembre un grand rendez-vous pour les for\u00eats et l&rsquo;habitabilit\u00e9 du monde \u00e0 Nestier (65) Au programme, du [&hellip;]","mfb_rest_fields":["title","uagb_featured_image_src","uagb_author_info","uagb_comment_info","uagb_excerpt"],"_links":{"self":[{"href":"https:\/\/sosforetfrance.org\/index.php\/wp-json\/wp\/v2\/posts\/15940","targetHints":{"allow":["GET"]}}],"collection":[{"href":"https:\/\/sosforetfrance.org\/index.php\/wp-json\/wp\/v2\/posts"}],"about":[{"href":"https:\/\/sosforetfrance.org\/index.php\/wp-json\/wp\/v2\/types\/post"}],"author":[{"embeddable":true,"href":"https:\/\/sosforetfrance.org\/index.php\/wp-json\/wp\/v2\/users\/33"}],"replies":[{"embeddable":true,"href":"https:\/\/sosforetfrance.org\/index.php\/wp-json\/wp\/v2\/comments?post=15940"}],"version-history":[{"count":2,"href":"https:\/\/sosforetfrance.org\/index.php\/wp-json\/wp\/v2\/posts\/15940\/revisions"}],"predecessor-version":[{"id":15944,"href":"https:\/\/sosforetfrance.org\/index.php\/wp-json\/wp\/v2\/posts\/15940\/revisions\/15944"}],"wp:featuredmedia":[{"embeddable":true,"href":"https:\/\/sosforetfrance.org\/index.php\/wp-json\/wp\/v2\/media\/15941"}],"wp:attachment":[{"href":"https:\/\/sosforetfrance.org\/index.php\/wp-json\/wp\/v2\/media?parent=15940"}],"wp:term":[{"taxonomy":"category","embeddable":true,"href":"https:\/\/sosforetfrance.org\/index.php\/wp-json\/wp\/v2\/categories?post=15940"},{"taxonomy":"post_tag","embeddable":true,"href":"https:\/\/sosforetfrance.org\/index.php\/wp-json\/wp\/v2\/tags?post=15940"}],"curies":[{"name":"wp","href":"https:\/\/api.w.org\/{rel}","templated":true}]}}