{"id":15945,"date":"2026-08-11T18:03:31","date_gmt":"2026-08-11T16:03:31","guid":{"rendered":"https:\/\/sosforetfrance.org\/?p=15945"},"modified":"2026-09-04T18:08:43","modified_gmt":"2026-09-04T16:08:43","slug":"un-recours-contre-le-projet-nacre-pour-proteger-la-foret","status":"publish","type":"post","link":"https:\/\/sosforetfrance.org\/index.php\/2026\/08\/11\/un-recours-contre-le-projet-nacre-pour-proteger-la-foret\/","title":{"rendered":"Un recours contre le projet NACRE pour prot\u00e9ger la for\u00eat"},"content":{"rendered":"\n<div class=\"wp-block-uagb-advanced-heading uagb-block-c5c8c626\"><h2 class=\"uagb-heading-text\">Le collectif For\u00eats Vivantes Pyr\u00e9n\u00e9es et le CADE, soutenus par les associations Canop\u00e9e et SOS For\u00eats France et la fondation Clamor Terrae, ont d\u00e9pos\u00e9 le 10 ao\u00fbt un recours devant le tribunal administratif de Pau contre les autorisations d\u00e9livr\u00e9es au projet industriel NACRE, pr\u00e9vu sur le bassin de Lacq, qui vise \u00e0 produire du carburant notamment \u00e0 partir de bois.<\/h2><\/div>\n\n\n\n<p class=\"wp-block-paragraph\">Le projet NACRE pr\u00e9voit la construction, sur le bassin de Lacq, d&rsquo;une usine destin\u00e9e \u00e0 produire du bio\u00e9thanol et du biom\u00e9thane \u00e0 partir de biomasse foresti\u00e8re et agricole.<br>\u00c0 pleine capacit\u00e9, l&rsquo;installation consommerait chaque ann\u00e9e 150 000 tonnes de biomasse s\u00e8che (\u00e9quivalent 250 000 tonnes de bois vert), auxquelles s&rsquo;ajouteraient environ 50 000 tonnes de bois n\u00e9cessaires \u00e0 la production de vapeur, une consommation massive dans un contexte de fragilisation croissante des for\u00eats. L\u2019utilisation de champignons g\u00e9n\u00e9tiquement modifi\u00e9s pour d\u00e9grader la lignine du bois, fait craindre des risques de diss\u00e9mination et de contamination.<\/p>\n\n\n\n<p class=\"wp-block-paragraph\">Le collectif For\u00eats Vivantes Pyr\u00e9n\u00e9es Le collectif For\u00eats Vivantes Pyr\u00e9n\u00e9es a introduit le 10 ao\u00fbt un recours juridique contre le projet, port\u00e9 par le CADE, et soutenus notamment par Canop\u00e9e et SOS For\u00eats France. Ce recours d\u00e9nonce l&rsquo;\u00e9tude d&rsquo;impact qui ne prend en compte ni l&rsquo;\u00e9volution des for\u00eats, ni les effets du changement climatique, ni les autres nouveaux projets industriels gros consommateurs de biomasse dans la zone. <\/p>\n\n\n\n<p class=\"wp-block-paragraph\">Pour plus d&rsquo;informations, consultez <a href=\"https:\/\/foretsvivantes-pyrenees.fr\/wp-content\/uploads\/2026\/08\/CP-Forets-Vivantes-Pyrenees-Projet-NACRE-Un-recours-pour-exiger-une-evaluation-a-la-hauteur-de-lurgence-forestiere.pdf\" target=\"_blank\" rel=\"noopener\">le communiqu\u00e9 de presse<\/a> du collectif.<\/p>\n","protected":false},"excerpt":{"rendered":"<p>Le collectif For\u00eats Vivantes Pyr\u00e9n\u00e9es et le CADE, soutenus par les associations Canop\u00e9e et SOS For\u00eats France et la fondation Clamor Terrae, ont d\u00e9pos\u00e9 le 10 ao\u00fbt un recours devant [&hellip;]<\/p>\n","protected":false},"author":33,"featured_media":15948,"comment_status":"closed","ping_status":"closed","sticky":false,"template":"","format":"standard","meta":{"_acf_changed":false,"_gspb_post_css":"","_uag_custom_page_level_css":"","_EventAllDay":false,"_EventTimezone":"","_EventStartDate":"","_EventEndDate":"","_EventStartDateUTC":"","_EventEndDateUTC":"","_EventShowMap":false,"_EventShowMapLink":false,"_EventURL":"","_EventCost":"","_EventCostDescription":"","_EventCurrencySymbol":"","_EventCurrencyCode":"","_EventCurrencyPosition":"","_EventDateTimeSeparator":"","_EventTimeRangeSeparator":"","_EventOrganizerID":[],"_EventVenueID":[],"_OrganizerEmail":"","_OrganizerPhone":"","_OrganizerWebsite":"","_VenueAddress":"","_VenueCity":"","_VenueCountry":"","_VenueProvince":"","_VenueState":"","_VenueZip":"","_VenuePhone":"","_VenueURL":"","_VenueStateProvince":"","_VenueLat":"","_VenueLng":"","_VenueShowMap":false,"_VenueShowMapLink":false,"footnotes":""},"categories":[144],"tags":[107,101,299,298],"class_list":["post-15945","post","type-post","status-publish","format-standard","has-post-thumbnail","hentry","category-actus","tag-biomasse","tag-bois-energie","tag-nacre","tag-recours"],"mb":[],"acf":[],"uagb_featured_image_src":{"full":["https:\/\/sosforetfrance.org\/wp-content\/uploads\/2026\/08\/illustration-projet-nacre.png",552,287,false],"thumbnail":["https:\/\/sosforetfrance.org\/wp-content\/uploads\/2026\/08\/illustration-projet-nacre-150x150.png",150,150,true],"medium":["https:\/\/sosforetfrance.org\/wp-content\/uploads\/2026\/08\/illustration-projet-nacre-300x156.png",300,156,true],"medium_large":["https:\/\/sosforetfrance.org\/wp-content\/uploads\/2026\/08\/illustration-projet-nacre.png",552,287,false],"large":["https:\/\/sosforetfrance.org\/wp-content\/uploads\/2026\/08\/illustration-projet-nacre.png",552,287,false],"1536x1536":["https:\/\/sosforetfrance.org\/wp-content\/uploads\/2026\/08\/illustration-projet-nacre.png",552,287,false],"2048x2048":["https:\/\/sosforetfrance.org\/wp-content\/uploads\/2026\/08\/illustration-projet-nacre.png",552,287,false],"mailpoet_newsletter_max":["https:\/\/sosforetfrance.org\/wp-content\/uploads\/2026\/08\/illustration-projet-nacre.png",552,287,false]},"uagb_author_info":{"display_name":"Cl\u00e9ment H\u00e9lary","author_link":"https:\/\/sosforetfrance.org\/author\/clement\/"},"uagb_comment_info":0,"uagb_excerpt":"Le collectif For\u00eats Vivantes Pyr\u00e9n\u00e9es et le CADE, soutenus par les associations Canop\u00e9e et SOS For\u00eats France et la fondation Clamor Terrae, ont d\u00e9pos\u00e9 le 10 ao\u00fbt un recours devant [&hellip;]","mfb_rest_fields":["title","uagb_featured_image_src","uagb_author_info","uagb_comment_info","uagb_excerpt"],"_links":{"self":[{"href":"https:\/\/sosforetfrance.org\/index.php\/wp-json\/wp\/v2\/posts\/15945","targetHints":{"allow":["GET"]}}],"collection":[{"href":"https:\/\/sosforetfrance.org\/index.php\/wp-json\/wp\/v2\/posts"}],"about":[{"href":"https:\/\/sosforetfrance.org\/index.php\/wp-json\/wp\/v2\/types\/post"}],"author":[{"embeddable":true,"href":"https:\/\/sosforetfrance.org\/index.php\/wp-json\/wp\/v2\/users\/33"}],"replies":[{"embeddable":true,"href":"https:\/\/sosforetfrance.org\/index.php\/wp-json\/wp\/v2\/comments?post=15945"}],"version-history":[{"count":1,"href":"https:\/\/sosforetfrance.org\/index.php\/wp-json\/wp\/v2\/posts\/15945\/revisions"}],"predecessor-version":[{"id":15947,"href":"https:\/\/sosforetfrance.org\/index.php\/wp-json\/wp\/v2\/posts\/15945\/revisions\/15947"}],"wp:featuredmedia":[{"embeddable":true,"href":"https:\/\/sosforetfrance.org\/index.php\/wp-json\/wp\/v2\/media\/15948"}],"wp:attachment":[{"href":"https:\/\/sosforetfrance.org\/index.php\/wp-json\/wp\/v2\/media?parent=15945"}],"wp:term":[{"taxonomy":"category","embeddable":true,"href":"https:\/\/sosforetfrance.org\/index.php\/wp-json\/wp\/v2\/categories?post=15945"},{"taxonomy":"post_tag","embeddable":true,"href":"https:\/\/sosforetfrance.org\/index.php\/wp-json\/wp\/v2\/tags?post=15945"}],"curies":[{"name":"wp","href":"https:\/\/api.w.org\/{rel}","templated":true}]}}