{"id":1646,"date":"2020-12-17T01:08:35","date_gmt":"2020-12-17T00:08:35","guid":{"rendered":"https:\/\/sosforetfrance.org\/?p=1646"},"modified":"2021-02-23T15:27:41","modified_gmt":"2021-02-23T14:27:41","slug":"des-millions-pour-lindustrialisation-de-la-foret-et-rien-pour-sauver-lonf","status":"publish","type":"post","link":"https:\/\/sosforetfrance.org\/index.php\/2020\/12\/17\/des-millions-pour-lindustrialisation-de-la-foret-et-rien-pour-sauver-lonf\/","title":{"rendered":"Des millions pour l\u2019industrialisation de la for\u00eat et rien pour sauver l\u2019ONF ?"},"content":{"rendered":"\n<p><strong>Canop\u00e9e occupe jeudi 17 d\u00e9cembre un lieu symbolique pour y tenir un d\u00e9bat sur la for\u00eat \u00e0 20h30. Le communiqu\u00e9 de Canop\u00e9e.<\/strong><\/p>\n\n\n\n<p>Depuis quelques mois, l\u2019offensive pour privatiser l\u2019ONF s\u2019acc\u00e9l\u00e8re.<\/p>\n\n\n\n<p>Bien s\u00fbr, le gouvernement se d\u00e9fend de cette intention comme a tent\u00e9 de le faire croire le Pr\u00e9sident de la R\u00e9publique devant la Convention Citoyenne sur le Climat. Bien au contraire, le plan de relance est pr\u00e9sent\u00e9 comme \u00ab un effort historique de reboisement en France \u00bb.<\/p>\n\n\n\n<p><strong>La r\u00e9alit\u00e9 est tout autre :<\/strong> apr\u00e8s avoir remis en cause le statut de fonctionnaire des agents de l\u2019ONF avec la loi d\u2019acc\u00e9l\u00e9ration et de simplification de la vie administrative (ASAP), le gouvernement a annonc\u00e9 de nouvelles suppressions de postes d\u00e8s l\u2019ann\u00e9e prochaine. En parall\u00e8le, la direction de l\u2019ONF avance \u00e0 marche forc\u00e9e sur le d\u00e9coupage de l\u2019\u00e9tablissement public en diff\u00e9rentes filiales : un saucissonnage, pr\u00e9lude \u00e0 une privatisation qui ne dit pas son nom. Lors du d\u00e9bat sur le projet de loi de finances, la d\u00e9put\u00e9e de la majorit\u00e9 Anne-Laure Cattelot a r\u00e9ussi \u00e0 faire suspendre in-extremis les suppressions de postes. Mais elle vient de recevoir un appel du ministre des Finances : les caisses sont vides, ces suppressions de postes seraient in\u00e9vitables. Vides ? Pourtant, dans le cadre de son plan de relance, <strong>le gouvernement a mis 200 millions d\u2019euros sur la table pour la fili\u00e8re for\u00eat-bois. Mais cet argent n\u2019ira pas pour renforcer le service public forestier : <\/strong>n\u00e9goci\u00e9s dans une opacit\u00e9 la plus totale comme nous l\u2019avons d\u00e9nonc\u00e9 dans notre tribune, ces fonds vont pouvoir \u00eatre utilis\u00e9s massivement pour multiplier les coupes rases et remplacer les for\u00eats existantes par des monocultures.<br>Aujourd\u2019hui, c\u2019est le ras-le-bol ! La crise sanitaire que nous traversons ne peut plus servir de pr\u00e9texte \u00e0 une absence de d\u00e9bat sur l\u2019avenir de nos for\u00eats alors que le gouvernement multiplie les d\u00e9cisions lourdes de cons\u00e9quences.<br>Nous avons donc d\u00e9cid\u00e9 d\u2019occuper un lieu symbolique jeudi 17 d\u00e9cembre et d\u2019y organiser le d\u00e9bat public sur les for\u00eats que nous r\u00e9clamons (en d\u00e9tournant un peu le logo officiel de la commission nationale du d\u00e9bat public\u2026). Bien s\u00fbr, on ne peut pas vous donner de d\u00e9tails ici mais on vous invite \u00e0 y participer sur Zoom, d\u00e8s 20h30. Si vous n\u2019avez pas Zoom, vous pourrez \u00e9galement suivre le d\u00e9bat depuis notre page Facebook ou Youtube.<\/p>\n\n\n\n<p>Les diff\u00e9rents collectifs locaux SOS for\u00eat sont invit\u00e9s \u00e0 contacter Canop\u00e9e pour intervenir au nom de votre collectif. Si vous souhaitez proposer un t\u00e9moignage ou une intervention, vous pouvez envoyer un email \u00e0 Klervi : <a href=\"mailto:klervi.leguenic@canopee-asso.org\">klervi.leguenic@canopee-asso.org<\/a>.<\/p>\n\n\n\n<p>Vous \u00eates invit\u00e9s \u00e0 participer en direct \u00e0 cette action sur l&rsquo;application zoom ou sur les r\u00e9seaux sociaux. Les diff\u00e9rents collectifs locaux SOS for\u00eat sont invit\u00e9s \u00e0 contacter Canop\u00e9e pour intervenir au nom de votre collectif.<\/p>\n\n\n\n<div class=\"wp-block-buttons is-layout-flex wp-block-buttons-is-layout-flex\">\n<div class=\"wp-block-button is-style-fill\"><a class=\"wp-block-button__link has-luminous-vivid-orange-background-color has-background\" href=\"https:\/\/zoom.us\/j\/95585895335#success\" style=\"border-radius:16px\" target=\"_blank\" rel=\"noopener\">Je participe au d\u00e9bat<\/a><\/div>\n<\/div>\n\n\n\n<figure class=\"wp-block-image size-large\"><img loading=\"lazy\" decoding=\"async\" width=\"1024\" height=\"499\" src=\"https:\/\/sosforetfrance.org\/wp-content\/uploads\/2020\/12\/debat-foret-2-1024x499.jpg\" alt=\"\" class=\"wp-image-1642\" srcset=\"https:\/\/sosforetfrance.org\/wp-content\/uploads\/2020\/12\/debat-foret-2-1024x499.jpg 1024w, https:\/\/sosforetfrance.org\/wp-content\/uploads\/2020\/12\/debat-foret-2-300x146.jpg 300w, https:\/\/sosforetfrance.org\/wp-content\/uploads\/2020\/12\/debat-foret-2-768x374.jpg 768w, https:\/\/sosforetfrance.org\/wp-content\/uploads\/2020\/12\/debat-foret-2-1536x748.jpg 1536w, https:\/\/sosforetfrance.org\/wp-content\/uploads\/2020\/12\/debat-foret-2-1320x643.jpg 1320w, https:\/\/sosforetfrance.org\/wp-content\/uploads\/2020\/12\/debat-foret-2.jpg 1719w\" sizes=\"auto, (max-width: 1024px) 100vw, 1024px\" \/><\/figure>\n","protected":false},"excerpt":{"rendered":"<p>Canop\u00e9e occupe jeudi 17 d\u00e9cembre un lieu symbolique pour y tenir un d\u00e9bat sur la for\u00eat \u00e0 20h30. Le communiqu\u00e9 de Canop\u00e9e. Depuis quelques mois, l\u2019offensive pour privatiser l\u2019ONF s\u2019acc\u00e9l\u00e8re. [&hellip;]<\/p>\n","protected":false},"author":1,"featured_media":1642,"comment_status":"closed","ping_status":"closed","sticky":false,"template":"","format":"standard","meta":{"_acf_changed":false,"_gspb_post_css":"","_uag_custom_page_level_css":"","_EventAllDay":false,"_EventTimezone":"","_EventStartDate":"","_EventEndDate":"","_EventStartDateUTC":"","_EventEndDateUTC":"","_EventShowMap":false,"_EventShowMapLink":false,"_EventURL":"","_EventCost":"","_EventCostDescription":"","_EventCurrencySymbol":"","_EventCurrencyCode":"","_EventCurrencyPosition":"","_EventDateTimeSeparator":"","_EventTimeRangeSeparator":"","_EventOrganizerID":[],"_EventVenueID":[],"_OrganizerEmail":"","_OrganizerPhone":"","_OrganizerWebsite":"","_VenueAddress":"","_VenueCity":"","_VenueCountry":"","_VenueProvince":"","_VenueState":"","_VenueZip":"","_VenuePhone":"","_VenueURL":"","_VenueStateProvince":"","_VenueLat":"","_VenueLng":"","_VenueShowMap":false,"_VenueShowMapLink":false,"footnotes":""},"categories":[19],"tags":[],"class_list":["post-1646","post","type-post","status-publish","format-standard","has-post-thumbnail","hentry","category-comprendre"],"mb":[],"acf":[],"uagb_featured_image_src":{"full":["https:\/\/sosforetfrance.org\/wp-content\/uploads\/2020\/12\/debat-foret-2.jpg",1719,837,false],"thumbnail":["https:\/\/sosforetfrance.org\/wp-content\/uploads\/2020\/12\/debat-foret-2-150x150.jpg",150,150,true],"medium":["https:\/\/sosforetfrance.org\/wp-content\/uploads\/2020\/12\/debat-foret-2-300x146.jpg",300,146,true],"medium_large":["https:\/\/sosforetfrance.org\/wp-content\/uploads\/2020\/12\/debat-foret-2-768x374.jpg",768,374,true],"large":["https:\/\/sosforetfrance.org\/wp-content\/uploads\/2020\/12\/debat-foret-2-1024x499.jpg",1024,499,true],"1536x1536":["https:\/\/sosforetfrance.org\/wp-content\/uploads\/2020\/12\/debat-foret-2-1536x748.jpg",1536,748,true],"2048x2048":["https:\/\/sosforetfrance.org\/wp-content\/uploads\/2020\/12\/debat-foret-2.jpg",1719,837,false],"mailpoet_newsletter_max":["https:\/\/sosforetfrance.org\/wp-content\/uploads\/2020\/12\/debat-foret-2-1320x643.jpg",1320,643,true]},"uagb_author_info":{"display_name":"admin7534","author_link":"https:\/\/sosforetfrance.org\/author\/admin7534\/"},"uagb_comment_info":0,"uagb_excerpt":"Canop\u00e9e occupe jeudi 17 d\u00e9cembre un lieu symbolique pour y tenir un d\u00e9bat sur la for\u00eat \u00e0 20h30. Le communiqu\u00e9 de Canop\u00e9e. Depuis quelques mois, l\u2019offensive pour privatiser l\u2019ONF s\u2019acc\u00e9l\u00e8re. [&hellip;]","mfb_rest_fields":["title","uagb_featured_image_src","uagb_author_info","uagb_comment_info","uagb_excerpt"],"_links":{"self":[{"href":"https:\/\/sosforetfrance.org\/index.php\/wp-json\/wp\/v2\/posts\/1646","targetHints":{"allow":["GET"]}}],"collection":[{"href":"https:\/\/sosforetfrance.org\/index.php\/wp-json\/wp\/v2\/posts"}],"about":[{"href":"https:\/\/sosforetfrance.org\/index.php\/wp-json\/wp\/v2\/types\/post"}],"author":[{"embeddable":true,"href":"https:\/\/sosforetfrance.org\/index.php\/wp-json\/wp\/v2\/users\/1"}],"replies":[{"embeddable":true,"href":"https:\/\/sosforetfrance.org\/index.php\/wp-json\/wp\/v2\/comments?post=1646"}],"version-history":[{"count":0,"href":"https:\/\/sosforetfrance.org\/index.php\/wp-json\/wp\/v2\/posts\/1646\/revisions"}],"wp:featuredmedia":[{"embeddable":true,"href":"https:\/\/sosforetfrance.org\/index.php\/wp-json\/wp\/v2\/media\/1642"}],"wp:attachment":[{"href":"https:\/\/sosforetfrance.org\/index.php\/wp-json\/wp\/v2\/media?parent=1646"}],"wp:term":[{"taxonomy":"category","embeddable":true,"href":"https:\/\/sosforetfrance.org\/index.php\/wp-json\/wp\/v2\/categories?post=1646"},{"taxonomy":"post_tag","embeddable":true,"href":"https:\/\/sosforetfrance.org\/index.php\/wp-json\/wp\/v2\/tags?post=1646"}],"curies":[{"name":"wp","href":"https:\/\/api.w.org\/{rel}","templated":true}]}}