{"id":1725,"date":"2021-03-20T19:38:25","date_gmt":"2021-03-20T18:38:25","guid":{"rendered":"https:\/\/sosforetfrance.org\/?p=1725"},"modified":"2021-06-07T21:19:36","modified_gmt":"2021-06-07T19:19:36","slug":"sur-le-front-de-la-foret-francaise","status":"publish","type":"post","link":"https:\/\/sosforetfrance.org\/index.php\/2021\/03\/20\/sur-le-front-de-la-foret-francaise\/","title":{"rendered":"\u00ab\u00a0Sur le front\u00a0\u00bb des for\u00eats Fran\u00e7aises, dimanche 21 mars"},"content":{"rendered":"\n<p>Une enqu\u00eate de <strong>Hugo Cl\u00e9ment <\/strong>\u00e0 ne pas rater. Diffus\u00e9e dimanche 21 mars \u00e0 20h50 sur france 5.<\/p>\n\n\n\n<p>Le journaliste  d\u00e9nonce l&rsquo;industrialisation de la for\u00eat fran\u00e7aise et les cons\u00e9quences des coupes rases. Il a notamment suivi plusieurs actions organis\u00e9es par SOS for\u00eat et Canop\u00e9e dans le Morvan et \u00e0 Paris ainsi que des acteurs de la gestion alternative.<\/p>\n\n\n\n<p>Pour ceux qui veulent un avant go\u00fbt : <a href=\"https:\/\/www.franceinter.fr\/emissions\/la-terre-au-carre\/la-terre-au-carre-19-mars-2021\" target=\"_blank\" rel=\"noreferrer noopener\">\u00ab\u00a0la terre au carr\u00e9 sur france inter\u00a0\u00bb<\/a><\/p>\n\n\n\n<p><\/p>\n","protected":false},"excerpt":{"rendered":"<p>Une enqu\u00eate de Hugo Cl\u00e9ment \u00e0 ne pas rater. Diffus\u00e9e dimanche 21 mars \u00e0 20h50 sur france 5. Le journaliste d\u00e9nonce l&rsquo;industrialisation de la for\u00eat fran\u00e7aise et les cons\u00e9quences des [&hellip;]<\/p>\n","protected":false},"author":1,"featured_media":1555,"comment_status":"closed","ping_status":"closed","sticky":false,"template":"","format":"standard","meta":{"_acf_changed":false,"_gspb_post_css":"","_uag_custom_page_level_css":"","_EventAllDay":false,"_EventTimezone":"","_EventStartDate":"","_EventEndDate":"","_EventStartDateUTC":"","_EventEndDateUTC":"","_EventShowMap":false,"_EventShowMapLink":false,"_EventURL":"","_EventCost":"","_EventCostDescription":"","_EventCurrencySymbol":"","_EventCurrencyCode":"","_EventCurrencyPosition":"","_EventDateTimeSeparator":"","_EventTimeRangeSeparator":"","_EventOrganizerID":[],"_EventVenueID":[],"_OrganizerEmail":"","_OrganizerPhone":"","_OrganizerWebsite":"","_VenueAddress":"","_VenueCity":"","_VenueCountry":"","_VenueProvince":"","_VenueState":"","_VenueZip":"","_VenuePhone":"","_VenueURL":"","_VenueStateProvince":"","_VenueLat":"","_VenueLng":"","_VenueShowMap":false,"_VenueShowMapLink":false,"footnotes":""},"categories":[4],"tags":[],"class_list":["post-1725","post","type-post","status-publish","format-standard","has-post-thumbnail","hentry","category-medias"],"mb":[],"acf":[],"uagb_featured_image_src":{"full":["https:\/\/sosforetfrance.org\/wp-content\/uploads\/2020\/10\/Jean-Luc-Luyssen-21.jpg",1800,1200,false],"thumbnail":["https:\/\/sosforetfrance.org\/wp-content\/uploads\/2020\/10\/Jean-Luc-Luyssen-21-150x150.jpg",150,150,true],"medium":["https:\/\/sosforetfrance.org\/wp-content\/uploads\/2020\/10\/Jean-Luc-Luyssen-21-300x200.jpg",300,200,true],"medium_large":["https:\/\/sosforetfrance.org\/wp-content\/uploads\/2020\/10\/Jean-Luc-Luyssen-21-768x512.jpg",768,512,true],"large":["https:\/\/sosforetfrance.org\/wp-content\/uploads\/2020\/10\/Jean-Luc-Luyssen-21-1024x683.jpg",1024,683,true],"1536x1536":["https:\/\/sosforetfrance.org\/wp-content\/uploads\/2020\/10\/Jean-Luc-Luyssen-21-1536x1024.jpg",1536,1024,true],"2048x2048":["https:\/\/sosforetfrance.org\/wp-content\/uploads\/2020\/10\/Jean-Luc-Luyssen-21.jpg",1800,1200,false],"mailpoet_newsletter_max":["https:\/\/sosforetfrance.org\/wp-content\/uploads\/2020\/10\/Jean-Luc-Luyssen-21-1320x880.jpg",1320,880,true]},"uagb_author_info":{"display_name":"admin7534","author_link":"https:\/\/sosforetfrance.org\/author\/admin7534\/"},"uagb_comment_info":0,"uagb_excerpt":"Une enqu\u00eate de Hugo Cl\u00e9ment \u00e0 ne pas rater. Diffus\u00e9e dimanche 21 mars \u00e0 20h50 sur france 5. Le journaliste d\u00e9nonce l&rsquo;industrialisation de la for\u00eat fran\u00e7aise et les cons\u00e9quences des [&hellip;]","mfb_rest_fields":["title","uagb_featured_image_src","uagb_author_info","uagb_comment_info","uagb_excerpt"],"_links":{"self":[{"href":"https:\/\/sosforetfrance.org\/index.php\/wp-json\/wp\/v2\/posts\/1725","targetHints":{"allow":["GET"]}}],"collection":[{"href":"https:\/\/sosforetfrance.org\/index.php\/wp-json\/wp\/v2\/posts"}],"about":[{"href":"https:\/\/sosforetfrance.org\/index.php\/wp-json\/wp\/v2\/types\/post"}],"author":[{"embeddable":true,"href":"https:\/\/sosforetfrance.org\/index.php\/wp-json\/wp\/v2\/users\/1"}],"replies":[{"embeddable":true,"href":"https:\/\/sosforetfrance.org\/index.php\/wp-json\/wp\/v2\/comments?post=1725"}],"version-history":[{"count":0,"href":"https:\/\/sosforetfrance.org\/index.php\/wp-json\/wp\/v2\/posts\/1725\/revisions"}],"wp:featuredmedia":[{"embeddable":true,"href":"https:\/\/sosforetfrance.org\/index.php\/wp-json\/wp\/v2\/media\/1555"}],"wp:attachment":[{"href":"https:\/\/sosforetfrance.org\/index.php\/wp-json\/wp\/v2\/media?parent=1725"}],"wp:term":[{"taxonomy":"category","embeddable":true,"href":"https:\/\/sosforetfrance.org\/index.php\/wp-json\/wp\/v2\/categories?post=1725"},{"taxonomy":"post_tag","embeddable":true,"href":"https:\/\/sosforetfrance.org\/index.php\/wp-json\/wp\/v2\/tags?post=1725"}],"curies":[{"name":"wp","href":"https:\/\/api.w.org\/{rel}","templated":true}]}}