{"id":1786,"date":"2021-05-20T20:02:46","date_gmt":"2021-05-20T18:02:46","guid":{"rendered":"https:\/\/sosforetfrance.org\/?p=1786"},"modified":"2021-06-07T21:20:45","modified_gmt":"2021-06-07T19:20:45","slug":"biomasse-lettre-ouverte-a-la-commission-europeenne","status":"publish","type":"post","link":"https:\/\/sosforetfrance.org\/index.php\/2021\/05\/20\/biomasse-lettre-ouverte-a-la-commission-europeenne\/","title":{"rendered":"Biomasse, lettre ouverte \u00e0 la Commission europ\u00e9enne"},"content":{"rendered":"\n<p>Nous reproduisons ci-dessous <strong>la lettre ouverte <\/strong>adress\u00e9e par de tr\u00e8s nombreuses associations (dont SOS for\u00eat France) \u00e0 la Pr\u00e9sidente de la Commission europ\u00e9enne <strong>Ursula Von der Leyen <\/strong>&#8211; Sommet des Dirigeants sur le Climat<\/p>\n\n\n\n<h2 class=\"wp-block-heading\"><strong>Les for\u00eats doivent \u00eatre prot\u00e9g\u00e9es, et non br\u00fbl\u00e9es pour produire de l&rsquo;\u00e9nergie<\/strong><\/h2>\n\n\n\n<p>Nous soussign\u00e9s, originaires de toute l&rsquo;Union europ\u00e9enne, saluons l&rsquo;initiative du pr\u00e9sident am\u00e9ricain Biden d&rsquo;organiser un Sommet des Dirigeants sur le Climat (22 et 23 avril), auquel vous allez participer ainsi que le Pr\u00e9sident du Conseil de l&rsquo;Union europ\u00e9enne et les premiers ministres et pr\u00e9sidents de plusieurs \u00c9tats membres de l&rsquo;UE.<\/p>\n\n\n\n<p>Ces derni\u00e8res ann\u00e9es, l&rsquo;UE a progress\u00e9 dans l&rsquo;\u00e9laboration et la mise en \u0153uvre de mesures visant \u00e0 att\u00e9nuer le changement climatique et \u00e0 atteindre les objectifs de l&rsquo;Accord de Paris. Ce sommet est pour l&rsquo;UE une occasion unique d&rsquo;encourager d&rsquo;autres pays \u00e0 intensifier \u00e9galement leurs actions contre le changement climatique. Le sommet sur le climat peut aussi constituer une \u00e9tape importante pour identifier des efforts conjoints et se mettre d&rsquo;accord.<\/p>\n\n\n\n<p>Cependant, s&rsquo;il est essentiel de passer des combustibles fossiles aux sources d&rsquo;\u00e9nergie renouvelables, l&rsquo;UE est sur une voie p\u00e9rilleuse en ce qui concerne le r\u00f4le de la bio\u00e9nergie et l&rsquo;avenir des for\u00eats. Nous sommes profond\u00e9ment inquiets du fait que la Commission europ\u00e9enne continue de consid\u00e9rer la combustion de la biomasse foresti\u00e8re comme une \u00e9nergie \u00ab\u00a0renouvelable\u00a0\u00bb dans sa Directive sur les \u00c9nergies Renouvelables (REDII).<\/p>\n\n\n\n<p>Comme l&rsquo;a soulign\u00e9 le Centre Commun de Recherche (JCR) de la Commission europ\u00e9enne lui-m\u00eame, la combustion de la biomasse foresti\u00e8re n&rsquo;est pas neutre en carbone, car elle \u00e9met du carbone imm\u00e9diatement, alors que les for\u00eats ont besoin de d\u00e9cennies, voire de si\u00e8cles, pour repousser et compenser les \u00e9missions. Pour r\u00e9duire les niveaux d&rsquo;\u00e9missions de gaz \u00e0 effet de serre conform\u00e9ment \u00e0 l&rsquo;Accord de Paris, il est essentiel que nous r\u00e9duisions de fa\u00e7on drastique les \u00e9missions tout en augmentant massivement l&rsquo;accumulation du carbone dans le secteur foncier, en particulier dans nos for\u00eats. Le fait de r\u00e9colter et de br\u00fbler la biomasse foresti\u00e8re produit davantage de CO2 au lieu de le r\u00e9duire et ab\u00eeme encore plus les for\u00eats d\u00e9j\u00e0 tr\u00e8s d\u00e9grad\u00e9es de l&rsquo;UE, en d\u00e9truisant les stocks de carbone forestier et en portant atteinte aux \u00e9cosyst\u00e8mes, ce qui va \u00e0 l&rsquo;encontre des objectifs des objectifs de la Strat\u00e9gie de l&rsquo;UE en faveur de la biodiversit\u00e9.<\/p>\n\n\n\n<p>Les effets de la directive REDII de l&rsquo;UE sont \u00e9galement visibles dans d&rsquo;autres pays, puisque les for\u00eats y sont exploit\u00e9es et transform\u00e9es en granul\u00e9s destin\u00e9s \u00e0 \u00eatre br\u00fbl\u00e9s dans des centrales \u00e9lectriques europ\u00e9ennes. Pr\u00e9judice suppl\u00e9mentaire, la combustion du bois est une source majeure de pollution atmosph\u00e9rique qui tue d\u00e9j\u00e0 des centaines de milliers de citoyens de l&rsquo;UE chaque ann\u00e9e(1). De fa\u00e7on perverse, certains \u00c9tats membres octroient chaque ann\u00e9e des milliards d&rsquo;euros de subventions pour soutenir la transformation des for\u00eats en combustible.<\/p>\n\n\n\n<p>Le rapport du JCR de janvier 2021(2) a conclu qu&rsquo;un seul des 24 sc\u00e9narios concernant l&rsquo;utilisation de la biomasse foresti\u00e8re qu&rsquo;ils avaient \u00e9valu\u00e9s pr\u00e9sente un risque relativement faible pour la biodiversit\u00e9 et le climat, et m\u00eame dans ce cas, ce seul sc\u00e9nario signifierait que les \u00e9missions pourraient \u00eatre sup\u00e9rieures \u00e0 celles des combustibles fossiles pour une dur\u00e9e aussi longue que les vingt prochaines ann\u00e9es. Plusieurs autres rapports scientifiques arrivent \u00e0 la m\u00eame conclusion : la combustion de la biomasse foresti\u00e8re augmente les \u00e9missions par rapport aux combustibles fossiles, tandis que les pr\u00e9l\u00e8vements intensifs destin\u00e9s aux granul\u00e9s et plaquettes d\u00e9truisent dans les for\u00eats la biodiversit\u00e9 que l&rsquo;UE souhaite prot\u00e9ger. <strong>C&rsquo;est pourquoi nous vous demandons de r\u00e9former la politique de l&rsquo;UE en mati\u00e8re d&rsquo;\u00e9nergies renouvelables en excluant la biomasse foresti\u00e8re du calcul de l&rsquo;objectif d&rsquo;\u00e9nergies renouvelables(3)de l&rsquo;UE, et en \u00e9liminant ainsi un des principaux facteurs de destruction des for\u00eats<\/strong>. Cette simple mesure profiterait aux \u00e9cosyst\u00e8mes forestiers dans toute l&rsquo;UE et en Am\u00e9rique du Nord, ainsi qu&rsquo;\u00e0 d&rsquo;autres pays fournisseurs de biomasse comme la Russie et l&rsquo;Ukraine, et permettrait de faire co\u00efncider les r\u00e9sultats de l&rsquo;UE en mati\u00e8re de climat sur le papier avec ce qu&rsquo;il se passe r\u00e9ellement dans l&rsquo;atmosph\u00e8re.<\/p>\n\n\n\n<p>La solution la moins co\u00fbteuse et la plus efficace pour le climat est de laisser les for\u00eats vieillir et de r\u00e9duire globalement l&rsquo;exploitation foresti\u00e8re. Les for\u00eats naturelles qui peuvent vieillir agissent comme une banque de carbone, tandis que la combustion de la biomasse foresti\u00e8re pour produire de l&rsquo;\u00e9nergie transforme les for\u00eats en \u00ab\u00a0nouveau charbon\u00a0\u00bb.<\/p>\n\n\n\n<p>Nous soutenons pleinement le principe \u00ab\u00a0Ne pas nuire&nbsp;\u00a0\u00bb inscrit dans le Pacte Vert (Green Deal) Europ\u00e9en. Br\u00fbler de la biomasse foresti\u00e8re est incompatible avec ce principe et est r\u00e9ellement nuisible &#8211; \u00e0 la biodiversit\u00e9 des for\u00eats, \u00e0 la sant\u00e9 humaine et au climat. Il est temps qu&rsquo;il y ait une coh\u00e9rence politique entre les engagements et les objectifs de l&rsquo;UE en mati\u00e8re de biodiversit\u00e9 et de climat. Nous vous demandons instamment de saisir l&rsquo;occasion de ce sommet pour mettre fin \u00e0 l&rsquo;utilisation de la biomasse foresti\u00e8re comme source de combustible dans l&rsquo;UE et d&rsquo;encourager d&rsquo;autres dirigeants \u00e0 faire de m\u00eame.<\/p>\n\n\n\n<p>Cordialement,<\/p>\n\n\n\n<p><\/p>\n\n\n\n<p>(1)Carvalho, H. 2019. <em>Air pollution-related deaths in Europe &#8211; time for action<\/em>. Journal of Global Health 9(2):020308.<br>Journal of Global Health 9(2):020308. Sur: <a href=\"https:\/\/www.ncbi.nlm.nih.gov\/pmc\/articles\/PMC6858990\/\" data-type=\"URL\" data-id=\"https:\/\/www.ncbi.nlm.nih.gov\/pmc\/articles\/PMC6858990\/\" target=\"_blank\" rel=\"noreferrer noopener\">https:\/\/ www.ncbi.nlm.nih.gov\/pmc\/articles\/PMC6858990\/<\/a><\/p>\n\n\n\n<p>(2) Camia, A., et al. 2021. <em>The use of woody biomass for energy production in the EU<\/em>, EUR 30548 EN. Une version qui expose certains r\u00e9sultats-cl\u00e9s se trouve ici: <a href=\"https:\/\/forestdefenders.eu\/wp-content\/uploads\/2021\/01\/JRC-biomass-report-markup.pdf\" target=\"_blank\" rel=\"noreferrer noopener\">https:\/\/forestdefenders.eu\/wp-content\/uploads\/2021\/01\/JRC-biomass-report-markup.pdf<\/a> . Un r\u00e9sum\u00e9 destin\u00e9 \u00e0 la soci\u00e9t\u00e9 civile du rapport ici: <a href=\"https:\/\/forestdefenders.eu\/wp-content\/uploads\/2021\/03\/JRC-study-biomass-study-overview_final.pdf\" target=\"_blank\" rel=\"noreferrer noopener\">https:\/\/forestdefenders.eu\/wp-content\/uploads\/2021\/03\/JRC-study-biomass-study-overview_final.pdf<\/a><\/p>\n\n\n\n<p>(3) La biomasse \u201csecondaire\u201d issue du bois, provenant des r\u00e9sidus des travaux de transformation du bois et le bois de r\u00e9cup\u00e9ration peuvent continuer \u00e0 \u00eatre utilis\u00e9s en tant qu&rsquo;\u00e9nergie renouvelable, mais ce devrait \u00eatre limit\u00e9 \u00e0 la biomasse qui ne peut \u00eatre recycl\u00e9e en produits mat\u00e9riels. Ce qui est compatible avec la recommandation de la Strat\u00e9gie Biodiversit\u00e9.<\/p>\n","protected":false},"excerpt":{"rendered":"<p>Nous reproduisons ci-dessous la lettre ouverte adress\u00e9e par de tr\u00e8s nombreuses associations (dont SOS for\u00eat France) \u00e0 la Pr\u00e9sidente de la Commission europ\u00e9enne Ursula Von der Leyen &#8211; Sommet des [&hellip;]<\/p>\n","protected":false},"author":1,"featured_media":1787,"comment_status":"closed","ping_status":"closed","sticky":false,"template":"","format":"standard","meta":{"_acf_changed":false,"_gspb_post_css":"","_uag_custom_page_level_css":"","_EventAllDay":false,"_EventTimezone":"","_EventStartDate":"","_EventEndDate":"","_EventStartDateUTC":"","_EventEndDateUTC":"","_EventShowMap":false,"_EventShowMapLink":false,"_EventURL":"","_EventCost":"","_EventCostDescription":"","_EventCurrencySymbol":"","_EventCurrencyCode":"","_EventCurrencyPosition":"","_EventDateTimeSeparator":"","_EventTimeRangeSeparator":"","_EventOrganizerID":[],"_EventVenueID":[],"_OrganizerEmail":"","_OrganizerPhone":"","_OrganizerWebsite":"","_VenueAddress":"","_VenueCity":"","_VenueCountry":"","_VenueProvince":"","_VenueState":"","_VenueZip":"","_VenuePhone":"","_VenueURL":"","_VenueStateProvince":"","_VenueLat":"","_VenueLng":"","_VenueShowMap":false,"_VenueShowMapLink":false,"footnotes":""},"categories":[3],"tags":[],"class_list":["post-1786","post","type-post","status-publish","format-standard","has-post-thumbnail","hentry","category-manifestations"],"mb":[],"acf":[],"uagb_featured_image_src":{"full":["https:\/\/sosforetfrance.org\/wp-content\/uploads\/2021\/06\/logos_lettre_biomasse-1024x724-1.jpeg",1024,724,false],"thumbnail":["https:\/\/sosforetfrance.org\/wp-content\/uploads\/2021\/06\/logos_lettre_biomasse-1024x724-1-150x150.jpeg",150,150,true],"medium":["https:\/\/sosforetfrance.org\/wp-content\/uploads\/2021\/06\/logos_lettre_biomasse-1024x724-1-300x212.jpeg",300,212,true],"medium_large":["https:\/\/sosforetfrance.org\/wp-content\/uploads\/2021\/06\/logos_lettre_biomasse-1024x724-1-768x543.jpeg",768,543,true],"large":["https:\/\/sosforetfrance.org\/wp-content\/uploads\/2021\/06\/logos_lettre_biomasse-1024x724-1.jpeg",1024,724,false],"1536x1536":["https:\/\/sosforetfrance.org\/wp-content\/uploads\/2021\/06\/logos_lettre_biomasse-1024x724-1.jpeg",1024,724,false],"2048x2048":["https:\/\/sosforetfrance.org\/wp-content\/uploads\/2021\/06\/logos_lettre_biomasse-1024x724-1.jpeg",1024,724,false],"mailpoet_newsletter_max":["https:\/\/sosforetfrance.org\/wp-content\/uploads\/2021\/06\/logos_lettre_biomasse-1024x724-1.jpeg",1024,724,false]},"uagb_author_info":{"display_name":"admin7534","author_link":"https:\/\/sosforetfrance.org\/author\/admin7534\/"},"uagb_comment_info":0,"uagb_excerpt":"Nous reproduisons ci-dessous la lettre ouverte adress\u00e9e par de tr\u00e8s nombreuses associations (dont SOS for\u00eat France) \u00e0 la Pr\u00e9sidente de la Commission europ\u00e9enne Ursula Von der Leyen &#8211; Sommet des [&hellip;]","mfb_rest_fields":["title","uagb_featured_image_src","uagb_author_info","uagb_comment_info","uagb_excerpt"],"_links":{"self":[{"href":"https:\/\/sosforetfrance.org\/index.php\/wp-json\/wp\/v2\/posts\/1786","targetHints":{"allow":["GET"]}}],"collection":[{"href":"https:\/\/sosforetfrance.org\/index.php\/wp-json\/wp\/v2\/posts"}],"about":[{"href":"https:\/\/sosforetfrance.org\/index.php\/wp-json\/wp\/v2\/types\/post"}],"author":[{"embeddable":true,"href":"https:\/\/sosforetfrance.org\/index.php\/wp-json\/wp\/v2\/users\/1"}],"replies":[{"embeddable":true,"href":"https:\/\/sosforetfrance.org\/index.php\/wp-json\/wp\/v2\/comments?post=1786"}],"version-history":[{"count":0,"href":"https:\/\/sosforetfrance.org\/index.php\/wp-json\/wp\/v2\/posts\/1786\/revisions"}],"wp:featuredmedia":[{"embeddable":true,"href":"https:\/\/sosforetfrance.org\/index.php\/wp-json\/wp\/v2\/media\/1787"}],"wp:attachment":[{"href":"https:\/\/sosforetfrance.org\/index.php\/wp-json\/wp\/v2\/media?parent=1786"}],"wp:term":[{"taxonomy":"category","embeddable":true,"href":"https:\/\/sosforetfrance.org\/index.php\/wp-json\/wp\/v2\/categories?post=1786"},{"taxonomy":"post_tag","embeddable":true,"href":"https:\/\/sosforetfrance.org\/index.php\/wp-json\/wp\/v2\/tags?post=1786"}],"curies":[{"name":"wp","href":"https:\/\/api.w.org\/{rel}","templated":true}]}}