{"id":22,"date":"2016-06-09T11:12:50","date_gmt":"2016-06-09T09:12:50","guid":{"rendered":"http:\/\/sosforetfrance.org\/?p=22"},"modified":"2019-07-15T12:06:29","modified_gmt":"2019-07-15T10:06:29","slug":"foret-debout-journee-daction-citoyenne-6-juin-2016","status":"publish","type":"post","link":"https:\/\/sosforetfrance.org\/index.php\/2016\/06\/09\/foret-debout-journee-daction-citoyenne-6-juin-2016\/","title":{"rendered":"\u00ab For\u00eat debout \u00bb, journ\u00e9e d\u2019action citoyenne 6 juin 2016"},"content":{"rendered":"\n<p>Manifestation ouverte \u00e0 tous et gratuite. Les forestiers publics et le \ncollectif SOS-For\u00eat invitent les citoyens \u00e0 d\u00e9couvrir la for\u00eat sous un \nautre jour.<br><\/p>\n\n\n\n<figure class=\"wp-block-image\"><a href=\"http:\/\/www.sosforet.org\/wp-content\/uploads\/2016\/06\/affiche21.jpg\" target=\"_blank\" rel=\"noopener\"><img decoding=\"async\" src=\"http:\/\/www.sosforet.org\/wp-content\/uploads\/2016\/06\/affiche21.jpg\" alt=\"affiche2\" class=\"wp-image-996\"\/><\/a><\/figure>\n","protected":false},"excerpt":{"rendered":"<p>Manifestation ouverte \u00e0 tous et gratuite. Les forestiers publics et le collectif SOS-For\u00eat invitent les citoyens \u00e0 d\u00e9couvrir la for\u00eat sous un autre jour.<\/p>\n","protected":false},"author":1,"featured_media":0,"comment_status":"closed","ping_status":"closed","sticky":false,"template":"","format":"standard","meta":{"_acf_changed":false,"_gspb_post_css":"","_uag_custom_page_level_css":"","_EventAllDay":false,"_EventTimezone":"","_EventStartDate":"","_EventEndDate":"","_EventStartDateUTC":"","_EventEndDateUTC":"","_EventShowMap":false,"_EventShowMapLink":false,"_EventURL":"","_EventCost":"","_EventCostDescription":"","_EventCurrencySymbol":"","_EventCurrencyCode":"","_EventCurrencyPosition":"","_EventDateTimeSeparator":"","_EventTimeRangeSeparator":"","_EventOrganizerID":[],"_EventVenueID":[],"_OrganizerEmail":"","_OrganizerPhone":"","_OrganizerWebsite":"","_VenueAddress":"","_VenueCity":"","_VenueCountry":"","_VenueProvince":"","_VenueState":"","_VenueZip":"","_VenuePhone":"","_VenueURL":"","_VenueStateProvince":"","_VenueLat":"","_VenueLng":"","_VenueShowMap":false,"_VenueShowMapLink":false,"footnotes":""},"categories":[3],"tags":[],"class_list":["post-22","post","type-post","status-publish","format-standard","hentry","category-manifestations"],"mb":[],"acf":[],"uagb_featured_image_src":{"full":false,"thumbnail":false,"medium":false,"medium_large":false,"large":false,"1536x1536":false,"2048x2048":false,"mailpoet_newsletter_max":false},"uagb_author_info":{"display_name":"admin7534","author_link":"https:\/\/sosforetfrance.org\/author\/admin7534\/"},"uagb_comment_info":0,"uagb_excerpt":"Manifestation ouverte \u00e0 tous et gratuite. Les forestiers publics et le collectif SOS-For\u00eat invitent les citoyens \u00e0 d\u00e9couvrir la for\u00eat sous un autre jour.","mfb_rest_fields":["title","uagb_featured_image_src","uagb_author_info","uagb_comment_info","uagb_excerpt"],"_links":{"self":[{"href":"https:\/\/sosforetfrance.org\/index.php\/wp-json\/wp\/v2\/posts\/22","targetHints":{"allow":["GET"]}}],"collection":[{"href":"https:\/\/sosforetfrance.org\/index.php\/wp-json\/wp\/v2\/posts"}],"about":[{"href":"https:\/\/sosforetfrance.org\/index.php\/wp-json\/wp\/v2\/types\/post"}],"author":[{"embeddable":true,"href":"https:\/\/sosforetfrance.org\/index.php\/wp-json\/wp\/v2\/users\/1"}],"replies":[{"embeddable":true,"href":"https:\/\/sosforetfrance.org\/index.php\/wp-json\/wp\/v2\/comments?post=22"}],"version-history":[{"count":0,"href":"https:\/\/sosforetfrance.org\/index.php\/wp-json\/wp\/v2\/posts\/22\/revisions"}],"wp:attachment":[{"href":"https:\/\/sosforetfrance.org\/index.php\/wp-json\/wp\/v2\/media?parent=22"}],"wp:term":[{"taxonomy":"category","embeddable":true,"href":"https:\/\/sosforetfrance.org\/index.php\/wp-json\/wp\/v2\/categories?post=22"},{"taxonomy":"post_tag","embeddable":true,"href":"https:\/\/sosforetfrance.org\/index.php\/wp-json\/wp\/v2\/tags?post=22"}],"curies":[{"name":"wp","href":"https:\/\/api.w.org\/{rel}","templated":true}]}}