{"id":2242,"date":"2021-11-06T19:49:37","date_gmt":"2021-11-06T18:49:37","guid":{"rendered":"https:\/\/sosforetfrance.org\/?p=2242"},"modified":"2021-11-07T19:14:19","modified_gmt":"2021-11-07T18:14:19","slug":"6-nov-marche-pour-la-foret-du-mont-touleur","status":"publish","type":"post","link":"https:\/\/sosforetfrance.org\/index.php\/2021\/11\/06\/6-nov-marche-pour-la-foret-du-mont-touleur\/","title":{"rendered":"6 nov. Marche pour la for\u00eat du Mont Touleur"},"content":{"rendered":"\n<p>Pr\u00e8s de  600 personnes (selon les gendarmes qui s\u00e9curisaient la marche) ont particip\u00e9 \u00e0 cette marche contre les coupes rases dans le Mont Touleur et dans le Morvan. Grand succ\u00e8s pour cette marche organis\u00e9e par l&rsquo;association La Bresseille et soutenue par de nombreuses associations du Morvan pour \u00e9viter les coupes rases dans ce mont forestier encore enti\u00e8rement couvert de feuillus et plus largement pour lutter contre les coupes rase dans le Morvan.<\/p>\n\n\n\n<p><a href=\"https:\/\/alerteforettouleur.fr\/\" target=\"_blank\" rel=\"noreferrer noopener\">Le site<\/a><\/p>\n\n\n\n<p><a href=\"https:\/\/www.change.org\/p\/habitants-du-sud-morvan-pr%C3%A9servons-le-mont-touleur-%C3%A0-larochemillay-200-hectares-menac%C3%A9s-de-coupes-rases-de0469ee-637d-46e0-adce-bf4627c65d40?utm_content=cl_sharecopy_30967336_fr-FR%3A6&amp;recruiter=907351858&amp;utm_source=share_petition&amp;utm_medium=copylink&amp;utm_campaign=share_petition\" target=\"_blank\" rel=\"noopener\">La p\u00e9tition<\/a><\/p>\n\n\n\n<p><a href=\"https:\/\/france3-regions.francetvinfo.fr\/bourgogne-franche-comte\/nievre\/inquiets-de-potentielles-coupes-rases-des-habitants-de-la-nievre-se-mobilisent-pour-sauver-foret-du-mont-touleur-2324362.html\" target=\"_blank\" rel=\"noreferrer noopener\">L&rsquo;article de france 3 Bourgogne<\/a><\/p>\n\n\n\n<p><a href=\"https:\/\/adretmorvan.org\/index.php\/2021\/11\/06\/grosse-mobilisation-contre-les-coupes-rases-au-mont-touleur\/\" target=\"_blank\" rel=\"noreferrer noopener\">Le compte rendu par Adret Morvan<\/a><\/p>\n\n\n\n<p><a href=\"https:\/\/www.liberation.fr\/environnement\/deforestation-dans-le-morvan-mobilisation-pour-une-foret-menacee-20211107_KP7MYAMM4RE4BOZHA26TWA6SAM\/\" target=\"_blank\" rel=\"noreferrer noopener\">L&rsquo;article de Lib\u00e9ration<\/a><\/p>\n\n\n\n<figure class=\"wp-block-image size-large\"><img loading=\"lazy\" decoding=\"async\" width=\"1024\" height=\"413\" src=\"https:\/\/sosforetfrance.org\/wp-content\/uploads\/2021\/11\/Manif-mt-Touleur-1024x413.jpg\" alt=\"\" class=\"wp-image-2248\" srcset=\"https:\/\/sosforetfrance.org\/wp-content\/uploads\/2021\/11\/Manif-mt-Touleur-1024x413.jpg 1024w, https:\/\/sosforetfrance.org\/wp-content\/uploads\/2021\/11\/Manif-mt-Touleur-300x121.jpg 300w, https:\/\/sosforetfrance.org\/wp-content\/uploads\/2021\/11\/Manif-mt-Touleur-768x310.jpg 768w, https:\/\/sosforetfrance.org\/wp-content\/uploads\/2021\/11\/Manif-mt-Touleur-1320x532.jpg 1320w, https:\/\/sosforetfrance.org\/wp-content\/uploads\/2021\/11\/Manif-mt-Touleur.jpg 1500w\" sizes=\"auto, (max-width: 1024px) 100vw, 1024px\" \/><\/figure>\n\n\n\n<figure class=\"wp-block-gallery columns-3 is-cropped wp-block-gallery-1 is-layout-flex wp-block-gallery-is-layout-flex\"><ul class=\"blocks-gallery-grid\"><li class=\"blocks-gallery-item\"><figure><img loading=\"lazy\" decoding=\"async\" width=\"1024\" height=\"683\" src=\"https:\/\/sosforetfrance.org\/wp-content\/uploads\/2021\/11\/Manif-mt-Touleur-2-1024x683.jpg\" alt=\"\" data-id=\"2244\" data-full-url=\"https:\/\/sosforetfrance.org\/wp-content\/uploads\/2021\/11\/Manif-mt-Touleur-2.jpg\" data-link=\"https:\/\/sosforetfrance.org\/manif-mt-touleur-2\/\" class=\"wp-image-2244\" srcset=\"https:\/\/sosforetfrance.org\/wp-content\/uploads\/2021\/11\/Manif-mt-Touleur-2-1024x683.jpg 1024w, https:\/\/sosforetfrance.org\/wp-content\/uploads\/2021\/11\/Manif-mt-Touleur-2-300x200.jpg 300w, https:\/\/sosforetfrance.org\/wp-content\/uploads\/2021\/11\/Manif-mt-Touleur-2-768x512.jpg 768w, https:\/\/sosforetfrance.org\/wp-content\/uploads\/2021\/11\/Manif-mt-Touleur-2-1320x880.jpg 1320w, https:\/\/sosforetfrance.org\/wp-content\/uploads\/2021\/11\/Manif-mt-Touleur-2.jpg 1500w\" sizes=\"auto, (max-width: 1024px) 100vw, 1024px\" \/><\/figure><\/li><li class=\"blocks-gallery-item\"><figure><img loading=\"lazy\" decoding=\"async\" width=\"1024\" height=\"683\" src=\"https:\/\/sosforetfrance.org\/wp-content\/uploads\/2021\/11\/Manif-mt-Touleur-5-1024x683.jpg\" alt=\"\" data-id=\"2247\" data-full-url=\"https:\/\/sosforetfrance.org\/wp-content\/uploads\/2021\/11\/Manif-mt-Touleur-5.jpg\" data-link=\"https:\/\/sosforetfrance.org\/manif-mt-touleur-5\/\" class=\"wp-image-2247\" srcset=\"https:\/\/sosforetfrance.org\/wp-content\/uploads\/2021\/11\/Manif-mt-Touleur-5-1024x683.jpg 1024w, https:\/\/sosforetfrance.org\/wp-content\/uploads\/2021\/11\/Manif-mt-Touleur-5-300x200.jpg 300w, https:\/\/sosforetfrance.org\/wp-content\/uploads\/2021\/11\/Manif-mt-Touleur-5-768x512.jpg 768w, https:\/\/sosforetfrance.org\/wp-content\/uploads\/2021\/11\/Manif-mt-Touleur-5-1320x880.jpg 1320w, https:\/\/sosforetfrance.org\/wp-content\/uploads\/2021\/11\/Manif-mt-Touleur-5.jpg 1500w\" sizes=\"auto, (max-width: 1024px) 100vw, 1024px\" \/><\/figure><\/li><li class=\"blocks-gallery-item\"><figure><img loading=\"lazy\" decoding=\"async\" width=\"1024\" height=\"683\" src=\"https:\/\/sosforetfrance.org\/wp-content\/uploads\/2021\/11\/Manif-mt-Touleur-3-1024x683.jpg\" alt=\"\" data-id=\"2245\" data-full-url=\"https:\/\/sosforetfrance.org\/wp-content\/uploads\/2021\/11\/Manif-mt-Touleur-3.jpg\" data-link=\"https:\/\/sosforetfrance.org\/manif-mt-touleur-3\/\" class=\"wp-image-2245\" srcset=\"https:\/\/sosforetfrance.org\/wp-content\/uploads\/2021\/11\/Manif-mt-Touleur-3-1024x683.jpg 1024w, https:\/\/sosforetfrance.org\/wp-content\/uploads\/2021\/11\/Manif-mt-Touleur-3-300x200.jpg 300w, https:\/\/sosforetfrance.org\/wp-content\/uploads\/2021\/11\/Manif-mt-Touleur-3-768x512.jpg 768w, https:\/\/sosforetfrance.org\/wp-content\/uploads\/2021\/11\/Manif-mt-Touleur-3-1320x880.jpg 1320w, https:\/\/sosforetfrance.org\/wp-content\/uploads\/2021\/11\/Manif-mt-Touleur-3.jpg 1500w\" sizes=\"auto, (max-width: 1024px) 100vw, 1024px\" \/><\/figure><\/li><li class=\"blocks-gallery-item\"><figure><img loading=\"lazy\" decoding=\"async\" width=\"1024\" height=\"683\" src=\"https:\/\/sosforetfrance.org\/wp-content\/uploads\/2021\/11\/Manif-mt-Touleur-4-1-1024x683.jpg\" alt=\"\" data-id=\"2246\" data-full-url=\"https:\/\/sosforetfrance.org\/wp-content\/uploads\/2021\/11\/Manif-mt-Touleur-4-1.jpg\" data-link=\"https:\/\/sosforetfrance.org\/manif-mt-touleur-4-1\/\" class=\"wp-image-2246\" srcset=\"https:\/\/sosforetfrance.org\/wp-content\/uploads\/2021\/11\/Manif-mt-Touleur-4-1-1024x683.jpg 1024w, https:\/\/sosforetfrance.org\/wp-content\/uploads\/2021\/11\/Manif-mt-Touleur-4-1-300x200.jpg 300w, https:\/\/sosforetfrance.org\/wp-content\/uploads\/2021\/11\/Manif-mt-Touleur-4-1-768x512.jpg 768w, https:\/\/sosforetfrance.org\/wp-content\/uploads\/2021\/11\/Manif-mt-Touleur-4-1-1320x880.jpg 1320w, https:\/\/sosforetfrance.org\/wp-content\/uploads\/2021\/11\/Manif-mt-Touleur-4-1.jpg 1500w\" sizes=\"auto, (max-width: 1024px) 100vw, 1024px\" \/><\/figure><\/li><\/ul><\/figure>\n","protected":false},"excerpt":{"rendered":"<p>Pr\u00e8s de 600 personnes (selon les gendarmes qui s\u00e9curisaient la marche) ont particip\u00e9 \u00e0 cette marche contre les coupes rases dans le Mont Touleur et dans le Morvan. Grand succ\u00e8s [&hellip;]<\/p>\n","protected":false},"author":1,"featured_media":2245,"comment_status":"closed","ping_status":"closed","sticky":false,"template":"","format":"standard","meta":{"_acf_changed":false,"_gspb_post_css":"","_uag_custom_page_level_css":"","_EventAllDay":false,"_EventTimezone":"","_EventStartDate":"","_EventEndDate":"","_EventStartDateUTC":"","_EventEndDateUTC":"","_EventShowMap":false,"_EventShowMapLink":false,"_EventURL":"","_EventCost":"","_EventCostDescription":"","_EventCurrencySymbol":"","_EventCurrencyCode":"","_EventCurrencyPosition":"","_EventDateTimeSeparator":"","_EventTimeRangeSeparator":"","_EventOrganizerID":[],"_EventVenueID":[],"_OrganizerEmail":"","_OrganizerPhone":"","_OrganizerWebsite":"","_VenueAddress":"","_VenueCity":"","_VenueCountry":"","_VenueProvince":"","_VenueState":"","_VenueZip":"","_VenuePhone":"","_VenueURL":"","_VenueStateProvince":"","_VenueLat":"","_VenueLng":"","_VenueShowMap":false,"_VenueShowMapLink":false,"footnotes":""},"categories":[20],"tags":[],"class_list":["post-2242","post","type-post","status-publish","format-standard","has-post-thumbnail","hentry","category-appel"],"mb":[],"acf":[],"uagb_featured_image_src":{"full":["https:\/\/sosforetfrance.org\/wp-content\/uploads\/2021\/11\/Manif-mt-Touleur-3.jpg",1500,1000,false],"thumbnail":["https:\/\/sosforetfrance.org\/wp-content\/uploads\/2021\/11\/Manif-mt-Touleur-3-150x150.jpg",150,150,true],"medium":["https:\/\/sosforetfrance.org\/wp-content\/uploads\/2021\/11\/Manif-mt-Touleur-3-300x200.jpg",300,200,true],"medium_large":["https:\/\/sosforetfrance.org\/wp-content\/uploads\/2021\/11\/Manif-mt-Touleur-3-768x512.jpg",768,512,true],"large":["https:\/\/sosforetfrance.org\/wp-content\/uploads\/2021\/11\/Manif-mt-Touleur-3-1024x683.jpg",1024,683,true],"1536x1536":["https:\/\/sosforetfrance.org\/wp-content\/uploads\/2021\/11\/Manif-mt-Touleur-3.jpg",1500,1000,false],"2048x2048":["https:\/\/sosforetfrance.org\/wp-content\/uploads\/2021\/11\/Manif-mt-Touleur-3.jpg",1500,1000,false],"mailpoet_newsletter_max":["https:\/\/sosforetfrance.org\/wp-content\/uploads\/2021\/11\/Manif-mt-Touleur-3-1320x880.jpg",1320,880,true]},"uagb_author_info":{"display_name":"admin7534","author_link":"https:\/\/sosforetfrance.org\/author\/admin7534\/"},"uagb_comment_info":0,"uagb_excerpt":"Pr\u00e8s de 600 personnes (selon les gendarmes qui s\u00e9curisaient la marche) ont particip\u00e9 \u00e0 cette marche contre les coupes rases dans le Mont Touleur et dans le Morvan. Grand succ\u00e8s [&hellip;]","mfb_rest_fields":["title","uagb_featured_image_src","uagb_author_info","uagb_comment_info","uagb_excerpt"],"_links":{"self":[{"href":"https:\/\/sosforetfrance.org\/index.php\/wp-json\/wp\/v2\/posts\/2242","targetHints":{"allow":["GET"]}}],"collection":[{"href":"https:\/\/sosforetfrance.org\/index.php\/wp-json\/wp\/v2\/posts"}],"about":[{"href":"https:\/\/sosforetfrance.org\/index.php\/wp-json\/wp\/v2\/types\/post"}],"author":[{"embeddable":true,"href":"https:\/\/sosforetfrance.org\/index.php\/wp-json\/wp\/v2\/users\/1"}],"replies":[{"embeddable":true,"href":"https:\/\/sosforetfrance.org\/index.php\/wp-json\/wp\/v2\/comments?post=2242"}],"version-history":[{"count":0,"href":"https:\/\/sosforetfrance.org\/index.php\/wp-json\/wp\/v2\/posts\/2242\/revisions"}],"wp:featuredmedia":[{"embeddable":true,"href":"https:\/\/sosforetfrance.org\/index.php\/wp-json\/wp\/v2\/media\/2245"}],"wp:attachment":[{"href":"https:\/\/sosforetfrance.org\/index.php\/wp-json\/wp\/v2\/media?parent=2242"}],"wp:term":[{"taxonomy":"category","embeddable":true,"href":"https:\/\/sosforetfrance.org\/index.php\/wp-json\/wp\/v2\/categories?post=2242"},{"taxonomy":"post_tag","embeddable":true,"href":"https:\/\/sosforetfrance.org\/index.php\/wp-json\/wp\/v2\/tags?post=2242"}],"curies":[{"name":"wp","href":"https:\/\/api.w.org\/{rel}","templated":true}]}}