{"id":2316,"date":"2021-12-23T12:40:09","date_gmt":"2021-12-23T11:40:09","guid":{"rendered":"https:\/\/sosforetfrance.org\/?p=2316"},"modified":"2022-10-07T00:26:48","modified_gmt":"2022-10-06T22:26:48","slug":"les-ong-europeennes-ecrivent-au-ministre-allemand-de-lindustrie-et-du-climat","status":"publish","type":"post","link":"https:\/\/sosforetfrance.org\/index.php\/2021\/12\/23\/les-ong-europeennes-ecrivent-au-ministre-allemand-de-lindustrie-et-du-climat\/","title":{"rendered":"Les ONG europ\u00e9ennes \u00e9crivent au Ministre allemand de l&rsquo;industrie et du climat"},"content":{"rendered":"\n<p>\u00c0 l&rsquo;initiative de l&rsquo;association Europ\u00e9enne Fern, plusieurs ONG europ\u00e9ennes du climat et des for\u00eats(dont SOS For\u00eat France) ont envoy\u00e9 une lettre \u00e0 Robert Habeck Ministre f\u00e9d\u00e9ral de l&rsquo;\u00e9conomie et de la protection du climat issu des rangs \u00ab\u00a0verts\u00a0\u00bb de la nouvelle coalition au pouvoir en Allemagne.<\/p>\n\n\n\n<p>M. Habeck semble tr\u00e8s conscient des probl\u00e8mes engendr\u00e9s par le d\u00e9veloppement de la biomasse foresti\u00e8re dans la strat\u00e9gie \u00e9nerg\u00e9tique actuelle. Mais les lobbies de la fili\u00e8re industrielle sont d\u00e9j\u00e0 \u00e0 l&rsquo;\u0153uvre&#8230; Nous tenions \u00e0 lui rappeler nos attentes pour que la politique europ\u00e9enne de la biomasse cesse d&rsquo;aggraver la crise climatique et pour mettre fin aux incitations de l&rsquo;UE pour la biomasse ligneuse dans la production d&rsquo;\u00e9nergie.<\/p>\n\n\n\n<div data-wp-interactive=\"core\/file\" class=\"wp-block-file\"><object data-wp-bind--hidden=\"!state.hasPdfPreview\" hidden class=\"wp-block-file__embed\" data=\"https:\/\/sosforetfrance.org\/wp-content\/uploads\/2021\/12\/NGOs_Letter_to_Minister_Habeck_01.pdf\" type=\"application\/pdf\" style=\"width:100%;height:600px\" aria-label=\"Contenu embarqu\u00e9 Contenu embarqu\u00e9 NGOs_Letter_to_Minister_Habeck_01..\"><\/object><a href=\"https:\/\/sosforetfrance.org\/wp-content\/uploads\/2021\/12\/NGOs_Letter_to_Minister_Habeck_01.pdf\">NGOs_Letter_to_Minister_Habeck_01<\/a><a href=\"https:\/\/sosforetfrance.org\/wp-content\/uploads\/2021\/12\/NGOs_Letter_to_Minister_Habeck_01.pdf\" class=\"wp-block-file__button\" download>T\u00e9l\u00e9charger<\/a><\/div>\n\n\n\n<p><meta charset=\"utf-8\"><\/p>\n","protected":false},"excerpt":{"rendered":"<p>\u00c0 l&rsquo;initiative de l&rsquo;association Europ\u00e9enne Fern, plusieurs ONG europ\u00e9ennes du climat et des for\u00eats(dont SOS For\u00eat France) ont envoy\u00e9 une lettre \u00e0 Robert Habeck Ministre f\u00e9d\u00e9ral de l&rsquo;\u00e9conomie et de [&hellip;]<\/p>\n","protected":false},"author":1,"featured_media":2320,"comment_status":"closed","ping_status":"closed","sticky":false,"template":"","format":"standard","meta":{"_acf_changed":false,"_gspb_post_css":"","_uag_custom_page_level_css":"","_EventAllDay":false,"_EventTimezone":"","_EventStartDate":"","_EventEndDate":"","_EventStartDateUTC":"","_EventEndDateUTC":"","_EventShowMap":false,"_EventShowMapLink":false,"_EventURL":"","_EventCost":"","_EventCostDescription":"","_EventCurrencySymbol":"","_EventCurrencyCode":"","_EventCurrencyPosition":"","_EventDateTimeSeparator":"","_EventTimeRangeSeparator":"","_EventOrganizerID":[],"_EventVenueID":[],"_OrganizerEmail":"","_OrganizerPhone":"","_OrganizerWebsite":"","_VenueAddress":"","_VenueCity":"","_VenueCountry":"","_VenueProvince":"","_VenueState":"","_VenueZip":"","_VenuePhone":"","_VenueURL":"","_VenueStateProvince":"","_VenueLat":"","_VenueLng":"","_VenueShowMap":false,"_VenueShowMapLink":false,"footnotes":""},"categories":[19,3],"tags":[],"class_list":["post-2316","post","type-post","status-publish","format-standard","has-post-thumbnail","hentry","category-comprendre","category-manifestations"],"mb":[],"acf":[],"uagb_featured_image_src":{"full":["https:\/\/sosforetfrance.org\/wp-content\/uploads\/2021\/12\/associations-lettre-au-ministre-Habeck-1.jpg",1500,818,false],"thumbnail":["https:\/\/sosforetfrance.org\/wp-content\/uploads\/2021\/12\/associations-lettre-au-ministre-Habeck-1-150x150.jpg",150,150,true],"medium":["https:\/\/sosforetfrance.org\/wp-content\/uploads\/2021\/12\/associations-lettre-au-ministre-Habeck-1-300x164.jpg",300,164,true],"medium_large":["https:\/\/sosforetfrance.org\/wp-content\/uploads\/2021\/12\/associations-lettre-au-ministre-Habeck-1-768x419.jpg",768,419,true],"large":["https:\/\/sosforetfrance.org\/wp-content\/uploads\/2021\/12\/associations-lettre-au-ministre-Habeck-1-1024x558.jpg",1024,558,true],"1536x1536":["https:\/\/sosforetfrance.org\/wp-content\/uploads\/2021\/12\/associations-lettre-au-ministre-Habeck-1.jpg",1500,818,false],"2048x2048":["https:\/\/sosforetfrance.org\/wp-content\/uploads\/2021\/12\/associations-lettre-au-ministre-Habeck-1.jpg",1500,818,false],"mailpoet_newsletter_max":["https:\/\/sosforetfrance.org\/wp-content\/uploads\/2021\/12\/associations-lettre-au-ministre-Habeck-1-1320x720.jpg",1320,720,true]},"uagb_author_info":{"display_name":"admin7534","author_link":"https:\/\/sosforetfrance.org\/author\/admin7534\/"},"uagb_comment_info":0,"uagb_excerpt":"\u00c0 l&rsquo;initiative de l&rsquo;association Europ\u00e9enne Fern, plusieurs ONG europ\u00e9ennes du climat et des for\u00eats(dont SOS For\u00eat France) ont envoy\u00e9 une lettre \u00e0 Robert Habeck Ministre f\u00e9d\u00e9ral de l&rsquo;\u00e9conomie et de [&hellip;]","mfb_rest_fields":["title","uagb_featured_image_src","uagb_author_info","uagb_comment_info","uagb_excerpt"],"_links":{"self":[{"href":"https:\/\/sosforetfrance.org\/index.php\/wp-json\/wp\/v2\/posts\/2316","targetHints":{"allow":["GET"]}}],"collection":[{"href":"https:\/\/sosforetfrance.org\/index.php\/wp-json\/wp\/v2\/posts"}],"about":[{"href":"https:\/\/sosforetfrance.org\/index.php\/wp-json\/wp\/v2\/types\/post"}],"author":[{"embeddable":true,"href":"https:\/\/sosforetfrance.org\/index.php\/wp-json\/wp\/v2\/users\/1"}],"replies":[{"embeddable":true,"href":"https:\/\/sosforetfrance.org\/index.php\/wp-json\/wp\/v2\/comments?post=2316"}],"version-history":[{"count":0,"href":"https:\/\/sosforetfrance.org\/index.php\/wp-json\/wp\/v2\/posts\/2316\/revisions"}],"wp:featuredmedia":[{"embeddable":true,"href":"https:\/\/sosforetfrance.org\/index.php\/wp-json\/wp\/v2\/media\/2320"}],"wp:attachment":[{"href":"https:\/\/sosforetfrance.org\/index.php\/wp-json\/wp\/v2\/media?parent=2316"}],"wp:term":[{"taxonomy":"category","embeddable":true,"href":"https:\/\/sosforetfrance.org\/index.php\/wp-json\/wp\/v2\/categories?post=2316"},{"taxonomy":"post_tag","embeddable":true,"href":"https:\/\/sosforetfrance.org\/index.php\/wp-json\/wp\/v2\/tags?post=2316"}],"curies":[{"name":"wp","href":"https:\/\/api.w.org\/{rel}","templated":true}]}}