{"id":2546,"date":"2022-05-18T11:29:16","date_gmt":"2022-05-18T09:29:16","guid":{"rendered":"https:\/\/sosforetfrance.org\/?p=2546"},"modified":"2022-08-20T12:48:52","modified_gmt":"2022-08-20T10:48:52","slug":"bonne-nouvelle-de-leurope","status":"publish","type":"post","link":"https:\/\/sosforetfrance.org\/index.php\/2022\/05\/18\/bonne-nouvelle-de-leurope\/","title":{"rendered":"Bonne nouvelle de l&rsquo;Europe"},"content":{"rendered":"\n<p><strong>Le 16 mai 2022, la commission Environnement du Parlement Europ\u00e9en a exclu la biomasse foresti\u00e8re primaire (celle pr\u00e9lev\u00e9 directement en for\u00eat par opposition \u00e0 la secondaire issue des d\u00e9chets de scierie)  des sources d\u2019\u00e9nergie comptabilis\u00e9es comme renouvelables dans le mix \u00e9nerg\u00e9tique des \u00c9tats membres. <\/strong><\/p>\n\n\n\n<p>Cette avanc\u00e9e devrait mettre un coup de frein \u00e0 certains projets d\u00e9lirants bas\u00e9 sur une exploitation industrialis\u00e9e de la for\u00eat rentable uniquement gr\u00e2ce aux subventions li\u00e9 \u00e0 l&rsquo;\u00e9nergie renouvelable. De nombreuses alertes des scientifiques et d&rsquo;associations avaient \u00e9t\u00e9 adress\u00e9e \u00e0 l&rsquo;Europe. Nombre d&rsquo;entre nous ont conduit des actions localement pour d\u00e9noncer ces d\u00e9rives ou bloquer des projets comme dans le <a href=\"https:\/\/sosforetfrance.org\/index.php\/2020\/06\/22\/campagne-nationale-contre-les-coupes-rases\/\" target=\"_blank\" rel=\"noreferrer noopener\">Morvan<\/a>, \u00e0 <a href=\"https:\/\/france3-regions.francetvinfo.fr\/provence-alpes-cote-d-azur\/bouches-du-rhone\/metropole-aix-marseille\/marseille\/gardanne-foret-au-coeur-du-debat-ecologique-832071.html\" target=\"_blank\" rel=\"noreferrer noopener\">Gardanne<\/a> \u00e0 <a href=\"https:\/\/www.francebleu.fr\/infos\/climat-environnement\/tonnerre-le-projet-de-centrale-biomasse-ne-plait-pas-tout-le-monde-1454609207\" target=\"_blank\" rel=\"noreferrer noopener\">Tonnerre<\/a>&#8230;<\/p>\n\n\n\n<p><a href=\"https:\/\/sosforetfrance.org\/index.php\/2021\/05\/20\/biomasse-lettre-ouverte-a-la-commission-europeenne\/\" target=\"_blank\" rel=\"noreferrer noopener\">Une p\u00e9tition europ\u00e9enne<\/a> avaient \u00e9t\u00e9 lanc\u00e9 \u00e0 l&rsquo;initiative de nombreuses associations.<\/p>\n\n\n\n<p><strong>C&rsquo;est un pas important pour l&rsquo;avenir de la for\u00eat qui vient d&rsquo;\u00eatre franchi ce 16 mai.<\/strong><\/p>\n\n\n\n<p><a href=\"https:\/\/www.canopee-asso.org\/lunion-europeenne-fait-marche-arriere-sur-son-soutien-au-bois-energie\/\" target=\"_blank\" rel=\"noreferrer noopener\">Lire aussi l&rsquo;article de Canop\u00e9e<\/a><\/p>\n","protected":false},"excerpt":{"rendered":"<p>Le 16 mai 2022, la commission Environnement du Parlement Europ\u00e9en a exclu la biomasse foresti\u00e8re primaire (celle pr\u00e9lev\u00e9 directement en for\u00eat par opposition \u00e0 la secondaire issue des d\u00e9chets de [&hellip;]<\/p>\n","protected":false},"author":1,"featured_media":1078,"comment_status":"closed","ping_status":"closed","sticky":false,"template":"","format":"standard","meta":{"_acf_changed":false,"_gspb_post_css":"","_uag_custom_page_level_css":"","_EventAllDay":false,"_EventTimezone":"","_EventStartDate":"","_EventEndDate":"","_EventStartDateUTC":"","_EventEndDateUTC":"","_EventShowMap":false,"_EventShowMapLink":false,"_EventURL":"","_EventCost":"","_EventCostDescription":"","_EventCurrencySymbol":"","_EventCurrencyCode":"","_EventCurrencyPosition":"","_EventDateTimeSeparator":"","_EventTimeRangeSeparator":"","_EventOrganizerID":[],"_EventVenueID":[],"_OrganizerEmail":"","_OrganizerPhone":"","_OrganizerWebsite":"","_VenueAddress":"","_VenueCity":"","_VenueCountry":"","_VenueProvince":"","_VenueState":"","_VenueZip":"","_VenuePhone":"","_VenueURL":"","_VenueStateProvince":"","_VenueLat":"","_VenueLng":"","_VenueShowMap":false,"_VenueShowMapLink":false,"footnotes":""},"categories":[19],"tags":[],"class_list":["post-2546","post","type-post","status-publish","format-standard","has-post-thumbnail","hentry","category-comprendre"],"mb":[],"acf":[],"uagb_featured_image_src":{"full":["https:\/\/sosforetfrance.org\/wp-content\/uploads\/2020\/05\/Coupes-rases-11-Adret-Morvan-JLP-1.jpg",1496,877,false],"thumbnail":["https:\/\/sosforetfrance.org\/wp-content\/uploads\/2020\/05\/Coupes-rases-11-Adret-Morvan-JLP-1-150x150.jpg",150,150,true],"medium":["https:\/\/sosforetfrance.org\/wp-content\/uploads\/2020\/05\/Coupes-rases-11-Adret-Morvan-JLP-1-300x176.jpg",300,176,true],"medium_large":["https:\/\/sosforetfrance.org\/wp-content\/uploads\/2020\/05\/Coupes-rases-11-Adret-Morvan-JLP-1-768x450.jpg",768,450,true],"large":["https:\/\/sosforetfrance.org\/wp-content\/uploads\/2020\/05\/Coupes-rases-11-Adret-Morvan-JLP-1-1024x600.jpg",1024,600,true],"1536x1536":["https:\/\/sosforetfrance.org\/wp-content\/uploads\/2020\/05\/Coupes-rases-11-Adret-Morvan-JLP-1.jpg",1496,877,false],"2048x2048":["https:\/\/sosforetfrance.org\/wp-content\/uploads\/2020\/05\/Coupes-rases-11-Adret-Morvan-JLP-1.jpg",1496,877,false],"mailpoet_newsletter_max":["https:\/\/sosforetfrance.org\/wp-content\/uploads\/2020\/05\/Coupes-rases-11-Adret-Morvan-JLP-1-1320x774.jpg",1320,774,true]},"uagb_author_info":{"display_name":"admin7534","author_link":"https:\/\/sosforetfrance.org\/author\/admin7534\/"},"uagb_comment_info":0,"uagb_excerpt":"Le 16 mai 2022, la commission Environnement du Parlement Europ\u00e9en a exclu la biomasse foresti\u00e8re primaire (celle pr\u00e9lev\u00e9 directement en for\u00eat par opposition \u00e0 la secondaire issue des d\u00e9chets de [&hellip;]","mfb_rest_fields":["title","uagb_featured_image_src","uagb_author_info","uagb_comment_info","uagb_excerpt"],"_links":{"self":[{"href":"https:\/\/sosforetfrance.org\/index.php\/wp-json\/wp\/v2\/posts\/2546","targetHints":{"allow":["GET"]}}],"collection":[{"href":"https:\/\/sosforetfrance.org\/index.php\/wp-json\/wp\/v2\/posts"}],"about":[{"href":"https:\/\/sosforetfrance.org\/index.php\/wp-json\/wp\/v2\/types\/post"}],"author":[{"embeddable":true,"href":"https:\/\/sosforetfrance.org\/index.php\/wp-json\/wp\/v2\/users\/1"}],"replies":[{"embeddable":true,"href":"https:\/\/sosforetfrance.org\/index.php\/wp-json\/wp\/v2\/comments?post=2546"}],"version-history":[{"count":0,"href":"https:\/\/sosforetfrance.org\/index.php\/wp-json\/wp\/v2\/posts\/2546\/revisions"}],"wp:featuredmedia":[{"embeddable":true,"href":"https:\/\/sosforetfrance.org\/index.php\/wp-json\/wp\/v2\/media\/1078"}],"wp:attachment":[{"href":"https:\/\/sosforetfrance.org\/index.php\/wp-json\/wp\/v2\/media?parent=2546"}],"wp:term":[{"taxonomy":"category","embeddable":true,"href":"https:\/\/sosforetfrance.org\/index.php\/wp-json\/wp\/v2\/categories?post=2546"},{"taxonomy":"post_tag","embeddable":true,"href":"https:\/\/sosforetfrance.org\/index.php\/wp-json\/wp\/v2\/tags?post=2546"}],"curies":[{"name":"wp","href":"https:\/\/api.w.org\/{rel}","templated":true}]}}