{"id":2585,"date":"2022-07-14T13:09:17","date_gmt":"2022-07-14T11:09:17","guid":{"rendered":"https:\/\/sosforetfrance.org\/?p=2585"},"modified":"2022-08-20T13:10:53","modified_gmt":"2022-08-20T11:10:53","slug":"reglement-europeen-contre-la-deforestation-le-detricotage-du-conseil","status":"publish","type":"post","link":"https:\/\/sosforetfrance.org\/index.php\/2022\/07\/14\/reglement-europeen-contre-la-deforestation-le-detricotage-du-conseil\/","title":{"rendered":"R\u00e8glement europ\u00e9en contre la d\u00e9forestation : le d\u00e9tricotage du conseil"},"content":{"rendered":"\n<p>L&rsquo;association Canop\u00e9e for\u00eat vivantes (membre de SOS for\u00eat) d\u00e9nonce dans un article publi\u00e9 sur son site, la soumission des ministres  Europ\u00e9ens au lobby de l\u2019industrie au d\u00e9triment des citoyens. Le 28 juin, les ministres de l\u2019environnement europ\u00e9ens,\u00a0r\u00e9unis en Conseil, ont adopt\u00e9 une position sur la proposition de loi contre la d\u00e9forestation. Alors que le texte initial publi\u00e9 par la Commission en novembre dernier comportait des bases \u00e0 consolider, le Conseil a pris la direction inverse.<\/p>\n\n\n\n<p><a href=\"https:\/\/www.canopee-asso.org\/reglement-europeen-contre-la-deforestation-le-detricotage-du-conseil\/\" target=\"_blank\" rel=\"noreferrer noopener\">Lire l&rsquo;article sur le site de Canop\u00e9e<\/a><\/p>\n","protected":false},"excerpt":{"rendered":"<p>L&rsquo;association Canop\u00e9e for\u00eat vivantes (membre de SOS for\u00eat) d\u00e9nonce dans un article publi\u00e9 sur son site, la soumission des ministres Europ\u00e9ens au lobby de l\u2019industrie au d\u00e9triment des citoyens. Le [&hellip;]<\/p>\n","protected":false},"author":1,"featured_media":2586,"comment_status":"closed","ping_status":"closed","sticky":false,"template":"","format":"standard","meta":{"_acf_changed":false,"_gspb_post_css":"","_uag_custom_page_level_css":"","_EventAllDay":false,"_EventTimezone":"","_EventStartDate":"","_EventEndDate":"","_EventStartDateUTC":"","_EventEndDateUTC":"","_EventShowMap":false,"_EventShowMapLink":false,"_EventURL":"","_EventCost":"","_EventCostDescription":"","_EventCurrencySymbol":"","_EventCurrencyCode":"","_EventCurrencyPosition":"","_EventDateTimeSeparator":"","_EventTimeRangeSeparator":"","_EventOrganizerID":[],"_EventVenueID":[],"_OrganizerEmail":"","_OrganizerPhone":"","_OrganizerWebsite":"","_VenueAddress":"","_VenueCity":"","_VenueCountry":"","_VenueProvince":"","_VenueState":"","_VenueZip":"","_VenuePhone":"","_VenueURL":"","_VenueStateProvince":"","_VenueLat":"","_VenueLng":"","_VenueShowMap":false,"_VenueShowMapLink":false,"footnotes":""},"categories":[19],"tags":[],"class_list":["post-2585","post","type-post","status-publish","format-standard","has-post-thumbnail","hentry","category-comprendre"],"mb":[],"acf":[],"uagb_featured_image_src":{"full":["https:\/\/sosforetfrance.org\/wp-content\/uploads\/2022\/08\/photobresil-canopee.jpg",1170,770,false],"thumbnail":["https:\/\/sosforetfrance.org\/wp-content\/uploads\/2022\/08\/photobresil-canopee-150x150.jpg",150,150,true],"medium":["https:\/\/sosforetfrance.org\/wp-content\/uploads\/2022\/08\/photobresil-canopee-300x197.jpg",300,197,true],"medium_large":["https:\/\/sosforetfrance.org\/wp-content\/uploads\/2022\/08\/photobresil-canopee-768x505.jpg",768,505,true],"large":["https:\/\/sosforetfrance.org\/wp-content\/uploads\/2022\/08\/photobresil-canopee-1024x674.jpg",1024,674,true],"1536x1536":["https:\/\/sosforetfrance.org\/wp-content\/uploads\/2022\/08\/photobresil-canopee.jpg",1170,770,false],"2048x2048":["https:\/\/sosforetfrance.org\/wp-content\/uploads\/2022\/08\/photobresil-canopee.jpg",1170,770,false],"mailpoet_newsletter_max":["https:\/\/sosforetfrance.org\/wp-content\/uploads\/2022\/08\/photobresil-canopee.jpg",1170,770,false]},"uagb_author_info":{"display_name":"admin7534","author_link":"https:\/\/sosforetfrance.org\/author\/admin7534\/"},"uagb_comment_info":0,"uagb_excerpt":"L&rsquo;association Canop\u00e9e for\u00eat vivantes (membre de SOS for\u00eat) d\u00e9nonce dans un article publi\u00e9 sur son site, la soumission des ministres Europ\u00e9ens au lobby de l\u2019industrie au d\u00e9triment des citoyens. Le [&hellip;]","mfb_rest_fields":["title","uagb_featured_image_src","uagb_author_info","uagb_comment_info","uagb_excerpt"],"_links":{"self":[{"href":"https:\/\/sosforetfrance.org\/index.php\/wp-json\/wp\/v2\/posts\/2585","targetHints":{"allow":["GET"]}}],"collection":[{"href":"https:\/\/sosforetfrance.org\/index.php\/wp-json\/wp\/v2\/posts"}],"about":[{"href":"https:\/\/sosforetfrance.org\/index.php\/wp-json\/wp\/v2\/types\/post"}],"author":[{"embeddable":true,"href":"https:\/\/sosforetfrance.org\/index.php\/wp-json\/wp\/v2\/users\/1"}],"replies":[{"embeddable":true,"href":"https:\/\/sosforetfrance.org\/index.php\/wp-json\/wp\/v2\/comments?post=2585"}],"version-history":[{"count":0,"href":"https:\/\/sosforetfrance.org\/index.php\/wp-json\/wp\/v2\/posts\/2585\/revisions"}],"wp:featuredmedia":[{"embeddable":true,"href":"https:\/\/sosforetfrance.org\/index.php\/wp-json\/wp\/v2\/media\/2586"}],"wp:attachment":[{"href":"https:\/\/sosforetfrance.org\/index.php\/wp-json\/wp\/v2\/media?parent=2585"}],"wp:term":[{"taxonomy":"category","embeddable":true,"href":"https:\/\/sosforetfrance.org\/index.php\/wp-json\/wp\/v2\/categories?post=2585"},{"taxonomy":"post_tag","embeddable":true,"href":"https:\/\/sosforetfrance.org\/index.php\/wp-json\/wp\/v2\/tags?post=2585"}],"curies":[{"name":"wp","href":"https:\/\/api.w.org\/{rel}","templated":true}]}}