{"id":2612,"date":"2022-10-06T16:27:23","date_gmt":"2022-10-06T14:27:23","guid":{"rendered":"https:\/\/sosforetfrance.org\/?p=2612"},"modified":"2022-10-07T00:23:38","modified_gmt":"2022-10-06T22:23:38","slug":"le-bois-du-fort-de-genas-en-danger-dans-le-rhone","status":"publish","type":"post","link":"https:\/\/sosforetfrance.org\/index.php\/2022\/10\/06\/le-bois-du-fort-de-genas-en-danger-dans-le-rhone\/","title":{"rendered":"Le bois du Fort de Genas en danger dans le Rh\u00f4ne"},"content":{"rendered":"\n<p><br><strong>La ville de Genas (69740) \u00e9tudie actuellement l\u2019opportunit\u00e9 d\u2019un projet immobilier avec l\u2019objectif de construire entre 200 et 300 logements en lieu et place d\u2019un espace bois\u00e9 de 8 ha (cf. extraits ci-dessous).<\/strong><\/p>\n\n\n\n<figure class=\"wp-block-gallery columns-3 is-cropped wp-block-gallery-1 is-layout-flex wp-block-gallery-is-layout-flex\"><ul class=\"blocks-gallery-grid\"><li class=\"blocks-gallery-item\"><figure><img loading=\"lazy\" decoding=\"async\" width=\"864\" height=\"847\" src=\"https:\/\/sosforetfrance.org\/wp-content\/uploads\/2022\/10\/Bois-fort-de-genas-cime-LT.jpg\" alt=\"\" data-id=\"2617\" data-full-url=\"https:\/\/sosforetfrance.org\/wp-content\/uploads\/2022\/10\/Bois-fort-de-genas-cime-LT.jpg\" data-link=\"https:\/\/sosforetfrance.org\/bois-fort-de-genas-cime-lt\/\" class=\"wp-image-2617\" srcset=\"https:\/\/sosforetfrance.org\/wp-content\/uploads\/2022\/10\/Bois-fort-de-genas-cime-LT.jpg 864w, https:\/\/sosforetfrance.org\/wp-content\/uploads\/2022\/10\/Bois-fort-de-genas-cime-LT-300x294.jpg 300w, https:\/\/sosforetfrance.org\/wp-content\/uploads\/2022\/10\/Bois-fort-de-genas-cime-LT-768x753.jpg 768w\" sizes=\"auto, (max-width: 864px) 100vw, 864px\" \/><\/figure><\/li><li class=\"blocks-gallery-item\"><figure><img loading=\"lazy\" decoding=\"async\" width=\"864\" height=\"855\" src=\"https:\/\/sosforetfrance.org\/wp-content\/uploads\/2022\/10\/Bois-fort-de-genas-cime-2-LT.jpg\" alt=\"\" data-id=\"2616\" data-full-url=\"https:\/\/sosforetfrance.org\/wp-content\/uploads\/2022\/10\/Bois-fort-de-genas-cime-2-LT.jpg\" data-link=\"https:\/\/sosforetfrance.org\/bois-fort-de-genas-cime-2-lt\/\" class=\"wp-image-2616\" srcset=\"https:\/\/sosforetfrance.org\/wp-content\/uploads\/2022\/10\/Bois-fort-de-genas-cime-2-LT.jpg 864w, https:\/\/sosforetfrance.org\/wp-content\/uploads\/2022\/10\/Bois-fort-de-genas-cime-2-LT-300x297.jpg 300w, https:\/\/sosforetfrance.org\/wp-content\/uploads\/2022\/10\/Bois-fort-de-genas-cime-2-LT-768x760.jpg 768w\" sizes=\"auto, (max-width: 864px) 100vw, 864px\" \/><\/figure><\/li><li class=\"blocks-gallery-item\"><figure><img loading=\"lazy\" decoding=\"async\" width=\"1024\" height=\"524\" src=\"https:\/\/sosforetfrance.org\/wp-content\/uploads\/2022\/10\/Fort-de-Genas-Vue-aerienne-LT-1024x524.jpg\" alt=\"\" data-id=\"2618\" data-full-url=\"https:\/\/sosforetfrance.org\/wp-content\/uploads\/2022\/10\/Fort-de-Genas-Vue-aerienne-LT.jpg\" data-link=\"https:\/\/sosforetfrance.org\/fort-de-genas-vue-aerienne-lt\/\" class=\"wp-image-2618\" srcset=\"https:\/\/sosforetfrance.org\/wp-content\/uploads\/2022\/10\/Fort-de-Genas-Vue-aerienne-LT-1024x524.jpg 1024w, https:\/\/sosforetfrance.org\/wp-content\/uploads\/2022\/10\/Fort-de-Genas-Vue-aerienne-LT-300x154.jpg 300w, https:\/\/sosforetfrance.org\/wp-content\/uploads\/2022\/10\/Fort-de-Genas-Vue-aerienne-LT-768x393.jpg 768w, https:\/\/sosforetfrance.org\/wp-content\/uploads\/2022\/10\/Fort-de-Genas-Vue-aerienne-LT-1320x676.jpg 1320w, https:\/\/sosforetfrance.org\/wp-content\/uploads\/2022\/10\/Fort-de-Genas-Vue-aerienne-LT.jpg 1480w\" sizes=\"auto, (max-width: 1024px) 100vw, 1024px\" \/><\/figure><\/li><\/ul><\/figure>\n\n\n\n<p>Malgr\u00e9 les pollutions pr\u00e9sentes en son sein, ce bois reste une source de biodiversit\u00e9 mais aussi un \u00eelot de fra\u00eecheur ind\u00e9niable au c\u0153ur de cette ville de 13 000 habitants.<\/p>\n\n\n\n<p>Comment peut-on envisager en 2022, alors que l&rsquo;\u00e9t\u00e9 que nous venons de vivre n&rsquo;a pu que mettre en avant son int\u00e9r\u00eat, sa destruction ?<\/p>\n\n\n\n<p>Nous vous invitons \u00e0 soutenir notre collectif citoyen, d\u00e9cid\u00e9 \u00e0 pr\u00e9server cet espace, en signant la <a href=\"https:\/\/www.change.org\/p\/la-for%C3%AAt-du-fort-de-genas\" target=\"_blank\" rel=\"noopener\">p\u00e9tition change.org<\/a>.<\/p>\n\n\n\n<p>Pour plus d&rsquo;informations sur le bois du fort de Genas, vous pouvez lire ce <a href=\"https:\/\/drive.google.com\/file\/d\/1g2mjc2joD_UPf1SMtmWxuTg9ELkgwBMX\/view?usp=sharing\" target=\"_blank\" rel=\"noopener\">document<\/a>.<\/p>\n\n\n\n<p>Si vous souhaitez \u00eatre tenu inform\u00e9 des suites donn\u00e9es \u00e0 projet et des mobilisations envisag\u00e9es, merci de remplir ce <a href=\"https:\/\/forms.gle\/XZrNE2ihXQxFEKFn8\" target=\"_blank\" rel=\"noopener\">formulaire<\/a>.<\/p>\n","protected":false},"excerpt":{"rendered":"<p>La ville de Genas (69740) \u00e9tudie actuellement l\u2019opportunit\u00e9 d\u2019un projet immobilier avec l\u2019objectif de construire entre 200 et 300 logements en lieu et place d\u2019un espace bois\u00e9 de 8 ha [&hellip;]<\/p>\n","protected":false},"author":1,"featured_media":2615,"comment_status":"closed","ping_status":"closed","sticky":false,"template":"","format":"standard","meta":{"_acf_changed":false,"_gspb_post_css":"","_uag_custom_page_level_css":"","_EventAllDay":false,"_EventTimezone":"","_EventStartDate":"","_EventEndDate":"","_EventStartDateUTC":"","_EventEndDateUTC":"","_EventShowMap":false,"_EventShowMapLink":false,"_EventURL":"","_EventCost":"","_EventCostDescription":"","_EventCurrencySymbol":"","_EventCurrencyCode":"","_EventCurrencyPosition":"","_EventDateTimeSeparator":"","_EventTimeRangeSeparator":"","_EventOrganizerID":[],"_EventVenueID":[],"_OrganizerEmail":"","_OrganizerPhone":"","_OrganizerWebsite":"","_VenueAddress":"","_VenueCity":"","_VenueCountry":"","_VenueProvince":"","_VenueState":"","_VenueZip":"","_VenuePhone":"","_VenueURL":"","_VenueStateProvince":"","_VenueLat":"","_VenueLng":"","_VenueShowMap":false,"_VenueShowMapLink":false,"footnotes":""},"categories":[19,3],"tags":[],"class_list":["post-2612","post","type-post","status-publish","format-standard","has-post-thumbnail","hentry","category-comprendre","category-manifestations"],"mb":[],"acf":[],"uagb_featured_image_src":{"full":["https:\/\/sosforetfrance.org\/wp-content\/uploads\/2022\/10\/bois-du-fort-LT.jpg",800,450,false],"thumbnail":["https:\/\/sosforetfrance.org\/wp-content\/uploads\/2022\/10\/bois-du-fort-LT-150x150.jpg",150,150,true],"medium":["https:\/\/sosforetfrance.org\/wp-content\/uploads\/2022\/10\/bois-du-fort-LT-300x169.jpg",300,169,true],"medium_large":["https:\/\/sosforetfrance.org\/wp-content\/uploads\/2022\/10\/bois-du-fort-LT-768x432.jpg",768,432,true],"large":["https:\/\/sosforetfrance.org\/wp-content\/uploads\/2022\/10\/bois-du-fort-LT.jpg",800,450,false],"1536x1536":["https:\/\/sosforetfrance.org\/wp-content\/uploads\/2022\/10\/bois-du-fort-LT.jpg",800,450,false],"2048x2048":["https:\/\/sosforetfrance.org\/wp-content\/uploads\/2022\/10\/bois-du-fort-LT.jpg",800,450,false],"mailpoet_newsletter_max":["https:\/\/sosforetfrance.org\/wp-content\/uploads\/2022\/10\/bois-du-fort-LT.jpg",800,450,false]},"uagb_author_info":{"display_name":"admin7534","author_link":"https:\/\/sosforetfrance.org\/author\/admin7534\/"},"uagb_comment_info":0,"uagb_excerpt":"La ville de Genas (69740) \u00e9tudie actuellement l\u2019opportunit\u00e9 d\u2019un projet immobilier avec l\u2019objectif de construire entre 200 et 300 logements en lieu et place d\u2019un espace bois\u00e9 de 8 ha [&hellip;]","mfb_rest_fields":["title","uagb_featured_image_src","uagb_author_info","uagb_comment_info","uagb_excerpt"],"_links":{"self":[{"href":"https:\/\/sosforetfrance.org\/index.php\/wp-json\/wp\/v2\/posts\/2612","targetHints":{"allow":["GET"]}}],"collection":[{"href":"https:\/\/sosforetfrance.org\/index.php\/wp-json\/wp\/v2\/posts"}],"about":[{"href":"https:\/\/sosforetfrance.org\/index.php\/wp-json\/wp\/v2\/types\/post"}],"author":[{"embeddable":true,"href":"https:\/\/sosforetfrance.org\/index.php\/wp-json\/wp\/v2\/users\/1"}],"replies":[{"embeddable":true,"href":"https:\/\/sosforetfrance.org\/index.php\/wp-json\/wp\/v2\/comments?post=2612"}],"version-history":[{"count":0,"href":"https:\/\/sosforetfrance.org\/index.php\/wp-json\/wp\/v2\/posts\/2612\/revisions"}],"wp:featuredmedia":[{"embeddable":true,"href":"https:\/\/sosforetfrance.org\/index.php\/wp-json\/wp\/v2\/media\/2615"}],"wp:attachment":[{"href":"https:\/\/sosforetfrance.org\/index.php\/wp-json\/wp\/v2\/media?parent=2612"}],"wp:term":[{"taxonomy":"category","embeddable":true,"href":"https:\/\/sosforetfrance.org\/index.php\/wp-json\/wp\/v2\/categories?post=2612"},{"taxonomy":"post_tag","embeddable":true,"href":"https:\/\/sosforetfrance.org\/index.php\/wp-json\/wp\/v2\/tags?post=2612"}],"curies":[{"name":"wp","href":"https:\/\/api.w.org\/{rel}","templated":true}]}}