{"id":2640,"date":"2022-10-06T17:45:11","date_gmt":"2022-10-06T15:45:11","guid":{"rendered":"https:\/\/sosforetfrance.org\/?p=2640"},"modified":"2022-10-07T00:25:12","modified_gmt":"2022-10-06T22:25:12","slug":"bonne-nouvelle-de-leurope-contre-la-deforestation","status":"publish","type":"post","link":"https:\/\/sosforetfrance.org\/index.php\/2022\/10\/06\/bonne-nouvelle-de-leurope-contre-la-deforestation\/","title":{"rendered":"Bonne nouvelle de l&rsquo;Europe contre la d\u00e9forestation"},"content":{"rendered":"\n<p>L\u2019association Canop\u00e9e (membre de SOS for\u00eat)  nous en dit plus sur une grande avanc\u00e9e dans la lutte contre la d\u00e9forestation import\u00e9e. L\u2019enjeu est de tracer correctement les importations de produits susceptibles d\u2019\u00eatre issus de la d\u00e9forestation comme le soja, l\u2019huile de palme, cuir, viande etc. et d\u2019interdire \u00e0 l\u2019importation europ\u00e9enne tous ceux issus de d\u00e9forestation (et quelques territoires non forestiers sensibles).<\/p>\n\n\n\n<p>Reste une phase de concertation entre Commission, Parlement et \u00c9tats qui reste \u00e0 risques : la commission et les \u00c9tats restant plus \u00e0 l\u2019\u00e9coute des lobbies.<\/p>\n\n\n\n<p>La vid\u00e9o de Canop\u00e9e qui explique tout :<\/p>\n\n\n\n<figure class=\"wp-block-embed is-type-video is-provider-youtube wp-block-embed-youtube wp-embed-aspect-16-9 wp-has-aspect-ratio\"><div class=\"wp-block-embed__wrapper\">\n<iframe loading=\"lazy\" title=\"Loi contre la d\u00e9forestation: on a (presque) gagn\u00e9 !\" width=\"500\" height=\"281\" src=\"https:\/\/www.youtube.com\/embed\/dnu6iRqW4-Y?feature=oembed\" frameborder=\"0\" allow=\"accelerometer; autoplay; clipboard-write; encrypted-media; gyroscope; picture-in-picture; web-share\" referrerpolicy=\"strict-origin-when-cross-origin\" allowfullscreen><\/iframe>\n<\/div><\/figure>\n","protected":false},"excerpt":{"rendered":"<p>L\u2019association Canop\u00e9e (membre de SOS for\u00eat) nous en dit plus sur une grande avanc\u00e9e dans la lutte contre la d\u00e9forestation import\u00e9e. L\u2019enjeu est de tracer correctement les importations de produits [&hellip;]<\/p>\n","protected":false},"author":1,"featured_media":2642,"comment_status":"closed","ping_status":"closed","sticky":false,"template":"","format":"standard","meta":{"_acf_changed":false,"_gspb_post_css":"","_uag_custom_page_level_css":"","_EventAllDay":false,"_EventTimezone":"","_EventStartDate":"","_EventEndDate":"","_EventStartDateUTC":"","_EventEndDateUTC":"","_EventShowMap":false,"_EventShowMapLink":false,"_EventURL":"","_EventCost":"","_EventCostDescription":"","_EventCurrencySymbol":"","_EventCurrencyCode":"","_EventCurrencyPosition":"","_EventDateTimeSeparator":"","_EventTimeRangeSeparator":"","_EventOrganizerID":[],"_EventVenueID":[],"_OrganizerEmail":"","_OrganizerPhone":"","_OrganizerWebsite":"","_VenueAddress":"","_VenueCity":"","_VenueCountry":"","_VenueProvince":"","_VenueState":"","_VenueZip":"","_VenuePhone":"","_VenueURL":"","_VenueStateProvince":"","_VenueLat":"","_VenueLng":"","_VenueShowMap":false,"_VenueShowMapLink":false,"footnotes":""},"categories":[19],"tags":[],"class_list":["post-2640","post","type-post","status-publish","format-standard","has-post-thumbnail","hentry","category-comprendre"],"mb":[],"acf":[],"uagb_featured_image_src":{"full":["https:\/\/sosforetfrance.org\/wp-content\/uploads\/2022\/10\/Canopee-parlement-europeen.jpg",1696,952,false],"thumbnail":["https:\/\/sosforetfrance.org\/wp-content\/uploads\/2022\/10\/Canopee-parlement-europeen-150x150.jpg",150,150,true],"medium":["https:\/\/sosforetfrance.org\/wp-content\/uploads\/2022\/10\/Canopee-parlement-europeen-300x168.jpg",300,168,true],"medium_large":["https:\/\/sosforetfrance.org\/wp-content\/uploads\/2022\/10\/Canopee-parlement-europeen-768x431.jpg",768,431,true],"large":["https:\/\/sosforetfrance.org\/wp-content\/uploads\/2022\/10\/Canopee-parlement-europeen-1024x575.jpg",1024,575,true],"1536x1536":["https:\/\/sosforetfrance.org\/wp-content\/uploads\/2022\/10\/Canopee-parlement-europeen-1536x862.jpg",1536,862,true],"2048x2048":["https:\/\/sosforetfrance.org\/wp-content\/uploads\/2022\/10\/Canopee-parlement-europeen.jpg",1696,952,false],"mailpoet_newsletter_max":["https:\/\/sosforetfrance.org\/wp-content\/uploads\/2022\/10\/Canopee-parlement-europeen-1320x741.jpg",1320,741,true]},"uagb_author_info":{"display_name":"admin7534","author_link":"https:\/\/sosforetfrance.org\/author\/admin7534\/"},"uagb_comment_info":0,"uagb_excerpt":"L\u2019association Canop\u00e9e (membre de SOS for\u00eat) nous en dit plus sur une grande avanc\u00e9e dans la lutte contre la d\u00e9forestation import\u00e9e. L\u2019enjeu est de tracer correctement les importations de produits [&hellip;]","mfb_rest_fields":["title","uagb_featured_image_src","uagb_author_info","uagb_comment_info","uagb_excerpt"],"_links":{"self":[{"href":"https:\/\/sosforetfrance.org\/index.php\/wp-json\/wp\/v2\/posts\/2640","targetHints":{"allow":["GET"]}}],"collection":[{"href":"https:\/\/sosforetfrance.org\/index.php\/wp-json\/wp\/v2\/posts"}],"about":[{"href":"https:\/\/sosforetfrance.org\/index.php\/wp-json\/wp\/v2\/types\/post"}],"author":[{"embeddable":true,"href":"https:\/\/sosforetfrance.org\/index.php\/wp-json\/wp\/v2\/users\/1"}],"replies":[{"embeddable":true,"href":"https:\/\/sosforetfrance.org\/index.php\/wp-json\/wp\/v2\/comments?post=2640"}],"version-history":[{"count":0,"href":"https:\/\/sosforetfrance.org\/index.php\/wp-json\/wp\/v2\/posts\/2640\/revisions"}],"wp:featuredmedia":[{"embeddable":true,"href":"https:\/\/sosforetfrance.org\/index.php\/wp-json\/wp\/v2\/media\/2642"}],"wp:attachment":[{"href":"https:\/\/sosforetfrance.org\/index.php\/wp-json\/wp\/v2\/media?parent=2640"}],"wp:term":[{"taxonomy":"category","embeddable":true,"href":"https:\/\/sosforetfrance.org\/index.php\/wp-json\/wp\/v2\/categories?post=2640"},{"taxonomy":"post_tag","embeddable":true,"href":"https:\/\/sosforetfrance.org\/index.php\/wp-json\/wp\/v2\/tags?post=2640"}],"curies":[{"name":"wp","href":"https:\/\/api.w.org\/{rel}","templated":true}]}}