{"id":2663,"date":"2022-10-20T14:20:08","date_gmt":"2022-10-20T12:20:08","guid":{"rendered":"https:\/\/sosforetfrance.org\/?p=2663"},"modified":"2022-10-27T07:15:37","modified_gmt":"2022-10-27T05:15:37","slug":"le-maire-de-palaiseau-censure-le-temps-des-forets","status":"publish","type":"post","link":"https:\/\/sosforetfrance.org\/index.php\/2022\/10\/20\/le-maire-de-palaiseau-censure-le-temps-des-forets\/","title":{"rendered":"Le maire de Palaiseau censure \u00ab\u00a0Le temps des for\u00eats\u00a0\u00bb"},"content":{"rendered":"\n<p>Le temps des for\u00eats \u00e9tait programm\u00e9 depuis plusieurs mois au cin\u00e9ma de Palaiseau et SOS for\u00eat devait participer au d\u00e9bat. Le maire,  Gr\u00e9goire de Lasteyrie (Horizon et ex. LR) d\u00e9cide de refuser la projection du film sans justification. En effet, le renouvellement de la convention municipale avec le cin\u00e9ma intervenue d\u00e9but octobre introduit la n\u00e9cessit\u00e9 d&rsquo;un examen par la mairie des demandes d&rsquo;\u00e9v\u00e8nements&#8230;<\/p>\n\n\n\n<p><\/p>\n","protected":false},"excerpt":{"rendered":"<p>Le temps des for\u00eats \u00e9tait programm\u00e9 depuis plusieurs mois au cin\u00e9ma de Palaiseau et SOS for\u00eat devait participer au d\u00e9bat. Le maire, Gr\u00e9goire de Lasteyrie (Horizon et ex. LR) d\u00e9cide [&hellip;]<\/p>\n","protected":false},"author":1,"featured_media":1865,"comment_status":"closed","ping_status":"closed","sticky":false,"template":"","format":"standard","meta":{"_acf_changed":false,"_gspb_post_css":"","_uag_custom_page_level_css":"","_EventAllDay":false,"_EventTimezone":"","_EventStartDate":"","_EventEndDate":"","_EventStartDateUTC":"","_EventEndDateUTC":"","_EventShowMap":false,"_EventShowMapLink":false,"_EventURL":"","_EventCost":"","_EventCostDescription":"","_EventCurrencySymbol":"","_EventCurrencyCode":"","_EventCurrencyPosition":"","_EventDateTimeSeparator":"","_EventTimeRangeSeparator":"","_EventOrganizerID":[],"_EventVenueID":[],"_OrganizerEmail":"","_OrganizerPhone":"","_OrganizerWebsite":"","_VenueAddress":"","_VenueCity":"","_VenueCountry":"","_VenueProvince":"","_VenueState":"","_VenueZip":"","_VenuePhone":"","_VenueURL":"","_VenueStateProvince":"","_VenueLat":"","_VenueLng":"","_VenueShowMap":false,"_VenueShowMapLink":false,"footnotes":""},"categories":[1],"tags":[],"class_list":["post-2663","post","type-post","status-publish","format-standard","has-post-thumbnail","hentry","category-non-classe"],"mb":[],"acf":[],"uagb_featured_image_src":{"full":["https:\/\/sosforetfrance.org\/wp-content\/uploads\/2021\/08\/Coupe-rase1-scaled.jpg",2560,1440,false],"thumbnail":["https:\/\/sosforetfrance.org\/wp-content\/uploads\/2021\/08\/Coupe-rase1-150x150.jpg",150,150,true],"medium":["https:\/\/sosforetfrance.org\/wp-content\/uploads\/2021\/08\/Coupe-rase1-300x169.jpg",300,169,true],"medium_large":["https:\/\/sosforetfrance.org\/wp-content\/uploads\/2021\/08\/Coupe-rase1-768x432.jpg",768,432,true],"large":["https:\/\/sosforetfrance.org\/wp-content\/uploads\/2021\/08\/Coupe-rase1-1024x576.jpg",1024,576,true],"1536x1536":["https:\/\/sosforetfrance.org\/wp-content\/uploads\/2021\/08\/Coupe-rase1-1536x864.jpg",1536,864,true],"2048x2048":["https:\/\/sosforetfrance.org\/wp-content\/uploads\/2021\/08\/Coupe-rase1-2048x1152.jpg",2048,1152,true],"mailpoet_newsletter_max":["https:\/\/sosforetfrance.org\/wp-content\/uploads\/2021\/08\/Coupe-rase1-1320x743.jpg",1320,743,true]},"uagb_author_info":{"display_name":"admin7534","author_link":"https:\/\/sosforetfrance.org\/author\/admin7534\/"},"uagb_comment_info":0,"uagb_excerpt":"Le temps des for\u00eats \u00e9tait programm\u00e9 depuis plusieurs mois au cin\u00e9ma de Palaiseau et SOS for\u00eat devait participer au d\u00e9bat. Le maire, Gr\u00e9goire de Lasteyrie (Horizon et ex. LR) d\u00e9cide [&hellip;]","mfb_rest_fields":["title","uagb_featured_image_src","uagb_author_info","uagb_comment_info","uagb_excerpt"],"_links":{"self":[{"href":"https:\/\/sosforetfrance.org\/index.php\/wp-json\/wp\/v2\/posts\/2663","targetHints":{"allow":["GET"]}}],"collection":[{"href":"https:\/\/sosforetfrance.org\/index.php\/wp-json\/wp\/v2\/posts"}],"about":[{"href":"https:\/\/sosforetfrance.org\/index.php\/wp-json\/wp\/v2\/types\/post"}],"author":[{"embeddable":true,"href":"https:\/\/sosforetfrance.org\/index.php\/wp-json\/wp\/v2\/users\/1"}],"replies":[{"embeddable":true,"href":"https:\/\/sosforetfrance.org\/index.php\/wp-json\/wp\/v2\/comments?post=2663"}],"version-history":[{"count":0,"href":"https:\/\/sosforetfrance.org\/index.php\/wp-json\/wp\/v2\/posts\/2663\/revisions"}],"wp:featuredmedia":[{"embeddable":true,"href":"https:\/\/sosforetfrance.org\/index.php\/wp-json\/wp\/v2\/media\/1865"}],"wp:attachment":[{"href":"https:\/\/sosforetfrance.org\/index.php\/wp-json\/wp\/v2\/media?parent=2663"}],"wp:term":[{"taxonomy":"category","embeddable":true,"href":"https:\/\/sosforetfrance.org\/index.php\/wp-json\/wp\/v2\/categories?post=2663"},{"taxonomy":"post_tag","embeddable":true,"href":"https:\/\/sosforetfrance.org\/index.php\/wp-json\/wp\/v2\/tags?post=2663"}],"curies":[{"name":"wp","href":"https:\/\/api.w.org\/{rel}","templated":true}]}}