{"id":28,"date":"2014-09-09T11:23:33","date_gmt":"2014-09-09T09:23:33","guid":{"rendered":"http:\/\/sosforetfrance.org\/?p=28"},"modified":"2025-12-04T13:35:07","modified_gmt":"2025-12-04T12:35:07","slug":"28","status":"publish","type":"post","link":"https:\/\/sosforetfrance.org\/index.php\/2014\/09\/09\/28\/","title":{"rendered":"Manifestation le jeudi 25 septembre \u00e0 9H au si\u00e8ge de l\u2019ONF  \u00e0 Paris"},"content":{"rendered":"\n<p>2, Av de St Mand\u00e9, Paris 12\u00e8me, \u00e0 l\u2019occasion du Conseil d\u2019administration de l\u2019\u00e9tablissement.<\/p>\n\n\n\n<p>Le collectif SOS-For\u00eat France invite donc les \u00e9lus et l\u2019ensemble de la population \u00e0 agir tr\u00e8s rapidement aupr\u00e8s du 1er\u00a0ministre et des parlementaires\u00a0<strong>pour que cette mesure financi\u00e8re \u00e0 courte vue soit retir\u00e9e du projet de budget 2015 et ne p\u00e8se ni sur le budget de l\u2019ONF,  ni sur celui des communes.<\/strong><\/p>\n\n\n\n<h3 class=\"wp-block-heading\" id=\"jeudi-25-septembre\">Jeudi 25 septembre<\/h3>\n\n\n\n<h4 class=\"wp-block-heading\" id=\"manifestation-pendant-le-c-a-de-l-onf-sos-foret-etait-present-pour-soutenir-les-nombreux-forestiers-venus-de-toute-la-france\"><strong>Manifestation pendant le C.A. de l&rsquo;ONF, SOS for\u00eat \u00e9tait pr\u00e9sent pour soutenir les nombreux forestiers venus de toute la France.<\/strong><\/h4>\n\n\n\n<h4 class=\"wp-block-heading\" id=\"retour-en-photo-de-la-manif\">Retour en photo de la manif<br><\/h4>\n\n\n\n<h1 class=\"wp-block-heading\">&nbsp;<a href=\"http:\/\/www.sosforet.org\/wp-content\/uploads\/2014\/02\/IMG_1189.jpg\" target=\"_blank\" rel=\"noopener\"><\/a><br><\/h1>\n\n\n\n<h3 class=\"wp-block-heading\" id=\"le-coup-de-grace-porte-a-la-foret-publique-francaise\"><strong>Le coup de gr\u00e2ce port\u00e9 \u00e0 la for\u00eat publique fran\u00e7aise&nbsp;?<\/strong><\/h3>\n\n\n\n<h5 class=\"wp-block-heading\" id=\"la-loi-d-avenir-sur-l-agriculture-et-la-foret-laaf-vient-juste-d-etre-adoptee-et-le-moins-que-l-on-puisse-dire-est-qu-elle-ne-repond-pas-a-nos-attentes\">La\n loi d\u2019avenir sur l\u2019agriculture et la for\u00eat (LAAF) vient juste d\u2019\u00eatre \nadopt\u00e9e et le moins que l\u2019on puisse dire est qu\u2019elle ne r\u00e9pond pas \u00e0 nos\n attentes.<\/h5>\n\n\n\n<p>Certes, la loi affiche une volont\u00e9 de gestion durable \nqui th\u00e9oriquement concilie production de bois, protection de la \nbiodiversit\u00e9 des milieux forestiers et fonctions p\u00e9dagogique et sociale \nmais elle ne pr\u00e9cise pas suffisamment&nbsp; le cadre et les moyens techniques\n et financiers susceptibles d\u2019y contribuer.<\/p>\n\n\n\n<p>Plus grave, elle ne \nmet pas en place les garde-fous qui \u00e9carteraient les d\u00e9marches ou \nprojets contraires \u00e0 sa volont\u00e9 affich\u00e9e. Pire, dans les r\u00e9gions, l\u2019\u00e9tat\n se fait m\u00eame le d\u00e9fenseur de projets \u00e9cologiquement insoutenables pour \nla for\u00eat fran\u00e7aise et l\u2019environnement (lutte contre les changements \nclimatiques et stockage du carbone, en particulier, pollutions..).<\/p>\n\n\n\n<p>Un exemple frappant, parmi tant d\u2019autres\u2026<\/p>\n\n\n\n<p>E.ON \u00e0 Gardanne&nbsp;: Le groupe allemand de distribution d\u2019\u00e9nergie E.On veut convertir \u00e0 la biomasse la centrale thermique&nbsp;<em>Provence 4<\/em>. Le monstre industriel d\u00e9vorerait pr\u00e8s&nbsp;<strong>d\u2019un million de tonnes de bois par an<\/strong>,\n en provenance pour moiti\u00e9 des for\u00eats du sud de la France, le reste \n\u00e9tant import\u00e9 notamment des for\u00eats anciennes des Etats-Unis et du \nCanada. Une aberration \u00e9cologique grassement subventionn\u00e9e par l\u2019\u00c9tat \nfran\u00e7ais \u00e0 hauteur de&nbsp;<strong>70 millions d\u2019\u20ac\/an<\/strong>&nbsp;pendant 20 ans, soit 1&nbsp;,4 milliards d\u2019\u20ac !<\/p>\n\n\n\n<h5 class=\"wp-block-heading\" id=\"et-pendant-ce-temps-une-attaque-sans-precedent-contre-l-onf-et-les-communes-forestieres\"><strong>Et pendant ce temps, une attaque sans pr\u00e9c\u00e9dent contre l\u2019ONF et les communes foresti\u00e8res&nbsp;!<\/strong><\/h5>\n\n\n\n<p>La\n for\u00eat publique couvre en France m\u00e9tropolitaine 4,2 Millions d\u2019hectares \nsoit 25 % de notre surface bois\u00e9e totale. Elle produit 40 % du volume de\n bois national et g\u00e9n\u00e8re&nbsp;plus de 400 000 emplois&nbsp;au sein de la fili\u00e8re \nbois &#8211; for\u00eat.&nbsp;<strong>Les for\u00eats communales en font partie et y contribuent.<\/strong><\/p>\n\n\n\n<p>Qu&rsquo;\u00e0 cela ne tienne, le projet de loi de finances pr\u00e9voit d\u2019amputer de&nbsp;<strong>50 millions d\u2019\u20ac<\/strong>&nbsp;la subvention vers\u00e9e \u00e0 l\u2019Office National des For\u00eats pour compenser les frais de gestion des for\u00eats des collectivit\u00e9s et de&nbsp;<strong>reporter cette charge sur les communes foresti\u00e8res<\/strong>.\n En clair, pour elles, les frais dits \u00ab&nbsp;de garderie&nbsp;\u00bb assis sur les \nproduits de la for\u00eat&nbsp;passeraient&nbsp; de 12 % \u00e0 18 % en plaine et de 10 \u00e0 15\n % en zone de montagne. Dans le m\u00eame temps, la taxe \u00e0 l\u2019hectare \nintroduite en 2012 passerait de 2 \u20ac \u00e0 14 \u20ac.&nbsp;<strong>Au grand dam des collectivit\u00e9s foresti\u00e8res<\/strong>&nbsp;qui\n menacent de r\u00e9duire le volume des travaux sylvicoles, des \u00e9quipements \npour le public, des mesures \u00e9cologiques voire de ne plus faire appel \u00e0 \nl&rsquo;ONF&nbsp;<strong>en privatisant la gestion de leurs for\u00eats.<\/strong><\/p>\n\n\n\n<h5 class=\"wp-block-heading\" id=\"vers-la-fin-des-forets-publiques\">Vers la fin des for\u00eats publiques ?<\/h5>\n\n\n\n<p>Le\n code forestier est encore actuellement le meilleur garant d\u2019une gestion\n publique durable des for\u00eats face \u00e0 la pression toujours plus forte des \ngrands groupes industriels et financiers internationaux et les communes \nsont des entit\u00e9s proches du terrain et attach\u00e9es \u00e0 leur for\u00eat. L\u2019Office \nNational des For\u00eats est l\u2019\u00e9manation l\u00e9gale de cette protection \ninstitutionnelle.&nbsp;Toutefois, depuis une dizaine d\u2019ann\u00e9es, cet instrument\n l\u00e9gal est attaqu\u00e9 de toutes parts (baisse d\u2019effectifs, pression des \ngrands groupes industriels sur les agents asserment\u00e9s, \u2026).<\/p>\n\n\n\n<p>Depuis \nquelques ann\u00e9es, au sein m\u00eame de l&rsquo;ONF, nombreux sont les forestiers qui\n s\u2019opposent \u00e0 cette \u00e9volution. De ce d\u00e9saccord d\u00e9coule la cr\u00e9ation du \ncollectif SOS-For\u00eat, auquel les repr\u00e9sentants de ces forestiers ont \nlargement contribu\u00e9. Or l\u2019ONF, dernier garant de l\u2019int\u00e9r\u00eat g\u00e9n\u00e9ral en \nfor\u00eat,&nbsp; subit une attaque sans pr\u00e9c\u00e9dent, pour une \u00e9conomie annuelle de \n50 M\u20ac sur 120 M\u20ac vers\u00e9s jusqu&rsquo;alors, \u00e0 comparer par exemple aux 70 M\u20ac \nannuels que l\u2019Etat s\u2019appr\u00eate \u00e0 verser au projet d\u00e9vastateur de centrale \nE.ON.<\/p>\n\n\n\n<h5 class=\"wp-block-heading\" id=\"vrai-faux-rebondissement-ce-vendredi-un-accord-en-trompe-l-oeil\"><strong>Vrai-faux rebondissement ce vendredi&nbsp;: un accord en trompe l\u2019\u0153il&nbsp;!<\/strong><\/h5>\n\n\n\n<p>Sur\n proposition de Jean-Yves Caullet, pr\u00e9sident du conseil d&rsquo;administration\n de l&rsquo;Office, l\u2019ONF renonce comme pr\u00e9vu \u00e0 20 M\u20ac cette ann\u00e9e puis \u00e0 50 M\u20ac\n sur 3 ans, \u00e0 condition que les communes soient ne paient pas plus.<\/p>\n\n\n\n<p>Une\n n\u00e9gociation men\u00e9e entre l\u2019ONF, les minist\u00e8res de tutelle et la \nF\u00e9d\u00e9ration Nationale des communes foresti\u00e8res, sans concertation -bien \ns\u00fbr- avec les syndicats forestiers et les associations de protection de \nl\u2019environnement. On discutera apr\u00e8s et on fera une ni\u00e8me r\u00e9forme de \nstructure\u2026<\/p>\n\n\n\n<p><strong>Au final, qui va payer&nbsp;?<\/strong>&nbsp;je \nretranche d\u2019un c\u00f4t\u00e9, \u00e0 la tron\u00e7onneuse&nbsp;!, je rajoute de l\u2019autre et c\u2019est\n la for\u00eat qui trinquera&nbsp;! Un peu moins de forestiers, des missions de \nservice public amput\u00e9es, encore un peu plus de coupes de bois pour \ngratter des sous\u2026<\/p>\n\n\n\n<p><strong>Jusqu\u2019\u00e0 quand&nbsp;?&nbsp;<\/strong>l\u2019ann\u00e9e \nprochaine,le gouvernement tentera d\u2019aller un peu plus loin, de m\u00e9nager \nla ch\u00e8vre et le chou, avant de tuer la ch\u00e8vre&nbsp;!Sans r\u00e9action \ncitoyenne,la lame de fond nous entrainera in\u00e9vitablement vers<strong>la privatisation de la gestion des for\u00eats publiques et l\u2019intensification des pr\u00e9l\u00e8vements de bois&nbsp;!<\/strong><\/p>\n\n\n\n<p><em>Le collectif SOS-For\u00eat France invite donc les \u00e9lus et l\u2019ensemble de la population \u00e0 agir tr\u00e8s rapidement aupr\u00e8s du 1<\/em><em>er<\/em><em>&nbsp;ministre et des parlementaires<\/em><strong>pour\n que cette mesure financi\u00e8re \u00e0 courte vue soit retir\u00e9e du projet de \nbudget 2015 et ne p\u00e8se ni sur le budget de l\u2019ONF, ni sur celui des \ncommunes.<\/strong><\/p>\n\n\n\n<p><em>Il s\u2019inscrit \u00e9galement dans l\u2019action des personnels de l\u2019ONF qui aura lieu le<\/em><\/p>\n\n\n\n<p><strong>Jeudi 25 septembre \u00e0 9H au si\u00e8ge de l\u2019ONF &nbsp;<\/strong><\/p>\n\n\n\n<p><em>2, Av de St Mand\u00e9, Paris 12\u00e8me, \u00e0 l\u2019occasion du Conseil d\u2019administration de l\u2019\u00e9tablissement.<\/em><\/p>\n\n\n\n<h3 class=\"wp-block-heading\" id=\"declaration-pour-le-c-a-onf\">D\u00e9claration pour le C.A. ONF<\/h3>\n\n\n\n<div class=\"wp-block-file\"><a href=\"http:\/\/sosforetfrance.org\/wp-content\/uploads\/2019\/07\/De\u0301claration-pour-le-CA-ONF.pdf\">De\u0301claration-pour-le-CA-ONF<\/a><\/div>\n\n\n\n[gview file=\u00a0\u00bbhttp:\/\/sosforetfrance.org\/wp-content\/uploads\/2019\/07\/De\u0301claration-pour-le-CA-ONF.pdf\u00a0\u00bb]\n\n\n\n<p>[file=\u00a0\u00bbhttp:\/\/www.sosforet.org\/wp-content\/uploads\/2014\/10\/D\u00e9claration-pour-le-CA-ONF.pdf\u00a0\u00bb  height=\u00a0\u00bb1027px\u00a0\u00bb width=\u00a0\u00bb827px\u00a0\u00bb save=\u00a0\u00bb1&Prime;]<\/p>\n\n\n\n<h3 class=\"wp-block-heading\" id=\"telechargez-et-diffusez-notre-dernier-communique-de-presse\">T\u00e9l\u00e9chargez et diffusez notre dernier communiqu\u00e9 de presse :<\/h3>\n\n\n\n[gview file=\u00a0\u00bbhttp:\/\/sosforetfrance.org\/wp-content\/uploads\/2019\/07\/CP-SOSforetFrance-20092014.pdf\u00a0\u00bb]\n\n\n\n<h3 class=\"wp-block-heading\" id=\"contactez-vos-elus\">Contactez vos \u00e9lus<\/h3>\n\n\n\n[gview file=\u00a0\u00bbhttp:\/\/sosforetfrance.org\/wp-content\/uploads\/2019\/07\/Courrier-type-SOS-foret.pdf\u00a0\u00bb]\n\n\n\n<h3 class=\"wp-block-heading\" id=\"alertez-vos-communes-forestieres\">Alertez vos communes foresti\u00e8res<\/h3>\n\n\n\n[gview file=\u00a0\u00bbhttp:\/\/sosforetfrance.org\/wp-content\/uploads\/2019\/07\/Courrier-cofor-sos-foret.pdf\u00a0\u00bb]\n\n\n\n<h3 class=\"wp-block-heading\" id=\"liens-vers-le-snupfen\">Liens vers le SNUPFEN<\/h3>\n\n\n\n<p>-La manifestation: <a href=\"http:\/\/www.snupfen.org\/IMG\/pdf\/140_-__tp_paris_25_septembre_2014.pdf\" target=\"_blank\" rel=\"noreferrer noopener\">http:\/\/www.snupfen.org\/IMG\/pdf\/140_-__tp_paris_25_septembre_2014.pdf<\/a><br> -Dans la presse:<a href=\"http:\/\/www.snupfen.org\/rubrique259.html\" target=\"_blank\" rel=\"noreferrer noopener\"> http:\/\/www.snupfen.org\/rubrique259.html <\/a>(articles de Sud-Ouest, Le Monde et Paris-Normandie\/AFP)<br> -Et en audio-video: <a href=\"http:\/\/www.snupfen.org\/rubrique68.html\" target=\"_blank\" rel=\"noreferrer noopener\">http:\/\/www.snupfen.org\/rubrique68.html<\/a><br><\/p>\n","protected":false},"excerpt":{"rendered":"<p>2, Av de St Mand\u00e9, Paris 12\u00e8me, \u00e0 l\u2019occasion du Conseil d\u2019administration de l\u2019\u00e9tablissement. Le collectif SOS-For\u00eat France invite donc les \u00e9lus et l\u2019ensemble de la population \u00e0 agir tr\u00e8s [&hellip;]<\/p>\n","protected":false},"author":1,"featured_media":0,"comment_status":"closed","ping_status":"closed","sticky":false,"template":"","format":"standard","meta":{"_acf_changed":false,"_gspb_post_css":"","_uag_custom_page_level_css":"","_EventAllDay":false,"_EventTimezone":"","_EventStartDate":"","_EventEndDate":"","_EventStartDateUTC":"","_EventEndDateUTC":"","_EventShowMap":false,"_EventShowMapLink":false,"_EventURL":"","_EventCost":"","_EventCostDescription":"","_EventCurrencySymbol":"","_EventCurrencyCode":"","_EventCurrencyPosition":"","_EventDateTimeSeparator":"","_EventTimeRangeSeparator":"","_EventOrganizerID":[],"_EventVenueID":[],"_OrganizerEmail":"","_OrganizerPhone":"","_OrganizerWebsite":"","_VenueAddress":"","_VenueCity":"","_VenueCountry":"","_VenueProvince":"","_VenueState":"","_VenueZip":"","_VenuePhone":"","_VenueURL":"","_VenueStateProvince":"","_VenueLat":"","_VenueLng":"","_VenueShowMap":false,"_VenueShowMapLink":false,"footnotes":""},"categories":[3],"tags":[],"class_list":["post-28","post","type-post","status-publish","format-standard","hentry","category-manifestations"],"mb":[],"acf":[],"uagb_featured_image_src":{"full":false,"thumbnail":false,"medium":false,"medium_large":false,"large":false,"1536x1536":false,"2048x2048":false,"mailpoet_newsletter_max":false},"uagb_author_info":{"display_name":"admin7534","author_link":"https:\/\/sosforetfrance.org\/author\/admin7534\/"},"uagb_comment_info":0,"uagb_excerpt":"2, Av de St Mand\u00e9, Paris 12\u00e8me, \u00e0 l\u2019occasion du Conseil d\u2019administration de l\u2019\u00e9tablissement. Le collectif SOS-For\u00eat France invite donc les \u00e9lus et l\u2019ensemble de la population \u00e0 agir tr\u00e8s [&hellip;]","mfb_rest_fields":["title","uagb_featured_image_src","uagb_author_info","uagb_comment_info","uagb_excerpt"],"_links":{"self":[{"href":"https:\/\/sosforetfrance.org\/index.php\/wp-json\/wp\/v2\/posts\/28","targetHints":{"allow":["GET"]}}],"collection":[{"href":"https:\/\/sosforetfrance.org\/index.php\/wp-json\/wp\/v2\/posts"}],"about":[{"href":"https:\/\/sosforetfrance.org\/index.php\/wp-json\/wp\/v2\/types\/post"}],"author":[{"embeddable":true,"href":"https:\/\/sosforetfrance.org\/index.php\/wp-json\/wp\/v2\/users\/1"}],"replies":[{"embeddable":true,"href":"https:\/\/sosforetfrance.org\/index.php\/wp-json\/wp\/v2\/comments?post=28"}],"version-history":[{"count":1,"href":"https:\/\/sosforetfrance.org\/index.php\/wp-json\/wp\/v2\/posts\/28\/revisions"}],"predecessor-version":[{"id":14962,"href":"https:\/\/sosforetfrance.org\/index.php\/wp-json\/wp\/v2\/posts\/28\/revisions\/14962"}],"wp:attachment":[{"href":"https:\/\/sosforetfrance.org\/index.php\/wp-json\/wp\/v2\/media?parent=28"}],"wp:term":[{"taxonomy":"category","embeddable":true,"href":"https:\/\/sosforetfrance.org\/index.php\/wp-json\/wp\/v2\/categories?post=28"},{"taxonomy":"post_tag","embeddable":true,"href":"https:\/\/sosforetfrance.org\/index.php\/wp-json\/wp\/v2\/tags?post=28"}],"curies":[{"name":"wp","href":"https:\/\/api.w.org\/{rel}","templated":true}]}}