{"id":4236,"date":"2023-08-07T12:58:26","date_gmt":"2023-08-07T10:58:26","guid":{"rendered":"https:\/\/sosforetfrance.org\/?p=4236"},"modified":"2023-09-06T12:09:19","modified_gmt":"2023-09-06T10:09:19","slug":"retour-du-larzac","status":"publish","type":"post","link":"https:\/\/sosforetfrance.org\/index.php\/2023\/08\/07\/retour-du-larzac\/","title":{"rendered":"Retour du Larzac"},"content":{"rendered":"\n<h2 class=\"wp-block-heading\">Nous part\u00eemes cinq cents ; mais par un prompt renfort, nous nous v\u00eemes cinq mille au pays du roquefort ! Et m\u00eame plus : les b\u00e9n\u00e9voles (merci&nbsp;!) qui comptaient toute la journ\u00e9e ont totalis\u00e9 plus de 7500&nbsp;personnes aux <em>R\u00e9sistantes<\/em>, les rencontres des luttes locales qui se tenaient du 3&nbsp;au 6 ao\u00fbt au Larzac. SOS For\u00eat France y \u00e9tait bien s\u00fbr repr\u00e9sent\u00e9e.<\/h2>\n\n\n\n<p>Ni le vent, ni la pluie n&rsquo;ont emp\u00each\u00e9 les milliers de repr\u00e9sentants de luttes locales de converger vers le plateau de la Courtevoirade. \u00c0 n&rsquo;en pas douter, l&rsquo;approche de l&rsquo;audience au Conseil d&rsquo;\u00c9tat sur le d\u00e9cret de dissolution des Soul\u00e8vements de la Terre a motiv\u00e9 celles et ceux qui h\u00e9sitaient encore. Les barnums et les chapiteaux des 175 temps de formations, ateliers, conf\u00e9rences, tables rondes et spectacles, install\u00e9s sur les terres pr\u00eat\u00e9es par des paysan\u00b7nes de la Soci\u00e9t\u00e9 Civile des Terres du Larzac, \u00e9taient archi-combles. <\/p>\n\n\n\n<p>Outre toutes les luttes o\u00f9 elle est concern\u00e9e (projets routiers, par exemple), la for\u00eat y \u00e9tait sp\u00e9cifiquement pr\u00e9sente \u00e0 travers quatre temps : une assembl\u00e9e sur \u00ab\u00a0l&rsquo;agrivolta\u00efsme et l&rsquo;artificialisation des terres agricoles, naturelles et foresti\u00e8res\u00a0\u00bb, un atelier \u00ab\u00a0Construire des contre-projets face \u00e0 nos adversaires\u00a0\u00bb, la projection-d\u00e9bat du film <em><a href=\"https:\/\/www.confluenceshumaines.com\/foret-en-resistance\" target=\"_blank\" rel=\"noreferrer noopener\">For\u00eat en R\u00e9sistance<\/a><\/em>, en pr\u00e9sence du r\u00e9alisateur Louis Bidou et de Michel, d&rsquo;<a href=\"https:\/\/www.alternativesforestieres.org\/Abrakadabois-810\" target=\"_blank\" rel=\"noreferrer noopener\">Abrakadabois<\/a>, et l&rsquo;Assembl\u00e9e pour des for\u00eats vivantes, qui a r\u00e9unit plus de deux cents repr\u00e9sentants de luttes locales de d\u00e9fense de la for\u00eat.<\/p>\n\n\n\n<p>Cette assembl\u00e9e a permis de dresser un \u00e9tat des lieux des combats que doivent mener des collectifs partout en France, y compris dans les territoires ultramarins, pour prot\u00e9ger la for\u00eat face \u00e0 des destructions motiv\u00e9es quelquefois par l&rsquo;ignorance, le plus souvent par un app\u00e2t du gain imm\u00e9diat aiguis\u00e9 par les tr\u00e8s nombreuses aides publiques et dissimul\u00e9 sous une \u00e9paisse couche de peinture verte fournie par les lobbies de l&rsquo;industrie foresti\u00e8re : remplacer une for\u00eat par une centrale de production d&rsquo;\u00e9nergie ? raser une for\u00eat diversifi\u00e9e pour y installer une monoculture de r\u00e9sineux ? destiner des arbres centenaires au broyage pour faire des pellets ? Tout cela serait \u00e9cologique ! <\/p>\n\n\n\n<p>Face aux machines surdimensionn\u00e9es qui d\u00e9barquent un matin sans que les riverains ne soient pr\u00e9venus, les collectifs qui se forment spontan\u00e9ment sont souvent d\u00e9munis. C&rsquo;est la vocation de SOS For\u00eat de mutualiser les moyens de lutte, d&rsquo;orienter dans le maquis (touffu, celui-l\u00e0) de la l\u00e9gislation foresti\u00e8re, de convaincre les l\u00e9gislateurs de la n\u00e9cessit\u00e9 urgente de faire de la gestion douce, \u00e0 couvert continu, donc sans coupes rases et sans monocultures, notre mod\u00e8le collectif de foresterie, de faire r\u00e9sonner l&rsquo;\u00e9cho des actions locales au plan national, de transmettre l&rsquo;exp\u00e9rience de celles et ceux qui ont su emp\u00eacher un d\u00e9sastre, d&rsquo;aider \u00e0 la construction d&rsquo;outils pour se r\u00e9approprier le bien commun qu&rsquo;est la for\u00eat, comme les groupements forestiers citoyens qui naissent un peu partout ou, le fonds de dotation <a href=\"https:\/\/www.foretsenvie.org\/\" target=\"_blank\" rel=\"noreferrer noopener\">For\u00eats en Vie<\/a>, nouvellement cr\u00e9\u00e9 \u00e0 l&rsquo;initiative du <a href=\"https:\/\/www.alternativesforestieres.org\/\" target=\"_blank\" rel=\"noopener\">R\u00e9seau pour les alternatives foresti\u00e8res<\/a> (RAF). <\/p>\n\n\n\n<p>Ainsi, les Creusois, qui \u00e0 Tarnac ont sauv\u00e9 une parcelle de feuillus promise \u00e0 l\u2019enr\u00e9sinement, les Morvandiaux ou les Pyr\u00e9n\u00e9ens qui ont emp\u00each\u00e9 l&rsquo;installation de m\u00e9gascieries, les opposants de <a href=\"https:\/\/sosforetfrance.org\/index.php\/2023\/03\/08\/le-projet-biomasse-de-gardanne-au-conseil-detat\/\">Gardanne <\/a>(Bouches-du-Rh\u00f4ne) qui sont en bonne voie pour faire annuler la conversion d&rsquo;une centrale \u00e0 charbon en incin\u00e9rateur de for\u00eats, les zadistes de Notre-Dame-des-Landes qui ont fond\u00e9, sur les lieux d&rsquo;un inutile a\u00e9roport renvoy\u00e9 aux oubliettes, une coop\u00e9rative respectueuse de l&rsquo;\u00e9cosyst\u00e8me forestier (dont ils font partie)&#8230; <\/p>\n\n\n\n<p>Ces victoires peuvent \u00eatre d\u00e9finitives, ou temporaires, mais un jour de plus avec une for\u00eat toujours debout est toujours une victoire. La participation de SOS For\u00eat aux R\u00e9sistantes a aid\u00e9 \u00e0 rompre l&rsquo;isolement de collectifs nouveaux. Le stand tenu avec <a href=\"http:\/\/adretmorvan.org\/\" target=\"_blank\" rel=\"noreferrer noopener\">Adret Morvan<\/a> a permis aussi d&rsquo;approfondir l&rsquo;examen de certains dossiers et de r\u00e9pondre \u00e0 toutes celles et ceux qui, alarm\u00e9s par le d\u00e9p\u00e9rissement et la destruction de for\u00eats, mais \u00e9loign\u00e9s de ce milieu, cherchent \u00e0 comprendre les m\u00e9canismes qui conduisent \u00e0 des politiques publiques mortif\u00e8res ou, tout simplement, souhaitent apprendre sur les for\u00eats. <\/p>\n\n\n\n<p>Toutes et tous ont en tout cas manifest\u00e9 leur solidarit\u00e9 avec les Soul\u00e8vements de la terre, dont beaucoup des collectifs de SOS For\u00eat font partie et dont l&rsquo;un des porte-paroles, par un hasard de bon augure s&rsquo;appelle&#8230; Beno\u00eet Feuillu.  <\/p>\n\n\n\n<p> <\/p>\n","protected":false},"excerpt":{"rendered":"<p>Nous part\u00eemes cinq cents ; mais par un prompt renfort, nous nous v\u00eemes cinq mille au pays du roquefort ! Et m\u00eame plus : les b\u00e9n\u00e9voles (merci&nbsp;!) qui comptaient toute [&hellip;]<\/p>\n","protected":false},"author":10,"featured_media":4241,"comment_status":"closed","ping_status":"closed","sticky":false,"template":"","format":"standard","meta":{"_acf_changed":false,"_gspb_post_css":"","_uag_custom_page_level_css":"","_EventAllDay":false,"_EventTimezone":"","_EventStartDate":"","_EventEndDate":"","_EventStartDateUTC":"","_EventEndDateUTC":"","_EventShowMap":false,"_EventShowMapLink":false,"_EventURL":"","_EventCost":"","_EventCostDescription":"","_EventCurrencySymbol":"","_EventCurrencyCode":"","_EventCurrencyPosition":"","_EventDateTimeSeparator":"","_EventTimeRangeSeparator":"","_EventOrganizerID":[],"_EventVenueID":[],"_OrganizerEmail":"","_OrganizerPhone":"","_OrganizerWebsite":"","_VenueAddress":"","_VenueCity":"","_VenueCountry":"","_VenueProvince":"","_VenueState":"","_VenueZip":"","_VenuePhone":"","_VenueURL":"","_VenueStateProvince":"","_VenueLat":"","_VenueLng":"","_VenueShowMap":false,"_VenueShowMapLink":false,"footnotes":""},"categories":[3,1],"tags":[28,29,30],"class_list":["post-4236","post","type-post","status-publish","format-standard","has-post-thumbnail","hentry","category-manifestations","category-non-classe","tag-larzac","tag-resistantes","tag-souevements-de-la-terre"],"mb":[],"acf":[],"uagb_featured_image_src":{"full":["https:\/\/sosforetfrance.org\/wp-content\/uploads\/2023\/08\/IMG20230802211609.jpg",800,450,false],"thumbnail":["https:\/\/sosforetfrance.org\/wp-content\/uploads\/2023\/08\/IMG20230802211609-150x150.jpg",150,150,true],"medium":["https:\/\/sosforetfrance.org\/wp-content\/uploads\/2023\/08\/IMG20230802211609-300x169.jpg",300,169,true],"medium_large":["https:\/\/sosforetfrance.org\/wp-content\/uploads\/2023\/08\/IMG20230802211609-768x432.jpg",768,432,true],"large":["https:\/\/sosforetfrance.org\/wp-content\/uploads\/2023\/08\/IMG20230802211609.jpg",800,450,false],"1536x1536":["https:\/\/sosforetfrance.org\/wp-content\/uploads\/2023\/08\/IMG20230802211609.jpg",800,450,false],"2048x2048":["https:\/\/sosforetfrance.org\/wp-content\/uploads\/2023\/08\/IMG20230802211609.jpg",800,450,false],"mailpoet_newsletter_max":["https:\/\/sosforetfrance.org\/wp-content\/uploads\/2023\/08\/IMG20230802211609.jpg",800,450,false]},"uagb_author_info":{"display_name":"Marie-Anne Guillemain","author_link":"https:\/\/sosforetfrance.org\/author\/mag\/"},"uagb_comment_info":0,"uagb_excerpt":"Nous part\u00eemes cinq cents ; mais par un prompt renfort, nous nous v\u00eemes cinq mille au pays du roquefort ! Et m\u00eame plus : les b\u00e9n\u00e9voles (merci&nbsp;!) qui comptaient toute [&hellip;]","mfb_rest_fields":["title","uagb_featured_image_src","uagb_author_info","uagb_comment_info","uagb_excerpt"],"_links":{"self":[{"href":"https:\/\/sosforetfrance.org\/index.php\/wp-json\/wp\/v2\/posts\/4236","targetHints":{"allow":["GET"]}}],"collection":[{"href":"https:\/\/sosforetfrance.org\/index.php\/wp-json\/wp\/v2\/posts"}],"about":[{"href":"https:\/\/sosforetfrance.org\/index.php\/wp-json\/wp\/v2\/types\/post"}],"author":[{"embeddable":true,"href":"https:\/\/sosforetfrance.org\/index.php\/wp-json\/wp\/v2\/users\/10"}],"replies":[{"embeddable":true,"href":"https:\/\/sosforetfrance.org\/index.php\/wp-json\/wp\/v2\/comments?post=4236"}],"version-history":[{"count":0,"href":"https:\/\/sosforetfrance.org\/index.php\/wp-json\/wp\/v2\/posts\/4236\/revisions"}],"wp:featuredmedia":[{"embeddable":true,"href":"https:\/\/sosforetfrance.org\/index.php\/wp-json\/wp\/v2\/media\/4241"}],"wp:attachment":[{"href":"https:\/\/sosforetfrance.org\/index.php\/wp-json\/wp\/v2\/media?parent=4236"}],"wp:term":[{"taxonomy":"category","embeddable":true,"href":"https:\/\/sosforetfrance.org\/index.php\/wp-json\/wp\/v2\/categories?post=4236"},{"taxonomy":"post_tag","embeddable":true,"href":"https:\/\/sosforetfrance.org\/index.php\/wp-json\/wp\/v2\/tags?post=4236"}],"curies":[{"name":"wp","href":"https:\/\/api.w.org\/{rel}","templated":true}]}}