{"id":539,"date":"2019-10-09T20:42:13","date_gmt":"2019-10-09T18:42:13","guid":{"rendered":"http:\/\/sosforetfrance.org\/?p=539"},"modified":"2020-01-20T12:15:09","modified_gmt":"2020-01-20T11:15:09","slug":"la-commission-denquete-parlementaire-citoyenne-sur-la-foret-delocalisee-au-bois-de-latingy","status":"publish","type":"post","link":"https:\/\/sosforetfrance.org\/index.php\/2019\/10\/09\/la-commission-denquete-parlementaire-citoyenne-sur-la-foret-delocalisee-au-bois-de-latingy\/","title":{"rendered":"La commission d&rsquo;enqu\u00eate parlementaire citoyenne sur la for\u00eat d\u00e9localis\u00e9e au bois de Latingy"},"content":{"rendered":"\n<figure class=\"wp-block-image\"><img loading=\"lazy\" decoding=\"async\" width=\"700\" height=\"395\" src=\"http:\/\/sosforetfrance.org\/wp-content\/uploads\/2019\/10\/CP-Commission-denquete-Latingy.jpg\" alt=\"Communiqu\u00e9 de la commission d'enqu\u00eate parlementaire citoyenne \u00e0 Latingy\" class=\"wp-image-531\" srcset=\"https:\/\/sosforetfrance.org\/wp-content\/uploads\/2019\/10\/CP-Commission-denquete-Latingy.jpg 700w, https:\/\/sosforetfrance.org\/wp-content\/uploads\/2019\/10\/CP-Commission-denquete-Latingy-300x169.jpg 300w, https:\/\/sosforetfrance.org\/wp-content\/uploads\/2019\/10\/CP-Commission-denquete-Latingy-350x198.jpg 350w\" sizes=\"auto, (max-width: 700px) 100vw, 700px\" \/><\/figure>\n\n\n\n<p><strong><em>Le \u00ab\u00a0NON au pont et son monde\u00a0\u00bb port\u00e9 par le Village de la Loire remontera\njusqu&rsquo;\u00e0 l&rsquo;Assembl\u00e9e Nationale par l&rsquo;interm\u00e9diaire de la Vice-Pr\u00e9sidente du\ngroupe parlementaire France Insoumise.\n<\/em><\/strong><\/p>\n\n\n\n<p><strong>Dernier week-end d&rsquo;ao\u00fbt 2019 <\/strong>&#8211; Le Village de la Loire organisait sa Bulldo F\u00eate contre l\u2019artificialisation\ndes sols et de la destruction des nappes phr\u00e9atiques au service de la logistique des flux ininterrompus de\nmarchandises et pr\u00e9parait la lutte contre les machines de d\u00e9boisement pour prot\u00e9ger la for\u00eat et ses habitants.\n<\/p>\n\n\n\n<p><strong>A partir du 11 Septembre 2019 &#8211; <\/strong>Malheureusement et malgr\u00e9 la r\u00e9sistance des millitant.e.s et citoyen.ne.s, le Conseil D\u00e9partemental, aid\u00e9 de la Gendarmerie et de bucherons polonais, a r\u00e9alis\u00e9 son \u00e9cocide en quelques jours et a mis \u00e0 terre l&rsquo;habitat du Balbuzard et d&rsquo;autres esp\u00e8ces prot\u00e9g\u00e9es, laissant une saign\u00e9e dans le bois de Latingy d&rsquo;une centaine de m\u00e8tres de large jusqu&rsquo;\u00e0 la Loire sauvage. <\/p>\n\n\n\n<p><strong>Mardi 24 septembre 2019 <\/strong>&#8211; Dix parlementaires dont Mathilde PANOT (LFI), six associations et syndicats\net Gaspard D&rsquo;Allens, journaliste et auteur du livre \u00ab Main basse sur nos for\u00eats \u00bb lan\u00e7aient une commission\nd&rsquo;enqu\u00eate citoyenne intitul\u00e9e \u00ab\u00a0For\u00eats, bien commun\u00a0\u00bb 2. L&rsquo;objectif est de promouvoir une gestion alternative\nde nos for\u00eats dans les d\u00e9bats nationaux et d&rsquo;aboutir \u00e0 une proposition de loi pour la fin d&rsquo;ann\u00e9e.\n<\/p>\n\n\n\n<p><strong>Dimanche 20 octobre 2019 <\/strong>&#8211; R\u00e9pondant \u00e0 l&rsquo;appel d&rsquo;insoumis loir\u00e9tains et du Village de la Loire, Mathilde PANOT sera \u00e0 Mardi\u00e9 dans le bois de Latingy pour constater les d\u00e9g\u00e2ts catastrophiques sur la for\u00eat caus\u00e9s par le d\u00e9boisement en vue du projet inutile de d\u00e9viation de la RD921 et recueillir de la mati\u00e8re \u00e0 remonter \u00e0 l&rsquo;Assembl\u00e9e Nationale dans le cadre de la commission d&rsquo;enqu\u00eate. <\/p>\n\n\n\n<p><strong>Au programme :\n<\/strong><\/p>\n\n\n\n<ul class=\"wp-block-list\"><li> 13h-14h &#8211; Bois de Latingy sur l&#8217;emprise du projet : <em>Marche contre le pont et son monde <\/em> <\/li><li> 14h30-16h30 &#8211; Salle des f\u00eates de Mardi\u00e9 : <em>Commission d&rsquo;enqu\u00eate : Audition du collectif en lutte, des <\/em> <em>syndicalistes de l&rsquo;ONF et des sp\u00e9cialistes de la biodiversit\u00e9 locale <\/em> <\/li><li> 17h-18h &#8211; Salle des f\u00eates de Mardi\u00e9 : <em>Conf\u00e9rence de presse <\/em> <\/li><li> 18h-19h30 &#8211; Salle des f\u00eates de Mardi\u00e9 : <em>Assembl\u00e9e G\u00e9n\u00e9rale du Village de la Loire <\/em> <strong>Informations pratiques : <\/strong> Acc\u00e8s d\u00e9part de la marche : 704 Rue du Mont ; 45430 MARDI\u00c9 ; GPS : 47\u00b052&rsquo;32.5&Prime;N 2\u00b005&rsquo;38.1&Prime;E Salle de f\u00eates de Mardi\u00e9 : Salle Edgard Veau ; Place du Pressoir, 45430 MARDI\u00c9 <strong>Contact : <\/strong> Le Village de la Loire : levillagedelaloire@riseup.net ; 07.53.77.20.07 (contact presse uniquement)<\/li><li><a href=\"https:\/\/lundi.am\/Comment-meurt-la-foret-pour-que-croisse-la-metropole-Quentin-Hardy\" target=\"_blank\" rel=\"noreferrer noopener\" aria-label=\" (s\u2019ouvre dans un nouvel onglet)\">https:\/\/lundi.am\/Comment-meurt-la-foret-pour-que-croisse-la-metropole-Quentin-Hardy<\/a><br><\/li><\/ul>\n","protected":false},"excerpt":{"rendered":"<p>Le \u00ab\u00a0NON au pont et son monde\u00a0\u00bb port\u00e9 par le Village de la Loire remontera jusqu&rsquo;\u00e0 l&rsquo;Assembl\u00e9e Nationale par l&rsquo;interm\u00e9diaire de la Vice-Pr\u00e9sidente du groupe parlementaire France Insoumise. Dernier week-end [&hellip;]<\/p>\n","protected":false},"author":1,"featured_media":531,"comment_status":"closed","ping_status":"closed","sticky":false,"template":"","format":"standard","meta":{"_acf_changed":false,"_gspb_post_css":"","_uag_custom_page_level_css":"","_EventAllDay":false,"_EventTimezone":"","_EventStartDate":"","_EventEndDate":"","_EventStartDateUTC":"","_EventEndDateUTC":"","_EventShowMap":false,"_EventShowMapLink":false,"_EventURL":"","_EventCost":"","_EventCostDescription":"","_EventCurrencySymbol":"","_EventCurrencyCode":"","_EventCurrencyPosition":"","_EventDateTimeSeparator":"","_EventTimeRangeSeparator":"","_EventOrganizerID":[],"_EventVenueID":[],"_OrganizerEmail":"","_OrganizerPhone":"","_OrganizerWebsite":"","_VenueAddress":"","_VenueCity":"","_VenueCountry":"","_VenueProvince":"","_VenueState":"","_VenueZip":"","_VenuePhone":"","_VenueURL":"","_VenueStateProvince":"","_VenueLat":"","_VenueLng":"","_VenueShowMap":false,"_VenueShowMapLink":false,"footnotes":""},"categories":[3],"tags":[],"class_list":["post-539","post","type-post","status-publish","format-standard","has-post-thumbnail","hentry","category-manifestations"],"mb":[],"acf":[],"uagb_featured_image_src":{"full":["https:\/\/sosforetfrance.org\/wp-content\/uploads\/2019\/10\/CP-Commission-denquete-Latingy.jpg",700,395,false],"thumbnail":["https:\/\/sosforetfrance.org\/wp-content\/uploads\/2019\/10\/CP-Commission-denquete-Latingy-150x150.jpg",150,150,true],"medium":["https:\/\/sosforetfrance.org\/wp-content\/uploads\/2019\/10\/CP-Commission-denquete-Latingy-300x169.jpg",300,169,true],"medium_large":["https:\/\/sosforetfrance.org\/wp-content\/uploads\/2019\/10\/CP-Commission-denquete-Latingy.jpg",700,395,false],"large":["https:\/\/sosforetfrance.org\/wp-content\/uploads\/2019\/10\/CP-Commission-denquete-Latingy.jpg",700,395,false],"1536x1536":["https:\/\/sosforetfrance.org\/wp-content\/uploads\/2019\/10\/CP-Commission-denquete-Latingy.jpg",700,395,false],"2048x2048":["https:\/\/sosforetfrance.org\/wp-content\/uploads\/2019\/10\/CP-Commission-denquete-Latingy.jpg",700,395,false],"mailpoet_newsletter_max":["https:\/\/sosforetfrance.org\/wp-content\/uploads\/2019\/10\/CP-Commission-denquete-Latingy.jpg",700,395,false]},"uagb_author_info":{"display_name":"admin7534","author_link":"https:\/\/sosforetfrance.org\/author\/admin7534\/"},"uagb_comment_info":0,"uagb_excerpt":"Le \u00ab\u00a0NON au pont et son monde\u00a0\u00bb port\u00e9 par le Village de la Loire remontera jusqu&rsquo;\u00e0 l&rsquo;Assembl\u00e9e Nationale par l&rsquo;interm\u00e9diaire de la Vice-Pr\u00e9sidente du groupe parlementaire France Insoumise. Dernier week-end [&hellip;]","mfb_rest_fields":["title","uagb_featured_image_src","uagb_author_info","uagb_comment_info","uagb_excerpt"],"_links":{"self":[{"href":"https:\/\/sosforetfrance.org\/index.php\/wp-json\/wp\/v2\/posts\/539","targetHints":{"allow":["GET"]}}],"collection":[{"href":"https:\/\/sosforetfrance.org\/index.php\/wp-json\/wp\/v2\/posts"}],"about":[{"href":"https:\/\/sosforetfrance.org\/index.php\/wp-json\/wp\/v2\/types\/post"}],"author":[{"embeddable":true,"href":"https:\/\/sosforetfrance.org\/index.php\/wp-json\/wp\/v2\/users\/1"}],"replies":[{"embeddable":true,"href":"https:\/\/sosforetfrance.org\/index.php\/wp-json\/wp\/v2\/comments?post=539"}],"version-history":[{"count":0,"href":"https:\/\/sosforetfrance.org\/index.php\/wp-json\/wp\/v2\/posts\/539\/revisions"}],"wp:featuredmedia":[{"embeddable":true,"href":"https:\/\/sosforetfrance.org\/index.php\/wp-json\/wp\/v2\/media\/531"}],"wp:attachment":[{"href":"https:\/\/sosforetfrance.org\/index.php\/wp-json\/wp\/v2\/media?parent=539"}],"wp:term":[{"taxonomy":"category","embeddable":true,"href":"https:\/\/sosforetfrance.org\/index.php\/wp-json\/wp\/v2\/categories?post=539"},{"taxonomy":"post_tag","embeddable":true,"href":"https:\/\/sosforetfrance.org\/index.php\/wp-json\/wp\/v2\/tags?post=539"}],"curies":[{"name":"wp","href":"https:\/\/api.w.org\/{rel}","templated":true}]}}