{"id":6424,"date":"2024-03-07T00:03:00","date_gmt":"2024-03-06T23:03:00","guid":{"rendered":"https:\/\/sosforetfrance.org\/?p=6424"},"modified":"2024-05-24T09:51:02","modified_gmt":"2024-05-24T07:51:02","slug":"sos-foret-fait-salle-comble-au-salon-comble-au-salon-primevere","status":"publish","type":"post","link":"https:\/\/sosforetfrance.org\/index.php\/2024\/03\/07\/sos-foret-fait-salle-comble-au-salon-comble-au-salon-primevere\/","title":{"rendered":"SOS For\u00eat fait salle comble au salon Primev\u00e8re"},"content":{"rendered":"\n<h4 class=\"wp-block-heading\">\u00ab\u00a0Faut-il planter des arbres pour sauver la for\u00eat ?\u00a0\u00bb C&rsquo;\u00e9tait le titre du d\u00e9bat auquel ont particip\u00e9 trois repr\u00e9sentant\u00b7es de SOS For\u00eat France au salon Primev\u00e8re, le 2 mars \u00e0 Lyon.<\/h4>\n\n\n\n<p>Les intervenant\u00b7es, de gauche \u00e0 droite :<\/p>\n\n\n\n<ul class=\"wp-block-list\">\n<li><strong>Alicia Charennat, <\/strong>pour le syndicat de l\u2019ONF <a href=\"http:\/\/www.snupfen.org\" target=\"_blank\" rel=\"noreferrer noopener\">Snupfen-Solidaires<\/a> (Syndicat national unifi\u00e9 des personnels des for\u00eats et de l\u2019espace naturel)<\/li>\n\n\n\n<li><strong>R\u00e9gis Lindeperg, <\/strong>administrateur du fonds de dotation For\u00eats en vie<\/li>\n\n\n\n<li><strong>Catherine Couturier<\/strong>, d\u00e9put\u00e9e de la Creuse, autrice d\u2019une <a href=\"https:\/\/www.assemblee-nationale.fr\/dyn\/16\/textes\/l16b1880_proposition-loi\" target=\"_blank\" rel=\"noreferrer noopener\">proposition de loi<\/a> \u201crelative \u00e0 l\u2019adaptation de la politique foresti\u00e8re et des milieux forestiers face au changement climatique\u201d d\u00e9pos\u00e9e en novembre 2023 \u00e0 l\u2019Assembl\u00e9e nationale<\/li>\n\n\n\n<li><strong>Marie-Anne Guillemain, <\/strong>administratrice d\u2019Adret Morvan<\/li>\n<\/ul>\n\n\n\n<p>Le d\u00e9bat a \u00e9t\u00e9 enregistr\u00e9 et vous pouvez le r\u00e9\u00e9couter ici !<\/p>\n\n\n\n<figure class=\"wp-block-audio\"><audio controls src=\"https:\/\/www.salonprimevere.org\/downloads\/conferences\/mp3\/2024_planterarbres%202.mp3\"><\/audio><\/figure>\n","protected":false},"excerpt":{"rendered":"<p>\u00ab\u00a0Faut-il planter des arbres pour sauver la for\u00eat ?\u00a0\u00bb C&rsquo;\u00e9tait le titre du d\u00e9bat auquel ont particip\u00e9 trois repr\u00e9sentant\u00b7es de SOS For\u00eat France au salon Primev\u00e8re, le 2 mars \u00e0 [&hellip;]<\/p>\n","protected":false},"author":10,"featured_media":7080,"comment_status":"closed","ping_status":"closed","sticky":false,"template":"","format":"standard","meta":{"_acf_changed":false,"_gspb_post_css":"","_uag_custom_page_level_css":"","_EventAllDay":false,"_EventTimezone":"","_EventStartDate":"","_EventEndDate":"","_EventStartDateUTC":"","_EventEndDateUTC":"","_EventShowMap":false,"_EventShowMapLink":false,"_EventURL":"","_EventCost":"","_EventCostDescription":"","_EventCurrencySymbol":"","_EventCurrencyCode":"","_EventCurrencyPosition":"","_EventDateTimeSeparator":"","_EventTimeRangeSeparator":"","_EventOrganizerID":[],"_EventVenueID":[],"_OrganizerEmail":"","_OrganizerPhone":"","_OrganizerWebsite":"","_VenueAddress":"","_VenueCity":"","_VenueCountry":"","_VenueProvince":"","_VenueState":"","_VenueZip":"","_VenuePhone":"","_VenueURL":"","_VenueStateProvince":"","_VenueLat":"","_VenueLng":"","_VenueShowMap":false,"_VenueShowMapLink":false,"footnotes":""},"categories":[1,3],"tags":[50,51,53,57],"class_list":["post-6424","post","type-post","status-publish","format-standard","has-post-thumbnail","hentry","category-non-classe","category-manifestations","tag-alicia-charennat","tag-catherine-couturier","tag-regis-lindeperg","tag-salon-primevere"],"mb":[],"acf":[],"uagb_featured_image_src":{"full":["https:\/\/sosforetfrance.org\/wp-content\/uploads\/2024\/05\/debat-Primevere-intervenants-2.png",800,579,false],"thumbnail":["https:\/\/sosforetfrance.org\/wp-content\/uploads\/2024\/05\/debat-Primevere-intervenants-2-150x150.png",150,150,true],"medium":["https:\/\/sosforetfrance.org\/wp-content\/uploads\/2024\/05\/debat-Primevere-intervenants-2-300x217.png",300,217,true],"medium_large":["https:\/\/sosforetfrance.org\/wp-content\/uploads\/2024\/05\/debat-Primevere-intervenants-2-768x556.png",768,556,true],"large":["https:\/\/sosforetfrance.org\/wp-content\/uploads\/2024\/05\/debat-Primevere-intervenants-2.png",800,579,false],"1536x1536":["https:\/\/sosforetfrance.org\/wp-content\/uploads\/2024\/05\/debat-Primevere-intervenants-2.png",800,579,false],"2048x2048":["https:\/\/sosforetfrance.org\/wp-content\/uploads\/2024\/05\/debat-Primevere-intervenants-2.png",800,579,false],"mailpoet_newsletter_max":["https:\/\/sosforetfrance.org\/wp-content\/uploads\/2024\/05\/debat-Primevere-intervenants-2.png",800,579,false]},"uagb_author_info":{"display_name":"Marie-Anne Guillemain","author_link":"https:\/\/sosforetfrance.org\/author\/mag\/"},"uagb_comment_info":0,"uagb_excerpt":"\u00ab\u00a0Faut-il planter des arbres pour sauver la for\u00eat ?\u00a0\u00bb C&rsquo;\u00e9tait le titre du d\u00e9bat auquel ont particip\u00e9 trois repr\u00e9sentant\u00b7es de SOS For\u00eat France au salon Primev\u00e8re, le 2 mars \u00e0 [&hellip;]","mfb_rest_fields":["title","uagb_featured_image_src","uagb_author_info","uagb_comment_info","uagb_excerpt"],"_links":{"self":[{"href":"https:\/\/sosforetfrance.org\/index.php\/wp-json\/wp\/v2\/posts\/6424","targetHints":{"allow":["GET"]}}],"collection":[{"href":"https:\/\/sosforetfrance.org\/index.php\/wp-json\/wp\/v2\/posts"}],"about":[{"href":"https:\/\/sosforetfrance.org\/index.php\/wp-json\/wp\/v2\/types\/post"}],"author":[{"embeddable":true,"href":"https:\/\/sosforetfrance.org\/index.php\/wp-json\/wp\/v2\/users\/10"}],"replies":[{"embeddable":true,"href":"https:\/\/sosforetfrance.org\/index.php\/wp-json\/wp\/v2\/comments?post=6424"}],"version-history":[{"count":0,"href":"https:\/\/sosforetfrance.org\/index.php\/wp-json\/wp\/v2\/posts\/6424\/revisions"}],"wp:featuredmedia":[{"embeddable":true,"href":"https:\/\/sosforetfrance.org\/index.php\/wp-json\/wp\/v2\/media\/7080"}],"wp:attachment":[{"href":"https:\/\/sosforetfrance.org\/index.php\/wp-json\/wp\/v2\/media?parent=6424"}],"wp:term":[{"taxonomy":"category","embeddable":true,"href":"https:\/\/sosforetfrance.org\/index.php\/wp-json\/wp\/v2\/categories?post=6424"},{"taxonomy":"post_tag","embeddable":true,"href":"https:\/\/sosforetfrance.org\/index.php\/wp-json\/wp\/v2\/tags?post=6424"}],"curies":[{"name":"wp","href":"https:\/\/api.w.org\/{rel}","templated":true}]}}