{"id":6511,"date":"2024-03-11T08:44:24","date_gmt":"2024-03-11T07:44:24","guid":{"rendered":"https:\/\/sosforetfrance.org\/?p=6511"},"modified":"2024-03-11T11:38:05","modified_gmt":"2024-03-11T10:38:05","slug":"deforestation-importee-la-commission-europeenne-veut-retarder-linterdiction","status":"publish","type":"post","link":"https:\/\/sosforetfrance.org\/index.php\/2024\/03\/11\/deforestation-importee-la-commission-europeenne-veut-retarder-linterdiction\/","title":{"rendered":"D\u00e9forestation import\u00e9e : la Commission europ\u00e9enne veut retarder l&rsquo;interdiction"},"content":{"rendered":"\n<h4 class=\"wp-block-heading\">Le combat pour interdire l&rsquo;importation en Europe de produits cultiv\u00e9s sur des terres d\u00e9bois\u00e9es, comme l&rsquo;huile de palme, le soja, le caf\u00e9, le cacao ou le caoutchouc n&rsquo;est pas encore gagn\u00e9 : alors que le <a href=\"https:\/\/eur-lex.europa.eu\/legal-content\/FR\/TXT\/HTML\/?uri=CELEX:32023R1115\" target=\"_blank\" rel=\"noopener\">r\u00e8glement du 9 juin 2023<\/a> impose un contr\u00f4le strict des importations en provenance de r\u00e9gions sujettes \u00e0 la d\u00e9forestation, la Commission europ\u00e9enne tente d&rsquo;en retarder l&rsquo;application.<\/h4>\n\n\n\n<p>En trente ans, l&rsquo;\u00e9quivalent de la superficie de l&rsquo;Union europ\u00e9enne, 420 millions d&rsquo;hectares de for\u00eats ont disparu, \u00e0 90% dans des zones tropicales l\u00e0 o\u00f9 se trouvent les deux-tiers de la biodiversit\u00e9 foresti\u00e8re, principalement pour \u00eatre transform\u00e9s en terres agricoles. Les terres cultiv\u00e9es sont \u00e0 l\u2019origine de pr\u00e8s de 50% de la d\u00e9forestation mondiale ; le p\u00e2turage du b\u00e9tail responsable de 38,5%. Une <a href=\"https:\/\/pure.iiasa.ac.at\/id\/eprint\/14868\/1\/1.%20Report%20analysis%20of%20impact.pdf\" target=\"_blank\" rel=\"noreferrer noopener\">\u00e9tude d&rsquo;impact<\/a> de la Commission europ\u00e9enne chiffrait d\u00e9j\u00e0 en 2013 \u00e0 plus du tiers la responsabilit\u00e9 des pays europ\u00e9ens dans la d\u00e9forestation li\u00e9e au commerce international de produits agricoles. Le soja, utilis\u00e9 massivement pour nourrir les bovins et les volailles, repr\u00e9sentait \u00e0 lui seul 60 % de ces importations, l&rsquo;huile de palme, qui a permis aux industriels de l&rsquo;alimentation de remplacer le beurre et les huiles locales pour beaucoup moins cher, 12 %.<\/p>\n\n\n\n<p>Dix ans apr\u00e8s, la longue bataille men\u00e9e par les ONG europ\u00e9ennes (dont Canop\u00e9e, membre de SOS For\u00eat France) pour stopper le massacre a abouti : le Parlement europ\u00e9en a vot\u00e9 le 17 avril 2023 l&rsquo;interdiction d&rsquo;importation de ces produits. Concr\u00e8tement, la mise sur le march\u00e9 d&rsquo;un produit import\u00e9 doit \u00eatre accompagn\u00e9e des coordonn\u00e9es de g\u00e9olocalisation de toutes les terres cultiv\u00e9es pour le produire, de mani\u00e8re \u00e0 prouver que les parcelles n&rsquo;ont pas \u00e9t\u00e9 d\u00e9bois\u00e9e apr\u00e8s le 31 d\u00e9cembre 2020. En cas de non-respect, les contrevenants s&rsquo;exposent \u00e0 une amende de 4% minimum du chiffre d&rsquo;affaires annuel de l&rsquo;entreprise dans l&rsquo;UE. <\/p>\n\n\n\n<p>Pour que cette interdiction soit effective, il faut contr\u00f4ler les importations. Le r\u00e8glement publi\u00e9 le 9 juin pr\u00e9voit donc que les contr\u00f4les soient accrus en fonction du risque de d\u00e9forestation, avec trois cat\u00e9gories : les pays \u00e0 risques \u00e9lev\u00e9s, dont 9 % des op\u00e9rateurs seraient contr\u00f4l\u00e9s, les pays \u00e0 risque standard (3 % de contr\u00f4les) et ceux \u00e0 risque faible (1 % de contr\u00f4les).<\/p>\n\n\n\n<p>Avant le vote du r\u00e8glement, le Canada avait fait part de son \u00ab\u00a0inqui\u00e9tude\u00a0\u00bb, estimant qu&rsquo;il engendrerait \u201cdes barri\u00e8res commerciales significatives\u201d. Le r\u00e8glement publi\u00e9, plusieurs pays d&rsquo;Asie, d&rsquo;Afrique et d&rsquo;Am\u00e9rique latine se sont joints aux critiques, pr\u00e9sentant l&rsquo;argument classique des organisations r\u00e9fractaires aux mesures \u00e9cologiques : trop de r\u00e8gles, trop compliqu\u00e9es.<\/p>\n\n\n\n<p>Selon le <em>Financial Times<\/em>, relay\u00e9 par <a href=\"https:\/\/www.courrierinternational.com\/article\/reglementation-l-ue-fait-un-petit-pas-en-arriere-sur-la-deforestation-importee\" target=\"_blank\" rel=\"noreferrer noopener\"><em>Courrier International<\/em><\/a>. Il semble que la Commission s&rsquo;appr\u00eate \u00e0 c\u00e9der aux pays exportateurs en reportant la mise en \u0153uvre du classement des pays en fonction de leur risque, qui devait entrer en vigueur en d\u00e9cembre prochain. Le m\u00eame niveau de \u00ab\u00a0risque standard\u00a0\u00bb serait attribu\u00e9 \u00e0 tous les pays, ce qui vide le r\u00e8glement de sa substance, puisque le but est d&rsquo;agir en contr\u00f4lant davantage les importations des pays qui d\u00e9boisent le plus. <\/p>\n\n\n\n<p>M\u00eame si, <a href=\"https:\/\/news.un.org\/fr\/story\/2022\/05\/1119392\" target=\"_blank\" rel=\"noreferrer noopener\">selon la FAO<\/a>, la d\u00e9forestation ralentit, ce sont 7,8 millions d\u2019hectares de for\u00eats qui ont \u00e9t\u00e9 ras\u00e9s tous les ans au cours de la p\u00e9riode 2010-2018. Chaque <\/p>\n","protected":false},"excerpt":{"rendered":"<p>Le combat pour interdire l&rsquo;importation en Europe de produits cultiv\u00e9s sur des terres d\u00e9bois\u00e9es, comme l&rsquo;huile de palme, le soja, le caf\u00e9, le cacao ou le caoutchouc n&rsquo;est pas encore [&hellip;]<\/p>\n","protected":false},"author":10,"featured_media":0,"comment_status":"closed","ping_status":"closed","sticky":false,"template":"","format":"standard","meta":{"_acf_changed":false,"_gspb_post_css":"","_uag_custom_page_level_css":"","_EventAllDay":false,"_EventTimezone":"","_EventStartDate":"","_EventEndDate":"","_EventStartDateUTC":"","_EventEndDateUTC":"","_EventShowMap":false,"_EventShowMapLink":false,"_EventURL":"","_EventCost":"","_EventCostDescription":"","_EventCurrencySymbol":"","_EventCurrencyCode":"","_EventCurrencyPosition":"","_EventDateTimeSeparator":"","_EventTimeRangeSeparator":"","_EventOrganizerID":[],"_EventVenueID":[],"_OrganizerEmail":"","_OrganizerPhone":"","_OrganizerWebsite":"","_VenueAddress":"","_VenueCity":"","_VenueCountry":"","_VenueProvince":"","_VenueState":"","_VenueZip":"","_VenuePhone":"","_VenueURL":"","_VenueStateProvince":"","_VenueLat":"","_VenueLng":"","_VenueShowMap":false,"_VenueShowMapLink":false,"footnotes":""},"categories":[1],"tags":[58,59,63],"class_list":["post-6511","post","type-post","status-publish","format-standard","hentry","category-non-classe","tag-commission-europeenne","tag-deforestation","tag-ue"],"acf":[],"mb":[],"uagb_featured_image_src":{"full":false,"thumbnail":false,"medium":false,"medium_large":false,"large":false,"1536x1536":false,"2048x2048":false,"mailpoet_newsletter_max":false},"uagb_author_info":{"display_name":"Marie-Anne Guillemain","author_link":"https:\/\/sosforetfrance.org\/author\/mag\/"},"uagb_comment_info":0,"uagb_excerpt":"Le combat pour interdire l&rsquo;importation en Europe de produits cultiv\u00e9s sur des terres d\u00e9bois\u00e9es, comme l&rsquo;huile de palme, le soja, le caf\u00e9, le cacao ou le caoutchouc n&rsquo;est pas encore [&hellip;]","mfb_rest_fields":["title","uagb_featured_image_src","uagb_author_info","uagb_comment_info","uagb_excerpt"],"_links":{"self":[{"href":"https:\/\/sosforetfrance.org\/index.php\/wp-json\/wp\/v2\/posts\/6511","targetHints":{"allow":["GET"]}}],"collection":[{"href":"https:\/\/sosforetfrance.org\/index.php\/wp-json\/wp\/v2\/posts"}],"about":[{"href":"https:\/\/sosforetfrance.org\/index.php\/wp-json\/wp\/v2\/types\/post"}],"author":[{"embeddable":true,"href":"https:\/\/sosforetfrance.org\/index.php\/wp-json\/wp\/v2\/users\/10"}],"replies":[{"embeddable":true,"href":"https:\/\/sosforetfrance.org\/index.php\/wp-json\/wp\/v2\/comments?post=6511"}],"version-history":[{"count":0,"href":"https:\/\/sosforetfrance.org\/index.php\/wp-json\/wp\/v2\/posts\/6511\/revisions"}],"wp:attachment":[{"href":"https:\/\/sosforetfrance.org\/index.php\/wp-json\/wp\/v2\/media?parent=6511"}],"wp:term":[{"taxonomy":"category","embeddable":true,"href":"https:\/\/sosforetfrance.org\/index.php\/wp-json\/wp\/v2\/categories?post=6511"},{"taxonomy":"post_tag","embeddable":true,"href":"https:\/\/sosforetfrance.org\/index.php\/wp-json\/wp\/v2\/tags?post=6511"}],"curies":[{"name":"wp","href":"https:\/\/api.w.org\/{rel}","templated":true}]}}