{"id":6945,"date":"2024-04-23T12:15:10","date_gmt":"2024-04-23T10:15:10","guid":{"rendered":"https:\/\/sosforetfrance.org\/?p=6945"},"modified":"2024-09-12T10:00:12","modified_gmt":"2024-09-12T08:00:12","slug":"signez-pour-la-transparence-de-la-gestion-forestiere","status":"publish","type":"post","link":"https:\/\/sosforetfrance.org\/index.php\/2024\/04\/23\/signez-pour-la-transparence-de-la-gestion-forestiere\/","title":{"rendered":"Signez pour la transparence de la gestion foresti\u00e8re priv\u00e9e"},"content":{"rendered":"\n<p><\/p>\n\n\n\n<h3>Signings<\/h3><h4>0<\/h4><h3>Goal<\/h3><h4>0<\/h4>\n\n\n<p><div id=\"civist-5cf7e106-1760-4771-9658-a5aac63af378\" style=\"max-width: 500px;\">\t<script type=\"text\/javascript\">\t\tvar _civist = _civist || [];\t\t_civist.push(['civist-5cf7e106-1760-4771-9658-a5aac63af378', 'https:\/\/widget.civist.cloud\/?api_url=https%3A%2F%2Fapi.civist.cloud%2Ft%2F389f1978-0d6b-4342-b596-393526bcb98d%2F#\/RW1iZWRkaW5nOjYyMDIyMzNhLTg4YTUtNDUxMi1hNGIzLWE3MzRiYTNmZTQ5Ng==']);\t\tif (_civist.length === 1) {\t\t\t(function() {\t\t\t\tvar d = document; var s = d.createElement(\"script\");\t\t\t\ts.type = \"text\/javascript\";\t\t\t\ts.async = true;\t\t\t\ts.src = \"https:\/\/widget.civist.cloud\/embed.js\";\t\t\t\td.body.appendChild(s);\t\t\t})();\t\t}\t<\/script>\t<noscript style=\"display: block;\">\t\t<span lang=\"en\" style=\"\t\t\ttext-align: center;\t\t\tfont-family: sans-serif;\t\t\tcolor: #222;\t\t\tbackground-color: #eee;\t\t\tborder: 1px solid #ddd;\t\t\tborder-radius: 2px;\t\t\tpadding: 20px;\t\t\tdisplay: block;\t\t\">\t\t\t<span style=\"\t\t\t\ttext-align: center;\t\t\t\tfont-family: sans-serif;\t\t\t\tfont-size: 20px;\t\t\t\tfont-weight: bold;\t\t\t\tmargin-top: 24px;\t\t\t\tmargin-bottom: 24px;\t\t\t\tpadding-bottom: 10px;\t\t\t\tborder-bottom: 1px solid #aaa;\t\t\t\tdisplay: block;\t\t\t\">JavaScript required<\/span>\t\t\t<span style=\"\t\t\t\ttext-align: center;\t\t\t\tfont-family: sans-serif;\t\t\t\tfont-size: 14px;\t\t\t\tfont-weight: regular;\t\t\t\tmargin-bottom: 10px;\t\t\t\tdisplay: block;\t\t\t\">\t\t\t\tWe are sorry but without JavaScript enabled, this widget does not work.\t\t\t\tPlease enable JavaScript in your browser&rsquo;s settings and reload this page.\t\t\t<\/span>\t\t\t<a href=\"\" style=\"\t\t\t\tcolor: #fff;\t\t\t\tbackground-color: #2196f3;\t\t\t\tfont-size: 14px;\t\t\t\ttext-decoration: none !important;\t\t\t\ttext-transform: uppercase;\t\t\t\tpadding: 10px 25px;\t\t\t\tdisplay: inline-block;\t\t\t\tmargin-top: 10px;\t\t\t\tborder: 0;\t\t\t\tborder-radius: 2px;\t\t\t\">Reload<\/a>\t\t<\/span>\t<\/noscript><\/div><\/p>\n\n<p>Les propri\u00e9taires priv\u00e9s, qui d\u00e9tiennent 75\u00a0% de la for\u00eat fran\u00e7aise hexagonale, b\u00e9n\u00e9ficient de beaucoup d\u2019aides de l\u2019\u00c9tat. Alors que ces aides devraient les inciter \u00e0 une gestion responsable, des for\u00eats priv\u00e9es sont en r\u00e9alit\u00e9 massivement achet\u00e9es et exploit\u00e9es pour leur rentabilit\u00e9 financi\u00e8re imm\u00e9diate, au d\u00e9triment de leur valeur \u00e9cologique, qui fait d\u2019elles un bien commun.<\/p>\n<p align=\"justify\">Ainsi, la vocation affich\u00e9e du Plan de relance (200 millions d\u2019euros) \u00e9tait d\u2019aider les for\u00eats \u00e0 s\u2019adapter au changement climatique, mais 87\u00a0% des projets financ\u00e9s impliquent des coupes rases et 83\u00a0% des plantations en monoculture (voir le <a href=\"https:\/\/www.canopee-asso.org\/wp-content\/uploads\/2022\/03\/Canopee_Bilan-Plan-de-relance.pdf\" target=\"_blank\" rel=\"noopener\">rapport<\/a> de Canop\u00e9e).<\/p>\n<p align=\"justify\">Sans que le contr\u00f4le citoyen de l\u2019utilisation de l\u2019argent public ait \u00e9t\u00e9 renforc\u00e9, les aides permanentes de l\u2019\u00c9tat \u00e0 la for\u00eat priv\u00e9e ont pourtant \u00e9t\u00e9 \u00e9tendues en 2023\u00a0:<\/p>\n<ul>\n<li>\n<p align=\"justify\">les contribuables financent l\u2019achat des for\u00eats\u00a0: les propri\u00e9taires peuvent \u00eatre rembours\u00e9s de 25\u00a0% de l\u2019achat de 4 hectares \u00e0 25 hectares par un cr\u00e9dit d\u2019imp\u00f4t\u00a0;<\/p>\n<\/li>\n<li>\n<p align=\"justify\">un autre cr\u00e9dit d\u2019imp\u00f4t est li\u00e9 au versement de cotisations d\u2019assurance pour couvrir le risque de temp\u00eate. Il est \u00e9gal \u00e0 76\u00a0% des cotisations vers\u00e9es\u00a0;<\/p>\n<\/li>\n<li>\n<p align=\"justify\">les travaux forestiers sont financ\u00e9s par un troisi\u00e8me cr\u00e9dit d\u2019imp\u00f4t de 25\u00a0% (<a href=\"https:\/\/www.cnpf.fr\/sites\/socle\/files\/2023-01\/Fiche-DEFI-synthese-2023-A3_CNPF.pdf\" target=\"_blank\" rel=\"noopener\">voir les modalit\u00e9s ici<\/a>);<\/p>\n<\/li>\n<li>\n<p align=\"justify\">les for\u00eats permettent aussi d\u2019\u00e9chapper \u00e0 l\u2019imp\u00f4t sur la fortune immobili\u00e8re, gr\u00e2ce \u00e0 un abattement de 75% de la valeur de la for\u00eat pendant toute la dur\u00e9e de sa d\u00e9tention, mais \u00e9galement en cas de donation et succession.<\/p>\n<\/li>\n<\/ul>\n<p align=\"justify\">Face aux cons\u00e9quences dramatiques pour le climat et la biodiversit\u00e9 qu\u2019entra\u00eene l\u2019industrialisation de la for\u00eat, ces aides ne peuvent \u00eatre attribu\u00e9es sans que les citoyen\u00b7nes restent dans l\u2019ignorance du devenir des for\u00eats acquises et exploit\u00e9es gr\u00e2ce \u00e0 l\u2019argent public.<\/p>\n<p align=\"justify\">C\u2019est pourquoi nous demandons que tout financement public de la for\u00eat priv\u00e9e soit conditionn\u00e9 \u00e0 la mise \u00e0 disposition du public de tous les documents de gestion.<\/p>","protected":false},"excerpt":{"rendered":"<p>Les propri\u00e9taires priv\u00e9s, qui d\u00e9tiennent 75\u00a0% de la for\u00eat fran\u00e7aise hexagonale, b\u00e9n\u00e9ficient de beaucoup d\u2019aides de l\u2019\u00c9tat. Alors que ces aides devraient les inciter \u00e0 une gestion responsable, des for\u00eats [&hellip;]<\/p>\n","protected":false},"author":1,"featured_media":3070,"comment_status":"closed","ping_status":"closed","sticky":false,"template":"","format":"standard","meta":{"_acf_changed":false,"_gspb_post_css":"","_uag_custom_page_level_css":"","_EventAllDay":false,"_EventTimezone":"","_EventStartDate":"","_EventEndDate":"","_EventStartDateUTC":"","_EventEndDateUTC":"","_EventShowMap":false,"_EventShowMapLink":false,"_EventURL":"","_EventCost":"","_EventCostDescription":"","_EventCurrencySymbol":"","_EventCurrencyCode":"","_EventCurrencyPosition":"","_EventDateTimeSeparator":"","_EventTimeRangeSeparator":"","_EventOrganizerID":[],"_EventVenueID":[],"_OrganizerEmail":"","_OrganizerPhone":"","_OrganizerWebsite":"","_VenueAddress":"","_VenueCity":"","_VenueCountry":"","_VenueProvince":"","_VenueState":"","_VenueZip":"","_VenuePhone":"","_VenueURL":"","_VenueStateProvince":"","_VenueLat":"","_VenueLng":"","_VenueShowMap":false,"_VenueShowMapLink":false,"footnotes":""},"categories":[20],"tags":[],"class_list":["post-6945","post","type-post","status-publish","format-standard","has-post-thumbnail","hentry","category-appel"],"mb":[],"acf":[],"uagb_featured_image_src":{"full":["https:\/\/sosforetfrance.org\/wp-content\/uploads\/2023\/04\/Automne-foret-pano.jpg",2000,950,false],"thumbnail":["https:\/\/sosforetfrance.org\/wp-content\/uploads\/2023\/04\/Automne-foret-pano-150x150.jpg",150,150,true],"medium":["https:\/\/sosforetfrance.org\/wp-content\/uploads\/2023\/04\/Automne-foret-pano-300x143.jpg",300,143,true],"medium_large":["https:\/\/sosforetfrance.org\/wp-content\/uploads\/2023\/04\/Automne-foret-pano-768x365.jpg",768,365,true],"large":["https:\/\/sosforetfrance.org\/wp-content\/uploads\/2023\/04\/Automne-foret-pano-1024x486.jpg",1024,486,true],"1536x1536":["https:\/\/sosforetfrance.org\/wp-content\/uploads\/2023\/04\/Automne-foret-pano-1536x730.jpg",1536,730,true],"2048x2048":["https:\/\/sosforetfrance.org\/wp-content\/uploads\/2023\/04\/Automne-foret-pano.jpg",2000,950,false],"mailpoet_newsletter_max":["https:\/\/sosforetfrance.org\/wp-content\/uploads\/2023\/04\/Automne-foret-pano-1320x627.jpg",1320,627,true]},"uagb_author_info":{"display_name":"admin7534","author_link":"https:\/\/sosforetfrance.org\/author\/admin7534\/"},"uagb_comment_info":0,"uagb_excerpt":"Les propri\u00e9taires priv\u00e9s, qui d\u00e9tiennent 75\u00a0% de la for\u00eat fran\u00e7aise hexagonale, b\u00e9n\u00e9ficient de beaucoup d\u2019aides de l\u2019\u00c9tat. Alors que ces aides devraient les inciter \u00e0 une gestion responsable, des for\u00eats [&hellip;]","mfb_rest_fields":["title","uagb_featured_image_src","uagb_author_info","uagb_comment_info","uagb_excerpt"],"_links":{"self":[{"href":"https:\/\/sosforetfrance.org\/index.php\/wp-json\/wp\/v2\/posts\/6945","targetHints":{"allow":["GET"]}}],"collection":[{"href":"https:\/\/sosforetfrance.org\/index.php\/wp-json\/wp\/v2\/posts"}],"about":[{"href":"https:\/\/sosforetfrance.org\/index.php\/wp-json\/wp\/v2\/types\/post"}],"author":[{"embeddable":true,"href":"https:\/\/sosforetfrance.org\/index.php\/wp-json\/wp\/v2\/users\/1"}],"replies":[{"embeddable":true,"href":"https:\/\/sosforetfrance.org\/index.php\/wp-json\/wp\/v2\/comments?post=6945"}],"version-history":[{"count":0,"href":"https:\/\/sosforetfrance.org\/index.php\/wp-json\/wp\/v2\/posts\/6945\/revisions"}],"wp:featuredmedia":[{"embeddable":true,"href":"https:\/\/sosforetfrance.org\/index.php\/wp-json\/wp\/v2\/media\/3070"}],"wp:attachment":[{"href":"https:\/\/sosforetfrance.org\/index.php\/wp-json\/wp\/v2\/media?parent=6945"}],"wp:term":[{"taxonomy":"category","embeddable":true,"href":"https:\/\/sosforetfrance.org\/index.php\/wp-json\/wp\/v2\/categories?post=6945"},{"taxonomy":"post_tag","embeddable":true,"href":"https:\/\/sosforetfrance.org\/index.php\/wp-json\/wp\/v2\/tags?post=6945"}],"curies":[{"name":"wp","href":"https:\/\/api.w.org\/{rel}","templated":true}]}}