{"id":7521,"date":"2024-07-02T14:07:41","date_gmt":"2024-07-02T12:07:41","guid":{"rendered":"https:\/\/sosforetfrance.org\/?p=7521"},"modified":"2024-07-27T11:08:21","modified_gmt":"2024-07-27T09:08:21","slug":"pour-la-foret-il-faut-battre-lextreme-droite","status":"publish","type":"post","link":"https:\/\/sosforetfrance.org\/index.php\/2024\/07\/02\/pour-la-foret-il-faut-battre-lextreme-droite\/","title":{"rendered":"Pour la for\u00eat, il faut battre l\u2019extr\u00eame-droite\u00a0!"},"content":{"rendered":"\n<h4 class=\"wp-block-heading\">L\u00e0 o\u00f9 l\u2019extr\u00eame-droite est au pouvoir, les for\u00eats sont en danger.  SOS For\u00eat appelle \u00e0 voter dans toutes les circonscriptions contre les candidat\u00b7es du Rassemblement national et \u00e0 se mobiliser pour les candidat\u00b7es qui se sont prononc\u00e9\u00b7es contre les projets industriels destructeurs de la for\u00eat.<\/h4>\n\n\n\n<p>C\u2019est le cas particuli\u00e8rement dans la 1\u00e8re circonscription de la Creuse, o\u00f9 se repr\u00e9sente <a href=\"https:\/\/youtu.be\/pVR6JMq1OEs?feature=shared\" target=\"_blank\" rel=\"noreferrer noopener\">Catherine Couturier<\/a>, autrice de la proposition de loi relative \u00e0 l\u2019adaptation de la politique foresti\u00e8re et des milieux forestiers face au changement climatique, et o\u00f9 l\u2019entreprise Biosyl veut installer \u00e0 Gu\u00e9ret une giga-usine de granul\u00e9s pendant qu\u2019\u00e0 \u00c9gletons, la scierie Farges veut doubler ses capacit\u00e9s.<\/p>\n\n\n\n<p>Vous pouvez retrouver la liste des co-signataires de cette proposition de loi transpartisane <a href=\"https:\/\/www.assemblee-nationale.fr\/dyn\/16\/textes\/l16b1880_proposition-loi.pdf\" target=\"_blank\" rel=\"noopener\">en suivant ce lien<\/a>. Si elle ou ils ne figurent pas dans cette liste, pour avoir une id\u00e9e de ce que vos candidat\u00b7es entendent voter pour les for\u00eats, vous pouvez leur soumettre les <a href=\"https:\/\/sosforetfrance.org\/index.php\/2024\/06\/24\/legislatives-10-questions-aux-candidats\/\" target=\"_blank\" rel=\"noreferrer noopener\">10\u00a0questions de SOS For\u00eat France<\/a> r\u00e9dig\u00e9es pour ces l\u00e9gislatives 2024.<\/p>\n\n\n\n<p>N&rsquo;h\u00e9sitez pas \u00e0 <a href=\"mailto:contact@sosforetfrance.org\">nous transmettre<\/a> leurs r\u00e9ponses !<\/p>\n","protected":false},"excerpt":{"rendered":"<p>L\u00e0 o\u00f9 l\u2019extr\u00eame-droite est au pouvoir, les for\u00eats sont en danger. SOS For\u00eat appelle \u00e0 voter dans toutes les circonscriptions contre les candidat\u00b7es du Rassemblement national et \u00e0 se mobiliser [&hellip;]<\/p>\n","protected":false},"author":10,"featured_media":7552,"comment_status":"closed","ping_status":"closed","sticky":false,"template":"","format":"standard","meta":{"_acf_changed":false,"_gspb_post_css":"","_uag_custom_page_level_css":"","_EventAllDay":false,"_EventTimezone":"","_EventStartDate":"","_EventEndDate":"","_EventStartDateUTC":"","_EventEndDateUTC":"","_EventShowMap":false,"_EventShowMapLink":false,"_EventURL":"","_EventCost":"","_EventCostDescription":"","_EventCurrencySymbol":"","_EventCurrencyCode":"","_EventCurrencyPosition":"","_EventDateTimeSeparator":"","_EventTimeRangeSeparator":"","_EventOrganizerID":[],"_EventVenueID":[],"_OrganizerEmail":"","_OrganizerPhone":"","_OrganizerWebsite":"","_VenueAddress":"","_VenueCity":"","_VenueCountry":"","_VenueProvince":"","_VenueState":"","_VenueZip":"","_VenuePhone":"","_VenueURL":"","_VenueStateProvince":"","_VenueLat":"","_VenueLng":"","_VenueShowMap":false,"_VenueShowMapLink":false,"footnotes":""},"categories":[99,1],"tags":[79,101,51,86,82,98,100,83,91],"class_list":["post-7521","post","type-post","status-publish","format-standard","has-post-thumbnail","hentry","category-communiques","category-non-classe","tag-biosyl","tag-bois-energie","tag-catherine-couturier","tag-creuse","tag-egletons","tag-elections","tag-extreme-droite","tag-farges","tag-legislatives-2024"],"mb":[],"acf":[],"uagb_featured_image_src":{"full":["https:\/\/sosforetfrance.org\/wp-content\/uploads\/2024\/07\/sous-bois2-e1720110895903.png",800,449,false],"thumbnail":["https:\/\/sosforetfrance.org\/wp-content\/uploads\/2024\/07\/sous-bois2-e1720110895903-150x150.png",150,150,true],"medium":["https:\/\/sosforetfrance.org\/wp-content\/uploads\/2024\/07\/sous-bois2-e1720110895903-300x168.png",300,168,true],"medium_large":["https:\/\/sosforetfrance.org\/wp-content\/uploads\/2024\/07\/sous-bois2-e1720110895903-768x431.png",768,431,true],"large":["https:\/\/sosforetfrance.org\/wp-content\/uploads\/2024\/07\/sous-bois2-e1720110895903.png",800,449,false],"1536x1536":["https:\/\/sosforetfrance.org\/wp-content\/uploads\/2024\/07\/sous-bois2-e1720110895903.png",800,449,false],"2048x2048":["https:\/\/sosforetfrance.org\/wp-content\/uploads\/2024\/07\/sous-bois2-e1720110895903.png",800,449,false],"mailpoet_newsletter_max":["https:\/\/sosforetfrance.org\/wp-content\/uploads\/2024\/07\/sous-bois2-e1720110895903.png",800,449,false]},"uagb_author_info":{"display_name":"Marie-Anne Guillemain","author_link":"https:\/\/sosforetfrance.org\/author\/mag\/"},"uagb_comment_info":0,"uagb_excerpt":"L\u00e0 o\u00f9 l\u2019extr\u00eame-droite est au pouvoir, les for\u00eats sont en danger. SOS For\u00eat appelle \u00e0 voter dans toutes les circonscriptions contre les candidat\u00b7es du Rassemblement national et \u00e0 se mobiliser [&hellip;]","mfb_rest_fields":["title","uagb_featured_image_src","uagb_author_info","uagb_comment_info","uagb_excerpt"],"_links":{"self":[{"href":"https:\/\/sosforetfrance.org\/index.php\/wp-json\/wp\/v2\/posts\/7521","targetHints":{"allow":["GET"]}}],"collection":[{"href":"https:\/\/sosforetfrance.org\/index.php\/wp-json\/wp\/v2\/posts"}],"about":[{"href":"https:\/\/sosforetfrance.org\/index.php\/wp-json\/wp\/v2\/types\/post"}],"author":[{"embeddable":true,"href":"https:\/\/sosforetfrance.org\/index.php\/wp-json\/wp\/v2\/users\/10"}],"replies":[{"embeddable":true,"href":"https:\/\/sosforetfrance.org\/index.php\/wp-json\/wp\/v2\/comments?post=7521"}],"version-history":[{"count":0,"href":"https:\/\/sosforetfrance.org\/index.php\/wp-json\/wp\/v2\/posts\/7521\/revisions"}],"wp:featuredmedia":[{"embeddable":true,"href":"https:\/\/sosforetfrance.org\/index.php\/wp-json\/wp\/v2\/media\/7552"}],"wp:attachment":[{"href":"https:\/\/sosforetfrance.org\/index.php\/wp-json\/wp\/v2\/media?parent=7521"}],"wp:term":[{"taxonomy":"category","embeddable":true,"href":"https:\/\/sosforetfrance.org\/index.php\/wp-json\/wp\/v2\/categories?post=7521"},{"taxonomy":"post_tag","embeddable":true,"href":"https:\/\/sosforetfrance.org\/index.php\/wp-json\/wp\/v2\/tags?post=7521"}],"curies":[{"name":"wp","href":"https:\/\/api.w.org\/{rel}","templated":true}]}}