{"id":7600,"date":"2024-07-09T13:03:27","date_gmt":"2024-07-09T11:03:27","guid":{"rendered":"https:\/\/sosforetfrance.org\/?p=7600"},"modified":"2025-01-25T00:49:57","modified_gmt":"2025-01-24T23:49:57","slug":"alerte-sur-les-forets-un-fanzine-a-telecharger","status":"publish","type":"post","link":"https:\/\/sosforetfrance.org\/index.php\/2024\/07\/09\/alerte-sur-les-forets-un-fanzine-a-telecharger\/","title":{"rendered":"\u00ab\u00a0Alerte sur les for\u00eats\u00a0\u00bb : un fanzine \u00e0 t\u00e9l\u00e9charger"},"content":{"rendered":"\n<h4 class=\"wp-block-heading\">Le collectif <a href=\"https:\/\/www.postindustrialanimism.net\/\" target=\"_blank\" rel=\"noopener\">Postindustrial Animism<\/a>, membre de SOS For\u00eat France, a publi\u00e9 un fanzine de huit pages pour expliquer comment les choix industriels de la transition \u00e9nerg\u00e9tique met en danger les for\u00eats. Il le met gracieusement \u00e0 disposition en t\u00e9l\u00e9chargement. Diffusez-le autour de vous !<\/h4>\n\n\n\n<div data-wp-interactive=\"core\/file\" class=\"wp-block-file\"><object data-wp-bind--hidden=\"!state.hasPdfPreview\" hidden class=\"wp-block-file__embed\" data=\"https:\/\/sosforetfrance.org\/wp-content\/uploads\/2024\/07\/Alerte-forets-web-1.pdf\" type=\"application\/pdf\" style=\"width:100%;height:600px\" aria-label=\"Contenu embarqu\u00e9 Alerte-forets-web-1.\"><\/object><a id=\"wp-block-file--media-705647ba-90c4-4179-9ec3-3866546ce4dd\" href=\"https:\/\/sosforetfrance.org\/wp-content\/uploads\/2024\/07\/Alerte-forets-web-1.pdf\">Alerte-forets-web-1<\/a><a href=\"https:\/\/sosforetfrance.org\/wp-content\/uploads\/2024\/07\/Alerte-forets-web-1.pdf\" class=\"wp-block-file__button wp-element-button\" aria-describedby=\"wp-block-file--media-705647ba-90c4-4179-9ec3-3866546ce4dd\" download>T\u00e9l\u00e9charger<\/a><\/div>\n\n\n\n<p><\/p>\n","protected":false},"excerpt":{"rendered":"<p>Le collectif Postindustrial Animism, membre de SOS For\u00eat France, a publi\u00e9 un fanzine de huit pages pour expliquer comment les choix industriels de la transition \u00e9nerg\u00e9tique met en danger les [&hellip;]<\/p>\n","protected":false},"author":15,"featured_media":7601,"comment_status":"closed","ping_status":"closed","sticky":false,"template":"","format":"standard","meta":{"_acf_changed":false,"_gspb_post_css":"","_uag_custom_page_level_css":"","_EventAllDay":false,"_EventTimezone":"","_EventStartDate":"","_EventEndDate":"","_EventStartDateUTC":"","_EventEndDateUTC":"","_EventShowMap":false,"_EventShowMapLink":false,"_EventURL":"","_EventCost":"","_EventCostDescription":"","_EventCurrencySymbol":"","_EventCurrencyCode":"","_EventCurrencyPosition":"","_EventDateTimeSeparator":"","_EventTimeRangeSeparator":"","_EventOrganizerID":[],"_EventVenueID":[],"_OrganizerEmail":"","_OrganizerPhone":"","_OrganizerWebsite":"","_VenueAddress":"","_VenueCity":"","_VenueCountry":"","_VenueProvince":"","_VenueState":"","_VenueZip":"","_VenuePhone":"","_VenueURL":"","_VenueStateProvince":"","_VenueLat":"","_VenueLng":"","_VenueShowMap":false,"_VenueShowMapLink":false,"footnotes":""},"categories":[19],"tags":[107,106,105],"class_list":["post-7600","post","type-post","status-publish","format-standard","has-post-thumbnail","hentry","category-comprendre","tag-biomasse","tag-energie","tag-postindustrial-animism"],"acf":[],"mb":[],"uagb_featured_image_src":{"full":["https:\/\/sosforetfrance.org\/wp-content\/uploads\/2024\/07\/alerte-sur-les-forets.png",800,450,false],"thumbnail":["https:\/\/sosforetfrance.org\/wp-content\/uploads\/2024\/07\/alerte-sur-les-forets-150x150.png",150,150,true],"medium":["https:\/\/sosforetfrance.org\/wp-content\/uploads\/2024\/07\/alerte-sur-les-forets-300x169.png",300,169,true],"medium_large":["https:\/\/sosforetfrance.org\/wp-content\/uploads\/2024\/07\/alerte-sur-les-forets-768x432.png",768,432,true],"large":["https:\/\/sosforetfrance.org\/wp-content\/uploads\/2024\/07\/alerte-sur-les-forets.png",800,450,false],"1536x1536":["https:\/\/sosforetfrance.org\/wp-content\/uploads\/2024\/07\/alerte-sur-les-forets.png",800,450,false],"2048x2048":["https:\/\/sosforetfrance.org\/wp-content\/uploads\/2024\/07\/alerte-sur-les-forets.png",800,450,false],"mailpoet_newsletter_max":["https:\/\/sosforetfrance.org\/wp-content\/uploads\/2024\/07\/alerte-sur-les-forets.png",800,450,false]},"uagb_author_info":{"display_name":"SOS Foret France","author_link":"https:\/\/sosforetfrance.org\/author\/sos-foret-france\/"},"uagb_comment_info":0,"uagb_excerpt":"Le collectif Postindustrial Animism, membre de SOS For\u00eat France, a publi\u00e9 un fanzine de huit pages pour expliquer comment les choix industriels de la transition \u00e9nerg\u00e9tique met en danger les [&hellip;]","mfb_rest_fields":["title","uagb_featured_image_src","uagb_author_info","uagb_comment_info","uagb_excerpt"],"_links":{"self":[{"href":"https:\/\/sosforetfrance.org\/index.php\/wp-json\/wp\/v2\/posts\/7600","targetHints":{"allow":["GET"]}}],"collection":[{"href":"https:\/\/sosforetfrance.org\/index.php\/wp-json\/wp\/v2\/posts"}],"about":[{"href":"https:\/\/sosforetfrance.org\/index.php\/wp-json\/wp\/v2\/types\/post"}],"author":[{"embeddable":true,"href":"https:\/\/sosforetfrance.org\/index.php\/wp-json\/wp\/v2\/users\/15"}],"replies":[{"embeddable":true,"href":"https:\/\/sosforetfrance.org\/index.php\/wp-json\/wp\/v2\/comments?post=7600"}],"version-history":[{"count":0,"href":"https:\/\/sosforetfrance.org\/index.php\/wp-json\/wp\/v2\/posts\/7600\/revisions"}],"wp:featuredmedia":[{"embeddable":true,"href":"https:\/\/sosforetfrance.org\/index.php\/wp-json\/wp\/v2\/media\/7601"}],"wp:attachment":[{"href":"https:\/\/sosforetfrance.org\/index.php\/wp-json\/wp\/v2\/media?parent=7600"}],"wp:term":[{"taxonomy":"category","embeddable":true,"href":"https:\/\/sosforetfrance.org\/index.php\/wp-json\/wp\/v2\/categories?post=7600"},{"taxonomy":"post_tag","embeddable":true,"href":"https:\/\/sosforetfrance.org\/index.php\/wp-json\/wp\/v2\/tags?post=7600"}],"curies":[{"name":"wp","href":"https:\/\/api.w.org\/{rel}","templated":true}]}}