{"id":8275,"date":"2024-09-13T10:58:02","date_gmt":"2024-09-13T08:58:02","guid":{"rendered":"https:\/\/sosforetfrance.org\/?p=8275"},"modified":"2024-09-13T11:00:12","modified_gmt":"2024-09-13T09:00:12","slug":"le-lobby-de-la-filiere-bois-attaque-lagrement-de-canopee","status":"publish","type":"post","link":"https:\/\/sosforetfrance.org\/index.php\/2024\/09\/13\/le-lobby-de-la-filiere-bois-attaque-lagrement-de-canopee\/","title":{"rendered":"Le lobby de la fili\u00e8re bois attaque l\u2019agr\u00e9ment de Canop\u00e9e"},"content":{"rendered":"\n<h4 class=\"wp-block-heading\">SOS For\u00eat apporte tout son soutien \u00e0 l&rsquo;association Canop\u00e9e, dont l&rsquo;agr\u00e9ment est contest\u00e9 devant le tribunal administratif de Paris par douze organisations de la fili\u00e8re for\u00eat-bois. Il s&rsquo;agit ni plus ni moins d&rsquo;une nouvelle proc\u00e9dure destin\u00e9e \u00e0 b\u00e2illonner une association \u00e9cologiste. Nous reproduisons ci-dessous le communiqu\u00e9 de Canop\u00e9e.<\/h4>\n\n\n\n<p>\u00ab\u00a0Douze organisations de la fili\u00e8re for\u00eat-bois<sup data-fn=\"e9da862e-ec07-4bd0-b1c2-a368c6eea7f8\" class=\"fn\"><a id=\"e9da862e-ec07-4bd0-b1c2-a368c6eea7f8-link\" href=\"#e9da862e-ec07-4bd0-b1c2-a368c6eea7f8\">1<\/a><\/sup> et l\u2019interprofession France Bois For\u00eat ont saisi le tribunal administratif de Paris pour contester l\u2019agr\u00e9ment de protection de l\u2019environnement de Canop\u00e9e. Depuis sa cr\u00e9ation en mars 2018, Canop\u00e9e est devenu un acteur majeur du d\u00e9bat public sur les for\u00eats, avec une expertise technique reconnue et une force de proposition aupr\u00e8s des d\u00e9cideurs publics et priv\u00e9s. Nous rassemblons aujourd\u2019hui pr\u00e8s de 300\u00a0000 sympathisants, dont 3\u00a0868 adh\u00e9rents cotisants au 31\u00a0d\u00e9cembre\u00a02023.<\/p>\n\n\n\n<p>Ce sont ces \u00e9l\u00e9ments qui ont justifi\u00e9 la d\u00e9livrance de notre agr\u00e9ment de protection de l\u2019environnement par le minist\u00e8re de la Transition \u00e9cologique le 6 d\u00e9cembre 2023, apr\u00e8s instruction par les services comp\u00e9tents.<\/p>\n\n\n\n<p>Par son travail, Canop\u00e9e d\u00e9range les int\u00e9r\u00eats de la fili\u00e8re et irrite le minist\u00e8re de l\u2019Agriculture et de la Souverainet\u00e9 alimentaire, notamment avec notre enqu\u00eate sur le programme de plantation d\u2019un milliard d\u2019arbres<sup data-fn=\"e3f4c392-67c9-46d3-8c41-55f057eba778\" class=\"fn\"><a id=\"e3f4c392-67c9-46d3-8c41-55f057eba778-link\" href=\"#e3f4c392-67c9-46d3-8c41-55f057eba778\">2<\/a><\/sup>, qui montre que ce plan s\u2019est traduit par un gaspillage d\u2019argent public<sup data-fn=\"c358a15c-e7c7-4caa-bf21-61d2592ad186\" class=\"fn\"><a id=\"c358a15c-e7c7-4caa-bf21-61d2592ad186-link\" href=\"#c358a15c-e7c7-4caa-bf21-61d2592ad186\">3<\/a><\/sup> et des coupes rases injustifi\u00e9es.<\/p>\n\n\n\n<p>Depuis plusieurs mois, la fili\u00e8re tente de nous discr\u00e9diter en essayant de nous faire porter la responsabilit\u00e9 de la d\u00e9gradation d\u2019engins forestiers ou de menaces de mort<sup data-fn=\"0d48747f-63c3-4f17-80a7-19508ce0f873\" class=\"fn\"><a id=\"0d48747f-63c3-4f17-80a7-19508ce0f873-link\" href=\"#0d48747f-63c3-4f17-80a7-19508ce0f873\">4<\/a><\/sup> et multiplie les plaintes \u00e0 chacune de nos publications ou vid\u00e9os. Les deux seules plaintes qui ont, jusqu\u2019\u00e0 pr\u00e9sent, \u00e9t\u00e9 jug\u00e9es ont \u00e9t\u00e9 d\u00e9bout\u00e9es<sup data-fn=\"82afe746-cb9f-4aa0-b85c-f1393ce21648\" class=\"fn\"><a id=\"82afe746-cb9f-4aa0-b85c-f1393ce21648-link\" href=\"#82afe746-cb9f-4aa0-b85c-f1393ce21648\">5<\/a><\/sup>.<\/p>\n\n\n\n<p>\u00c0 l\u2019inverse, dans l\u2019affaire du Bois du Chat<sup data-fn=\"f36f3c5f-782a-49bc-8264-0f4043fdf37c\" class=\"fn\"><a id=\"f36f3c5f-782a-49bc-8264-0f4043fdf37c-link\" href=\"#f36f3c5f-782a-49bc-8264-0f4043fdf37c\">6<\/a><\/sup> qui a cristallis\u00e9 les tensions avec la fili\u00e8re en 2023, le propri\u00e9taire de la parcelle et l\u2019entreprise responsable des travaux ont \u00e9t\u00e9 condamn\u00e9s \u00e0 8500\u00a0\u20ac d\u2019amende pour une travers\u00e9e ill\u00e9gale de cours d\u2019eau.<\/p>\n\n\n\n<p>Cette nouvelle attaque contre notre agr\u00e9ment constitue un cran suppl\u00e9mentaire dans la strat\u00e9gie de b\u00e2illonnement de notre association. Au-del\u00e0, il s\u2019agit d\u2019un refus d&rsquo;accepter que la politique foresti\u00e8re doit faire l\u2019objet d\u2019un d\u00e9bat public.<\/p>\n\n\n\n<p>L\u2019agr\u00e9ment de protection de l\u2019environnement permet \u00e0 Canop\u00e9e d\u2019agir plus facilement en justice et de se constituer partie civile, ce que redoute la fili\u00e8re, comme l\u2019explique Sylvain Angerand, fondateur de Canop\u00e9e : \u00ab\u00a0Pendant des ann\u00e9es, la fili\u00e8re s\u2019est content\u00e9e de vagues engagements \u00e0 mieux prendre en compte la biodiversit\u00e9 ou le climat. Sa proximit\u00e9 avec le minist\u00e8re de l\u2019Agriculture et de la Souverainet\u00e9 alimentaire lui a permis de syst\u00e9matiquement affaiblir toute tentative de mieux encadrer la gestion foresti\u00e8re. Ce qui change d\u00e9sormais, c\u2019est qu\u2019en plus de r\u00e9v\u00e9ler les cons\u00e9quences de promesses creuses en for\u00eat, nous sommes d\u00e9termin\u00e9s \u00e0 agir en justice.\u00a0\u00bb<\/p>\n\n\n\n<p>Par exemple, gr\u00e2ce \u00e0 cet agr\u00e9ment, Canop\u00e9e a saisi le Conseil d\u2019\u00c9tat pour exiger que les Sch\u00e9mas R\u00e9gionaux de Gestion Sylvicole, le principal outil d\u2019encadrement de la gestion en for\u00eat priv\u00e9e, int\u00e8grent des crit\u00e8res robustes sur la biodiversit\u00e9 ou l\u2019att\u00e9nuation du changement climatique.<\/p>\n\n\n\n<p>Une promesse qui avait \u00e9t\u00e9 faite en 2021 par les acteurs de la fili\u00e8re dans le cadre de la feuille de route sur l\u2019adaptation des for\u00eats au changement climatique<sup data-fn=\"43959eb0-7dcf-4c0b-9d87-ba74e744ce92\" class=\"fn\"><a id=\"43959eb0-7dcf-4c0b-9d87-ba74e744ce92-link\" href=\"#43959eb0-7dcf-4c0b-9d87-ba74e744ce92\">7<\/a><\/sup> et qui n\u2019a pas \u00e9t\u00e9 respect\u00e9e.\u00a0\u00bb<\/p>\n\n\n\n<p><\/p>\n\n\n\n<hr class=\"wp-block-separator has-alpha-channel-opacity is-style-default\" style=\"margin-top:var(--wp--preset--spacing--10);margin-bottom:var(--wp--preset--spacing--10)\"\/>\n\n\n\n<p>Notes :<\/p>\n\n\n<ol class=\"wp-block-footnotes\"><li id=\"e9da862e-ec07-4bd0-b1c2-a368c6eea7f8\"> France Bois For\u00eat, l&rsquo;Union de la Coop\u00e9ration Foresti\u00e8re Fran\u00e7aise (UCFF), la F\u00e9d\u00e9ration Nationale du Bois, la F\u00e9d\u00e9ration Nationale des Syndicats de Forestiers Priv\u00e9s, la F\u00e9d\u00e9ration Nationale des Entrepreneurs du Territoire, la F\u00e9d\u00e9ration Nationale des Communes Foresti\u00e8res, le Syndicat de l\u2019Emballage et de la logistique associ\u00e9e, Le Commerce du Bois, le Syndicat National des P\u00e9pini\u00e9ristes Forestiers, l\u2019Union Fran\u00e7aise des Industries des Cartons, Papiers et Celluloses, l\u2019Union des Industriels et Constructeurs Bois et Biosourc\u00e9s, le Comit\u00e9 Interprofessionnel du Bois Energie, Alliance For\u00eats Bois. <a href=\"#e9da862e-ec07-4bd0-b1c2-a368c6eea7f8-link\" aria-label=\"Aller \u00e0 la note de bas de page 1\">\u21a9\ufe0e<\/a><\/li><li id=\"e3f4c392-67c9-46d3-8c41-55f057eba778\">Voir notre rapport : \u201c<a href=\"https:\/\/www.canopee.ong\/wp-content\/uploads\/2023\/07\/canopee-bilan-plan-de-relance.pdf\" target=\"_blank\" rel=\"noreferrer noopener\">Plant\u00e9 ! Le bilan cach\u00e9 du plan de relance<\/a>\u201d (mars 2022). <a href=\"#e3f4c392-67c9-46d3-8c41-55f057eba778-link\" aria-label=\"Aller \u00e0 la note de bas de page 2\">\u21a9\ufe0e<\/a><\/li><li id=\"c358a15c-e7c7-4caa-bf21-61d2592ad186\">Ce que pointe \u00e9galement le rapport de la Cour des Comptes : \u00ab\u00a0<a href=\"https:\/\/www.ccomptes.fr\/sites\/default\/files\/2024-03\/20240312-RPA-2024-ENPA-gestion-durable-foret-metropolitaine.pdf\" target=\"_blank\" rel=\"noreferrer noopener\">La gestion durable de la for\u00eat m\u00e9tropolitaine, quelle adaptation au changement climatique ?<\/a>\u00a0\u00bb (mars 2023). En page 20\u00a0: \u00ab\u00a0Certaines interventions du fonds d\u2019aide au renouv\u00e8lement de France Relance ne r\u00e9pondent pas directement \u00e0 des objectifs d\u2019adaptation des for\u00eats. En effet, d\u2019une part, elles privil\u00e9gient les peuplements \u00e0 faible valeur \u00e9conomique non d\u00e9p\u00e9ris et, d\u2019autre part, elles reposent sur des crit\u00e8res de diversification trop peu contraignants.\u00a0\u00bb <a href=\"#c358a15c-e7c7-4caa-bf21-61d2592ad186-link\" aria-label=\"Aller \u00e0 la note de bas de page 3\">\u21a9\ufe0e<\/a><\/li><li id=\"0d48747f-63c3-4f17-80a7-19508ce0f873\">Voir <a href=\"https:\/\/youtu.be\/HpPwI-kGk34?si=iYa17Q8cEEB4txHd\" target=\"_blank\" rel=\"noreferrer noopener\">notre enqu\u00eate<\/a> sur les <em>lobbies<\/em> de la fili\u00e8re bois en vid\u00e9o <a href=\"#0d48747f-63c3-4f17-80a7-19508ce0f873-link\" aria-label=\"Aller \u00e0 la note de bas de page 4\">\u21a9\ufe0e<\/a><\/li><li id=\"82afe746-cb9f-4aa0-b85c-f1393ce21648\"> Il s\u2019agit de deux proc\u00e8s intent\u00e9s par des responsables locaux de la fili\u00e8re (M.\u00a0Dumontet et M.\u00a0Ribes), et soutenus par l\u2019ensemble de la fili\u00e8re, pour demander la censure de vid\u00e9os critiquant des coupes rases. Dans les deux cas, les plaignants ont \u00e9t\u00e9 d\u00e9bout\u00e9s. M.\u00a0Ribes a n\u00e9anmoins d\u00e9cid\u00e9 de faire appel du jugement. Les arguments de Canop\u00e9e dans cette affaire sont r\u00e9sum\u00e9s dans cet article : <a href=\"https:\/\/www.canopee.ong\/le-media\/analyses\/proces-baillon-denoncer-une-coupe-rase-est-il-un-delit\/\" target=\"_blank\" rel=\"noreferrer noopener\">Proc\u00e8s-ba\u00eellon : D\u00e9noncer une coupe rase est-il un d\u00e9lit ?<\/a> <a href=\"#82afe746-cb9f-4aa0-b85c-f1393ce21648-link\" aria-label=\"Aller \u00e0 la note de bas de page 5\">\u21a9\ufe0e<\/a><\/li><li id=\"f36f3c5f-782a-49bc-8264-0f4043fdf37c\">Le \u00ab\u00a0Bois du Chat\u00a0\u00bb est une parcelle foresti\u00e8re, en Corr\u00e8ze, situ\u00e9e en zone Natura\u00a02000 et qui devait \u00eatre ras\u00e9e pour \u00eatre remplac\u00e9e par une monoculture r\u00e9sineuse. La coupe a \u00e9t\u00e9 emp\u00each\u00e9 par les habitantes et les habitants, malgr\u00e9 les efforts de plusieurs responsables de la fili\u00e8re for\u00eat-bois. Cet article retrace les diff\u00e9rentes \u00e9tapes de cette affaire : <a href=\"https:\/\/www.canopee.ong\/le-media\/actions\/chronique-du-sauvetage-du-bois-du-chat\/\" target=\"_blank\" rel=\"noreferrer noopener\">Chronique du sauvetage du Bois du Chat<\/a> <a href=\"#f36f3c5f-782a-49bc-8264-0f4043fdf37c-link\" aria-label=\"Aller \u00e0 la note de bas de page 6\">\u21a9\ufe0e<\/a><\/li><li id=\"43959eb0-7dcf-4c0b-9d87-ba74e744ce92\"> La <a href=\"http:\/\/2012-feuille-de-route-foret-0.pdf\" target=\"_blank\" rel=\"noreferrer noopener\">feuille de route pour l\u2019adaptation des for\u00eats au changement climatique<\/a>, publi\u00e9e par le minist\u00e8re de l\u2019Agriculture et de l\u2019Alimentation en d\u00e9cembre 2020, pr\u00e9voyait : \u00ab\u00a0Int\u00e9grer les crit\u00e8res de diversification, de pr\u00e9servation du capital sol ou d\u2019autres crit\u00e8res de pr\u00e9servation de services \u00e9cosyst\u00e9miques (dont eau et biodiversit\u00e9) dans les documents encadrant la gestion foresti\u00e8re dans les for\u00eats publiques et priv\u00e9es, et dans les certifications de gestion durable mises en place par PEFC et FSC. Ech\u00e9ance\u00a0: 2021\u00a0\u00bb. (Action 3.1 (page 20) <a href=\"#43959eb0-7dcf-4c0b-9d87-ba74e744ce92-link\" aria-label=\"Aller \u00e0 la note de bas de page 7\">\u21a9\ufe0e<\/a><\/li><\/ol>","protected":false},"excerpt":{"rendered":"<p>SOS For\u00eat apporte tout son soutien \u00e0 l&rsquo;association Canop\u00e9e, dont l&rsquo;agr\u00e9ment est contest\u00e9 devant le tribunal administratif de Paris par douze organisations de la fili\u00e8re for\u00eat-bois. Il s&rsquo;agit ni plus [&hellip;]<\/p>\n","protected":false},"author":10,"featured_media":8284,"comment_status":"closed","ping_status":"closed","sticky":false,"template":"","format":"standard","meta":{"_acf_changed":false,"_gspb_post_css":"","_uag_custom_page_level_css":"","_EventAllDay":false,"_EventTimezone":"","_EventStartDate":"","_EventEndDate":"","_EventStartDateUTC":"","_EventEndDateUTC":"","_EventShowMap":false,"_EventShowMapLink":false,"_EventURL":"","_EventCost":"","_EventCostDescription":"","_EventCurrencySymbol":"","_EventCurrencyCode":"","_EventCurrencyPosition":"","_EventDateTimeSeparator":"","_EventTimeRangeSeparator":"","_EventOrganizerID":[],"_EventVenueID":[],"_OrganizerEmail":"","_OrganizerPhone":"","_OrganizerWebsite":"","_VenueAddress":"","_VenueCity":"","_VenueCountry":"","_VenueProvince":"","_VenueState":"","_VenueZip":"","_VenuePhone":"","_VenueURL":"","_VenueStateProvince":"","_VenueLat":"","_VenueLng":"","_VenueShowMap":false,"_VenueShowMapLink":false,"footnotes":"[{\"content\":\" France Bois For\u00eat, l'Union de la Coop\u00e9ration Foresti\u00e8re Fran\u00e7aise (UCFF), la F\u00e9d\u00e9ration Nationale du Bois, la F\u00e9d\u00e9ration Nationale des Syndicats de Forestiers Priv\u00e9s, la F\u00e9d\u00e9ration Nationale des Entrepreneurs du Territoire, la F\u00e9d\u00e9ration Nationale des Communes Foresti\u00e8res, le Syndicat de l\u2019Emballage et de la logistique associ\u00e9e, Le Commerce du Bois, le Syndicat National des P\u00e9pini\u00e9ristes Forestiers, l\u2019Union Fran\u00e7aise des Industries des Cartons, Papiers et Celluloses, l\u2019Union des Industriels et Constructeurs Bois et Biosourc\u00e9s, le Comit\u00e9 Interprofessionnel du Bois Energie, Alliance For\u00eats Bois.\",\"id\":\"e9da862e-ec07-4bd0-b1c2-a368c6eea7f8\"},{\"content\":\"Voir notre rapport : \u201c<a href=\\\"https:\/\/www.canopee.ong\/wp-content\/uploads\/2023\/07\/canopee-bilan-plan-de-relance.pdf\\\" target=\\\"_blank\\\" rel=\\\"noreferrer noopener\\\">Plant\u00e9 ! Le bilan cach\u00e9 du plan de relance<\/a>\u201d (mars 2022).\",\"id\":\"e3f4c392-67c9-46d3-8c41-55f057eba778\"},{\"content\":\"Ce que pointe \u00e9galement le rapport de la Cour des Comptes : \\\"<a href=\\\"https:\/\/www.ccomptes.fr\/sites\/default\/files\/2024-03\/20240312-RPA-2024-ENPA-gestion-durable-foret-metropolitaine.pdf\\\" target=\\\"_blank\\\" rel=\\\"noreferrer noopener\\\">La gestion durable de la for\u00eat m\u00e9tropolitaine, quelle adaptation au changement climatique ?<\/a>\\\" (mars 2023). En page 20\u00a0: \\\"Certaines interventions du fonds d\u2019aide au renouv\u00e8lement de France Relance ne r\u00e9pondent pas directement \u00e0 des objectifs d\u2019adaptation des for\u00eats. En effet, d\u2019une part, elles privil\u00e9gient les peuplements \u00e0 faible valeur \u00e9conomique non d\u00e9p\u00e9ris et, d\u2019autre part, elles reposent sur des crit\u00e8res de diversification trop peu contraignants.\\\"\",\"id\":\"c358a15c-e7c7-4caa-bf21-61d2592ad186\"},{\"content\":\"Voir <a href=\\\"https:\/\/youtu.be\/HpPwI-kGk34?si=iYa17Q8cEEB4txHd\\\" target=\\\"_blank\\\" rel=\\\"noreferrer noopener\\\">notre enqu\u00eate<\/a> sur les <em>lobbies<\/em> de la fili\u00e8re bois en vid\u00e9o\",\"id\":\"0d48747f-63c3-4f17-80a7-19508ce0f873\"},{\"content\":\" Il s\u2019agit de deux proc\u00e8s intent\u00e9s par des responsables locaux de la fili\u00e8re (M.\u00a0Dumontet et M.\u00a0Ribes), et soutenus par l\u2019ensemble de la fili\u00e8re, pour demander la censure de vid\u00e9os critiquant des coupes rases. Dans les deux cas, les plaignants ont \u00e9t\u00e9 d\u00e9bout\u00e9s. M.\u00a0Ribes a n\u00e9anmoins d\u00e9cid\u00e9 de faire appel du jugement. Les arguments de Canop\u00e9e dans cette affaire sont r\u00e9sum\u00e9s dans cet article : <a href=\\\"https:\/\/www.canopee.ong\/le-media\/analyses\/proces-baillon-denoncer-une-coupe-rase-est-il-un-delit\/\\\" target=\\\"_blank\\\" rel=\\\"noreferrer noopener\\\">Proc\u00e8s-ba\u00eellon : D\u00e9noncer une coupe rase est-il un d\u00e9lit ?<\/a>\",\"id\":\"82afe746-cb9f-4aa0-b85c-f1393ce21648\"},{\"content\":\"Le \u00ab\u00a0Bois du Chat\u00a0\u00bb est une parcelle foresti\u00e8re, en Corr\u00e8ze, situ\u00e9e en zone Natura\u00a02000 et qui devait \u00eatre ras\u00e9e pour \u00eatre remplac\u00e9e par une monoculture r\u00e9sineuse. La coupe a \u00e9t\u00e9 emp\u00each\u00e9 par les habitantes et les habitants, malgr\u00e9 les efforts de plusieurs responsables de la fili\u00e8re for\u00eat-bois. Cet article retrace les diff\u00e9rentes \u00e9tapes de cette affaire : <a href=\\\"https:\/\/www.canopee.ong\/le-media\/actions\/chronique-du-sauvetage-du-bois-du-chat\/\\\" target=\\\"_blank\\\" rel=\\\"noreferrer noopener\\\">Chronique du sauvetage du Bois du Chat<\/a>\",\"id\":\"f36f3c5f-782a-49bc-8264-0f4043fdf37c\"},{\"content\":\" La <a href=\\\"http:\/\/2012-feuille-de-route-foret-0.pdf\\\" target=\\\"_blank\\\" rel=\\\"noreferrer noopener\\\">feuille de route pour l\u2019adaptation des for\u00eats au changement climatique<\/a>, publi\u00e9e par le minist\u00e8re de l\u2019Agriculture et de l\u2019Alimentation en d\u00e9cembre 2020, pr\u00e9voyait : \\\"Int\u00e9grer les crit\u00e8res de diversification, de pr\u00e9servation du capital sol ou d\u2019autres crit\u00e8res de pr\u00e9servation de services \u00e9cosyst\u00e9miques (dont eau et biodiversit\u00e9) dans les documents encadrant la gestion foresti\u00e8re dans les for\u00eats publiques et priv\u00e9es, et dans les certifications de gestion durable mises en place par PEFC et FSC. Ech\u00e9ance\u00a0: 2021\\\". (Action 3.1 (page 20)\",\"id\":\"43959eb0-7dcf-4c0b-9d87-ba74e744ce92\"}]"},"categories":[99],"tags":[117,118],"class_list":["post-8275","post","type-post","status-publish","format-standard","has-post-thumbnail","hentry","category-communiques","tag-canopee","tag-justice"],"acf":[],"mb":[],"uagb_featured_image_src":{"full":["https:\/\/sosforetfrance.org\/wp-content\/uploads\/2024\/09\/logo-canopee-1.png",900,450,false],"thumbnail":["https:\/\/sosforetfrance.org\/wp-content\/uploads\/2024\/09\/logo-canopee-1-150x150.png",150,150,true],"medium":["https:\/\/sosforetfrance.org\/wp-content\/uploads\/2024\/09\/logo-canopee-1-300x150.png",300,150,true],"medium_large":["https:\/\/sosforetfrance.org\/wp-content\/uploads\/2024\/09\/logo-canopee-1-768x384.png",768,384,true],"large":["https:\/\/sosforetfrance.org\/wp-content\/uploads\/2024\/09\/logo-canopee-1.png",900,450,false],"1536x1536":["https:\/\/sosforetfrance.org\/wp-content\/uploads\/2024\/09\/logo-canopee-1.png",900,450,false],"2048x2048":["https:\/\/sosforetfrance.org\/wp-content\/uploads\/2024\/09\/logo-canopee-1.png",900,450,false],"mailpoet_newsletter_max":["https:\/\/sosforetfrance.org\/wp-content\/uploads\/2024\/09\/logo-canopee-1.png",900,450,false]},"uagb_author_info":{"display_name":"Marie-Anne Guillemain","author_link":"https:\/\/sosforetfrance.org\/author\/mag\/"},"uagb_comment_info":0,"uagb_excerpt":"SOS For\u00eat apporte tout son soutien \u00e0 l&rsquo;association Canop\u00e9e, dont l&rsquo;agr\u00e9ment est contest\u00e9 devant le tribunal administratif de Paris par douze organisations de la fili\u00e8re for\u00eat-bois. Il s&rsquo;agit ni plus [&hellip;]","mfb_rest_fields":["title","uagb_featured_image_src","uagb_author_info","uagb_comment_info","uagb_excerpt"],"_links":{"self":[{"href":"https:\/\/sosforetfrance.org\/index.php\/wp-json\/wp\/v2\/posts\/8275","targetHints":{"allow":["GET"]}}],"collection":[{"href":"https:\/\/sosforetfrance.org\/index.php\/wp-json\/wp\/v2\/posts"}],"about":[{"href":"https:\/\/sosforetfrance.org\/index.php\/wp-json\/wp\/v2\/types\/post"}],"author":[{"embeddable":true,"href":"https:\/\/sosforetfrance.org\/index.php\/wp-json\/wp\/v2\/users\/10"}],"replies":[{"embeddable":true,"href":"https:\/\/sosforetfrance.org\/index.php\/wp-json\/wp\/v2\/comments?post=8275"}],"version-history":[{"count":0,"href":"https:\/\/sosforetfrance.org\/index.php\/wp-json\/wp\/v2\/posts\/8275\/revisions"}],"wp:featuredmedia":[{"embeddable":true,"href":"https:\/\/sosforetfrance.org\/index.php\/wp-json\/wp\/v2\/media\/8284"}],"wp:attachment":[{"href":"https:\/\/sosforetfrance.org\/index.php\/wp-json\/wp\/v2\/media?parent=8275"}],"wp:term":[{"taxonomy":"category","embeddable":true,"href":"https:\/\/sosforetfrance.org\/index.php\/wp-json\/wp\/v2\/categories?post=8275"},{"taxonomy":"post_tag","embeddable":true,"href":"https:\/\/sosforetfrance.org\/index.php\/wp-json\/wp\/v2\/tags?post=8275"}],"curies":[{"name":"wp","href":"https:\/\/api.w.org\/{rel}","templated":true}]}}