{"id":8714,"date":"2024-10-10T23:21:53","date_gmt":"2024-10-10T21:21:53","guid":{"rendered":"https:\/\/sosforetfrance.org\/?p=8714"},"modified":"2024-10-14T22:42:20","modified_gmt":"2024-10-14T20:42:20","slug":"pour-des-forets-vivantes-donc-contre-les-mega-usines-a-bois","status":"publish","type":"post","link":"https:\/\/sosforetfrance.org\/index.php\/2024\/10\/10\/pour-des-forets-vivantes-donc-contre-les-mega-usines-a-bois\/","title":{"rendered":"Pour des for\u00eats vivantes, donc contre les m\u00e9ga usines \u00e0 bois"},"content":{"rendered":"\n<h4 class=\"wp-block-heading\">Dans le deuxi\u00e8me d\u00e9partement le moins peupl\u00e9 de France, une manifestation contre les m\u00e9ga usines \u00e0 bois a r\u00e9uni samedi 5 octobre \u00e0 Gu\u00e9ret plus de 3&nbsp;000&nbsp;personnes venues dire leur r\u00e9volte face \u00e0 la destruction des for\u00eats au profit d&rsquo;une industrie motiv\u00e9e par la rentabilit\u00e9 financi\u00e8re, contre la biodiversit\u00e9, l&rsquo;\u00e9quilibre du climat et les entreprises locales.<\/h4>\n\n\n\n<p class=\"has-drop-cap\">Gu\u00e9ret, 12&nbsp;840 habitants, et 3&nbsp;000 manifestant\u00b7es. C&rsquo;est un peu comme si 500&nbsp;000&nbsp;personnes d\u00e9filaient \u00e0 Paris, 220&nbsp;000 \u00e0 Marseille ou 125&nbsp;000 \u00e0 Lyon. Le succ\u00e8s de cette mobilisation, malgr\u00e9 son report pour cause d&rsquo;\u00e9lections, s&rsquo;est aussi traduit par le nombre d&rsquo;articles et de reportages dans les m\u00e9dias qui ont suivi. Elle ne sera sans doute pas la derni\u00e8re, vu l&rsquo;engouement de la fili\u00e8re industrielle pour cette activit\u00e9 largement subventionn\u00e9e, sans que les responsables publics qui l&rsquo;encouragent ne semblent s&rsquo;inqui\u00e9ter du danger de sa concentration verticale (la coop\u00e9rative Unisylva est \u00e9troitement li\u00e9e \u00e0 Biosyl) et de la pression exerc\u00e9e sur la for\u00eat exacerb\u00e9e par les besoins croissants des autres acteurs (la construction et l&rsquo;isolation bois). <\/p>\n\n\n\n<div class=\"wp-block-media-text has-media-on-the-right is-stacked-on-mobile\" style=\"grid-template-columns:auto 63%\"><div class=\"wp-block-media-text__content\">\n<p class=\"has-small-font-size\">La manifestation a en fait commenc\u00e9 la veille, avec l&rsquo;installation d&rsquo;un camp non loin du site pr\u00e9vu pour le projet Biosyl, sur un terrain pr\u00eat\u00e9 par la mairie.<\/p>\n<\/div><figure class=\"wp-block-media-text__media\"><img loading=\"lazy\" decoding=\"async\" width=\"1024\" height=\"576\" src=\"https:\/\/sosforetfrance.org\/wp-content\/uploads\/2024\/10\/manifestation-pour-des-forets-vivantes-Gueret-2-1024x576.jpg\" alt=\"\" class=\"wp-image-8741 size-full\" srcset=\"https:\/\/sosforetfrance.org\/wp-content\/uploads\/2024\/10\/manifestation-pour-des-forets-vivantes-Gueret-2-1024x576.jpg 1024w, https:\/\/sosforetfrance.org\/wp-content\/uploads\/2024\/10\/manifestation-pour-des-forets-vivantes-Gueret-2-300x169.jpg 300w, https:\/\/sosforetfrance.org\/wp-content\/uploads\/2024\/10\/manifestation-pour-des-forets-vivantes-Gueret-2-768x432.jpg 768w, https:\/\/sosforetfrance.org\/wp-content\/uploads\/2024\/10\/manifestation-pour-des-forets-vivantes-Gueret-2-1536x864.jpg 1536w, https:\/\/sosforetfrance.org\/wp-content\/uploads\/2024\/10\/manifestation-pour-des-forets-vivantes-Gueret-2-2048x1152.jpg 2048w, https:\/\/sosforetfrance.org\/wp-content\/uploads\/2024\/10\/manifestation-pour-des-forets-vivantes-Gueret-2-1320x743.jpg 1320w\" sizes=\"auto, (max-width: 1024px) 100vw, 1024px\" \/><\/figure><\/div>\n\n\n\n<div class=\"wp-block-media-text is-stacked-on-mobile\" style=\"grid-template-columns:56% auto\"><figure class=\"wp-block-media-text__media\"><img loading=\"lazy\" decoding=\"async\" width=\"917\" height=\"1024\" src=\"https:\/\/sosforetfrance.org\/wp-content\/uploads\/2024\/10\/manifestation-pour-des-forets-vivantes-Gueret-14-917x1024.jpg\" alt=\"\" class=\"wp-image-8800 size-full\" srcset=\"https:\/\/sosforetfrance.org\/wp-content\/uploads\/2024\/10\/manifestation-pour-des-forets-vivantes-Gueret-14-917x1024.jpg 917w, https:\/\/sosforetfrance.org\/wp-content\/uploads\/2024\/10\/manifestation-pour-des-forets-vivantes-Gueret-14-269x300.jpg 269w, https:\/\/sosforetfrance.org\/wp-content\/uploads\/2024\/10\/manifestation-pour-des-forets-vivantes-Gueret-14-768x857.jpg 768w, https:\/\/sosforetfrance.org\/wp-content\/uploads\/2024\/10\/manifestation-pour-des-forets-vivantes-Gueret-14-1376x1536.jpg 1376w, https:\/\/sosforetfrance.org\/wp-content\/uploads\/2024\/10\/manifestation-pour-des-forets-vivantes-Gueret-14-1320x1474.jpg 1320w, https:\/\/sosforetfrance.org\/wp-content\/uploads\/2024\/10\/manifestation-pour-des-forets-vivantes-Gueret-14.jpg 1468w\" sizes=\"auto, (max-width: 917px) 100vw, 917px\" \/><\/figure><div class=\"wp-block-media-text__content\">\n<p class=\"has-small-font-size\">\u00c0 l&rsquo;entr\u00e9e du camp, une banderole annonce la d\u00e9termination des organisateur\u00b7ices de la manifestation.<\/p>\n<\/div><\/div>\n\n\n\n<div class=\"wp-block-group has-background has-global-padding is-layout-constrained wp-container-core-group-is-layout-587e7e26 wp-block-group-is-layout-constrained\" style=\"background-color:#b5bdbc57;margin-top:var(--wp--preset--spacing--10);margin-bottom:var(--wp--preset--spacing--10);padding-top:0;padding-right:var(--wp--preset--spacing--10);padding-bottom:0;padding-left:var(--wp--preset--spacing--10)\">\n<h4 class=\"wp-block-heading has-text-align-left\"><strong>La for\u00eat en granul\u00e9s<\/strong><\/h4>\n\n\n\n<figure class=\"wp-block-image alignright size-large is-resized\"><img loading=\"lazy\" decoding=\"async\" width=\"895\" height=\"1024\" src=\"https:\/\/sosforetfrance.org\/wp-content\/uploads\/2024\/10\/image-3-895x1024.png\" alt=\"\" class=\"wp-image-8818\" style=\"width:323px;height:auto\" srcset=\"https:\/\/sosforetfrance.org\/wp-content\/uploads\/2024\/10\/image-3-895x1024.png 895w, https:\/\/sosforetfrance.org\/wp-content\/uploads\/2024\/10\/image-3-262x300.png 262w, https:\/\/sosforetfrance.org\/wp-content\/uploads\/2024\/10\/image-3-768x879.png 768w, https:\/\/sosforetfrance.org\/wp-content\/uploads\/2024\/10\/image-3.png 1100w\" sizes=\"auto, (max-width: 895px) 100vw, 895px\" \/><\/figure>\n\n\n\n<p class=\"has-small-font-size\">En 15 ans, la production de granul\u00e9s en France est pass\u00e9e de 0 \u00e0 2 millions de tonnes. Malgr\u00e9 les incertitudes sur la demande (de l&rsquo;aveu m\u00eame de la fili\u00e8re, <a href=\"https:\/\/www.propellet.fr\/chiffres-cles-de-la-filiere\/\" target=\"_blank\" rel=\"noopener\">\u00ab\u00a0la demande de granul\u00e9 ne conna\u00eet pas la croissance attendue\u00a0\u00bb<\/a>), la production a augment\u00e9 de 250\u00a0000 tonnes en 2023 (trois nouvelles usines ont ouvert).<\/p>\n\n\n\n<p class=\"has-small-font-size\">Les capacit\u00e9s par unit\u00e9 chez les plus gros fabricants suivent une courbe vertigineuse. Depuis 2012, la premi\u00e8re usine Biosyl, situ\u00e9e \u00e0 Cosne-sur-Loire (Ni\u00e8vre), r\u00e9duit tous les ans 90\u00a0000\u00a0tonnes de bois en granul\u00e9s. Le deuxi\u00e8me site, ouvert il y a deux ans \u00e0 Lempdes-sur-Allagnon (Haute-Loire) a une capacit\u00e9 de 100\u00a0000\u00a0tonnes. Avec celui de Gu\u00e9ret, Biosyl monte encore en puissance\u00a0: 140\u00a0000\u00a0tonnes de bois seraient englouties tous les ans. <strong>La fili\u00e8re vise les 3 millions de tonnes par an en 2030. Une usine comme celle de Gu\u00e9ret en plus tous les ans jusqu&rsquo;en 2030.<\/strong><\/p>\n\n\n\n<p class=\"has-text-align-right has-small-font-size\">Carte : Propellet (association nationale des professionnels du chauffage au granul\u00e9 de bois).<\/p>\n<\/div>\n\n\n\n<h3 class=\"wp-block-heading has-text-align-center has-text-color has-link-color wp-elements-3b55150ab613f48e5b6d17476e5b6da0\" style=\"color:#348101\"><strong>\u00c9duc pop avant la manif<\/strong><\/h3>\n\n\n\n<p>La d\u00e9termination \u00e0 d\u00e9fendre la biodiversit\u00e9 menac\u00e9e grandit \u00e0 mesure qu&rsquo;augmente la connaissance des \u00e9cosyst\u00e8mes. Parce que l&rsquo;acquisition et la diffusion de cette connaissance est enray\u00e9e par l&rsquo;affaiblissement des moyens public d\u00e9volus \u00e0 la recherche et \u00e0 l&rsquo;\u00e9ducation, ce sont souvent les collectifs citoyens qui se chargent de cette mission. Les conf\u00e9rences, formations, d\u00e9bats, documentaires et surtout le contact direct avec les milieux naturels sont indispensables pour \u00e9largir la prise de conscience de la population face \u00e0 l&rsquo;\u00e9cocide en cours. \u00c0 Gu\u00e9ret comme ailleurs, la connaissance a pr\u00e9c\u00e9d\u00e9 la revendication.<\/p>\n\n\n\n<div class=\"wp-block-media-text is-stacked-on-mobile\" style=\"grid-template-columns:60% auto\"><figure class=\"wp-block-media-text__media\"><img loading=\"lazy\" decoding=\"async\" width=\"1024\" height=\"576\" src=\"https:\/\/sosforetfrance.org\/wp-content\/uploads\/2024\/10\/manifestation-pour-des-forets-vivantes-Gueret-10-1024x576.jpg\" alt=\"\" class=\"wp-image-8733 size-full\" srcset=\"https:\/\/sosforetfrance.org\/wp-content\/uploads\/2024\/10\/manifestation-pour-des-forets-vivantes-Gueret-10-1024x576.jpg 1024w, https:\/\/sosforetfrance.org\/wp-content\/uploads\/2024\/10\/manifestation-pour-des-forets-vivantes-Gueret-10-300x169.jpg 300w, https:\/\/sosforetfrance.org\/wp-content\/uploads\/2024\/10\/manifestation-pour-des-forets-vivantes-Gueret-10-768x432.jpg 768w, https:\/\/sosforetfrance.org\/wp-content\/uploads\/2024\/10\/manifestation-pour-des-forets-vivantes-Gueret-10-1536x864.jpg 1536w, https:\/\/sosforetfrance.org\/wp-content\/uploads\/2024\/10\/manifestation-pour-des-forets-vivantes-Gueret-10-2048x1152.jpg 2048w, https:\/\/sosforetfrance.org\/wp-content\/uploads\/2024\/10\/manifestation-pour-des-forets-vivantes-Gueret-10-1320x742.jpg 1320w\" sizes=\"auto, (max-width: 1024px) 100vw, 1024px\" \/><\/figure><div class=\"wp-block-media-text__content\">\n<p class=\"has-small-font-size\">Le 5 au matin, mise en jambes avec une promenade naturaliste autour du site pr\u00e9vu pour l&rsquo;usine. Les batraciens sont devenus des embl\u00e8mes de la lutte \u00e9cologiste. Du sonneur \u00e0 ventre jaune, les manifestant\u00b7es ont fait un g\u00e9ant qui a conduit le d\u00e9fil\u00e9 toute la journ\u00e9e. <br><\/p>\n<\/div><\/div>\n\n\n\n<div class=\"wp-block-group has-background has-global-padding is-layout-constrained wp-block-group-is-layout-constrained\" style=\"background-color:#b5bdbc57\">\n<h4 class=\"wp-block-heading has-text-align-right\"><strong>Crapauds, salamandres, grenouilles, tritons menac\u00e9s<\/strong><\/h4>\n\n\n\n<figure class=\"wp-block-image alignright size-large is-resized\"><img loading=\"lazy\" decoding=\"async\" width=\"442\" height=\"316\" src=\"https:\/\/sosforetfrance.org\/wp-content\/uploads\/2024\/10\/image-1-edited.png\" alt=\"\" class=\"wp-image-8808\" style=\"width:221px;height:auto\" srcset=\"https:\/\/sosforetfrance.org\/wp-content\/uploads\/2024\/10\/image-1-edited.png 442w, https:\/\/sosforetfrance.org\/wp-content\/uploads\/2024\/10\/image-1-edited-300x214.png 300w\" sizes=\"auto, (max-width: 442px) 100vw, 442px\" \/><\/figure>\n\n\n\n<p class=\"has-small-font-size\">Le sonneur \u00e0 ventre jaune, discret habitant des petits points d&rsquo;eau, est une esp\u00e8ce prot\u00e9g\u00e9e. Sa pr\u00e9sence sur le site de Biosyl n&rsquo;avait pas \u00e9t\u00e9 indiqu\u00e9e par la Dreal et c&rsquo;est le collectif For\u00eat debout 23 qui l&rsquo;a fait constater.<\/p>\n\n\n\n<p class=\"has-small-font-size\">Reconnaissable \u00e0 ses couleurs et \u00e0 ses pupilles en forme de c\u0153urs, le sonneur \u00e0 ventre jaune n&rsquo;est pas le seul amphibien qui habite cette zone particuli\u00e8rement humide. On y trouve aussi des crapauds calamites, des rainettes arboricoles, des salamandres tachet\u00e9es, des grenouilles vertes, des grenouilles agiles, des tritons palm\u00e9s&#8230;<\/p>\n<\/div>\n\n\n\n<div class=\"wp-block-media-text is-stacked-on-mobile\" style=\"grid-template-columns:60% auto\"><figure class=\"wp-block-media-text__media\"><img loading=\"lazy\" decoding=\"async\" width=\"1024\" height=\"576\" src=\"https:\/\/sosforetfrance.org\/wp-content\/uploads\/2024\/10\/manifestation-pour-des-forets-vivantes-Gueret-5-1024x576.jpg\" alt=\"\" class=\"wp-image-8738 size-full\" srcset=\"https:\/\/sosforetfrance.org\/wp-content\/uploads\/2024\/10\/manifestation-pour-des-forets-vivantes-Gueret-5-1024x576.jpg 1024w, https:\/\/sosforetfrance.org\/wp-content\/uploads\/2024\/10\/manifestation-pour-des-forets-vivantes-Gueret-5-300x169.jpg 300w, https:\/\/sosforetfrance.org\/wp-content\/uploads\/2024\/10\/manifestation-pour-des-forets-vivantes-Gueret-5-768x432.jpg 768w, https:\/\/sosforetfrance.org\/wp-content\/uploads\/2024\/10\/manifestation-pour-des-forets-vivantes-Gueret-5-1536x864.jpg 1536w, https:\/\/sosforetfrance.org\/wp-content\/uploads\/2024\/10\/manifestation-pour-des-forets-vivantes-Gueret-5-2048x1152.jpg 2048w, https:\/\/sosforetfrance.org\/wp-content\/uploads\/2024\/10\/manifestation-pour-des-forets-vivantes-Gueret-5-1320x743.jpg 1320w\" sizes=\"auto, (max-width: 1024px) 100vw, 1024px\" \/><\/figure><div class=\"wp-block-media-text__content\">\n<p class=\"has-small-font-size\">L&rsquo;un des panneaux d\u00e9taillant d&rsquo;autres esp\u00e8ces prot\u00e9g\u00e9es recens\u00e9es par les naturalistes, dont une vingtaine d&rsquo;oiseaux.<\/p>\n<\/div><\/div>\n\n\n\n<h3 class=\"wp-block-heading has-text-align-center has-text-color has-link-color wp-elements-b2dc92c1b5b183fc8d0fc4ab626a1518\" style=\"color:#348101\"><strong>Dans le cort\u00e8ge, convergence des luttes<\/strong><br><strong>contre les m\u00e9ga projets forestiers<\/strong><\/h3>\n\n\n\n<p>Les alertes r\u00e9p\u00e9t\u00e9es par la communaut\u00e9 scientifique sur la chute du puits de carbone forestier (selon Philippe Ciais, chercheur au <a href=\"https:\/\/fr.wikipedia.org\/wiki\/Laboratoire_des_sciences_du_climat_et_de_l%27environnement\" target=\"_blank\" rel=\"noopener\">laboratoire des sciences du climat et de l&rsquo;environnement<\/a>, il a \u00e9t\u00e9 divis\u00e9 par deux en dix ans), comme sur la chute de la biodiversit\u00e9 renforcent l&rsquo;opposition aux investissements massifs dans une fili\u00e8re industrielle qui ob\u00e9it \u00e0 la logique productiviste et mercantile responsable de la crise \u00e9cologique. <\/p>\n\n\n\n<p>Les for\u00eats fran\u00e7aises, \u00e0 la fois menac\u00e9es par les \u00e9v\u00e9nements m\u00e9t\u00e9orologiques violents qui se multiplient, les s\u00e9cheresses et le d\u00e9s\u00e9quilibre des \u00e9cosyst\u00e8mes ne peuvent en plus subir la surexploitation et l&rsquo;adaptation forc\u00e9e \u00e0 <a href=\"https:\/\/reporterre.net\/Biokerosene-pellets-ces-megaprojets-qui-devorent-la-foret\" target=\"_blank\" rel=\"noopener\">des standards industriels incompatibles avec les milieux naturels<\/a> : les m\u00e9ga scieries, centrales \u00e0 biomasse et usines \u00e0 biocarburant s&rsquo;appuient sur une gestion foresti\u00e8re qui implique coupes rases, enr\u00e9sinement, plantations plut\u00f4t que couvert continu, diversit\u00e9 des essences et r\u00e9g\u00e9n\u00e9ration naturelle.  <\/p>\n\n\n\n<div class=\"wp-block-media-text has-media-on-the-right is-stacked-on-mobile\" style=\"grid-template-columns:auto 60%\"><div class=\"wp-block-media-text__content\">\n<p class=\"has-small-font-size\">D\u00e9part de la manifestation dans les rues de Gu\u00e9ret : l&rsquo;enr\u00e9sinement, l&rsquo;un des motifs de la protestation.<\/p>\n<\/div><figure class=\"wp-block-media-text__media\"><img loading=\"lazy\" decoding=\"async\" width=\"1024\" height=\"576\" src=\"https:\/\/sosforetfrance.org\/wp-content\/uploads\/2024\/10\/manifestation-pour-des-forets-vivantes-Gueret-12-1024x576.jpg\" alt=\"\" class=\"wp-image-8731 size-full\" srcset=\"https:\/\/sosforetfrance.org\/wp-content\/uploads\/2024\/10\/manifestation-pour-des-forets-vivantes-Gueret-12-1024x576.jpg 1024w, https:\/\/sosforetfrance.org\/wp-content\/uploads\/2024\/10\/manifestation-pour-des-forets-vivantes-Gueret-12-300x169.jpg 300w, https:\/\/sosforetfrance.org\/wp-content\/uploads\/2024\/10\/manifestation-pour-des-forets-vivantes-Gueret-12-768x432.jpg 768w, https:\/\/sosforetfrance.org\/wp-content\/uploads\/2024\/10\/manifestation-pour-des-forets-vivantes-Gueret-12-1536x864.jpg 1536w, https:\/\/sosforetfrance.org\/wp-content\/uploads\/2024\/10\/manifestation-pour-des-forets-vivantes-Gueret-12-2048x1152.jpg 2048w, https:\/\/sosforetfrance.org\/wp-content\/uploads\/2024\/10\/manifestation-pour-des-forets-vivantes-Gueret-12-1320x743.jpg 1320w\" sizes=\"auto, (max-width: 1024px) 100vw, 1024px\" \/><\/figure><\/div>\n\n\n\n<div class=\"wp-block-media-text is-stacked-on-mobile\" style=\"grid-template-columns:60% auto\"><figure class=\"wp-block-media-text__media\"><img loading=\"lazy\" decoding=\"async\" width=\"1024\" height=\"576\" src=\"https:\/\/sosforetfrance.org\/wp-content\/uploads\/2024\/10\/manifestation-pour-des-forets-vivantes-Gueret-16-1024x576.jpg\" alt=\"\" class=\"wp-image-8814 size-full\" srcset=\"https:\/\/sosforetfrance.org\/wp-content\/uploads\/2024\/10\/manifestation-pour-des-forets-vivantes-Gueret-16-1024x576.jpg 1024w, https:\/\/sosforetfrance.org\/wp-content\/uploads\/2024\/10\/manifestation-pour-des-forets-vivantes-Gueret-16-300x169.jpg 300w, https:\/\/sosforetfrance.org\/wp-content\/uploads\/2024\/10\/manifestation-pour-des-forets-vivantes-Gueret-16-768x432.jpg 768w, https:\/\/sosforetfrance.org\/wp-content\/uploads\/2024\/10\/manifestation-pour-des-forets-vivantes-Gueret-16-1536x863.jpg 1536w, https:\/\/sosforetfrance.org\/wp-content\/uploads\/2024\/10\/manifestation-pour-des-forets-vivantes-Gueret-16-1320x742.jpg 1320w, https:\/\/sosforetfrance.org\/wp-content\/uploads\/2024\/10\/manifestation-pour-des-forets-vivantes-Gueret-16.jpg 2019w\" sizes=\"auto, (max-width: 1024px) 100vw, 1024px\" \/><\/figure><div class=\"wp-block-media-text__content\">\n<p class=\"has-small-font-size\">SOS For\u00eat pr\u00e9sente dans le cort\u00e8ge. Ici, la banderole de SOS For\u00eat Dordogne.<\/p>\n<\/div><\/div>\n\n\n\n<div class=\"wp-block-media-text has-media-on-the-right is-stacked-on-mobile\" style=\"grid-template-columns:auto 60%\"><div class=\"wp-block-media-text__content\">\n<p class=\"has-small-font-size\">Les deux principaux syndicats de salari\u00e9s de la for\u00eat (le Snupfen-Solidaires et la CGT) participent \u00e0 la mobilisation.<\/p>\n<\/div><figure class=\"wp-block-media-text__media\"><img loading=\"lazy\" decoding=\"async\" width=\"1024\" height=\"574\" src=\"https:\/\/sosforetfrance.org\/wp-content\/uploads\/2024\/10\/manifestation-pour-des-forets-vivantes-Gueret-19-1024x574.jpg\" alt=\"\" class=\"wp-image-8852 size-full\" srcset=\"https:\/\/sosforetfrance.org\/wp-content\/uploads\/2024\/10\/manifestation-pour-des-forets-vivantes-Gueret-19-1024x574.jpg 1024w, https:\/\/sosforetfrance.org\/wp-content\/uploads\/2024\/10\/manifestation-pour-des-forets-vivantes-Gueret-19-300x168.jpg 300w, https:\/\/sosforetfrance.org\/wp-content\/uploads\/2024\/10\/manifestation-pour-des-forets-vivantes-Gueret-19-768x431.jpg 768w, https:\/\/sosforetfrance.org\/wp-content\/uploads\/2024\/10\/manifestation-pour-des-forets-vivantes-Gueret-19-1536x861.jpg 1536w, https:\/\/sosforetfrance.org\/wp-content\/uploads\/2024\/10\/manifestation-pour-des-forets-vivantes-Gueret-19-2048x1148.jpg 2048w, https:\/\/sosforetfrance.org\/wp-content\/uploads\/2024\/10\/manifestation-pour-des-forets-vivantes-Gueret-19-1320x740.jpg 1320w\" sizes=\"auto, (max-width: 1024px) 100vw, 1024px\" \/><\/figure><\/div>\n\n\n\n<div class=\"wp-block-media-text is-stacked-on-mobile\" style=\"grid-template-columns:60% auto\"><figure class=\"wp-block-media-text__media\"><img loading=\"lazy\" decoding=\"async\" width=\"1024\" height=\"576\" src=\"https:\/\/sosforetfrance.org\/wp-content\/uploads\/2024\/10\/manifestation-pour-des-forets-vivantes-Gueret-13-1024x576.jpg\" alt=\"\" class=\"wp-image-8730 size-full\" srcset=\"https:\/\/sosforetfrance.org\/wp-content\/uploads\/2024\/10\/manifestation-pour-des-forets-vivantes-Gueret-13-1024x576.jpg 1024w, https:\/\/sosforetfrance.org\/wp-content\/uploads\/2024\/10\/manifestation-pour-des-forets-vivantes-Gueret-13-300x169.jpg 300w, https:\/\/sosforetfrance.org\/wp-content\/uploads\/2024\/10\/manifestation-pour-des-forets-vivantes-Gueret-13-768x432.jpg 768w, https:\/\/sosforetfrance.org\/wp-content\/uploads\/2024\/10\/manifestation-pour-des-forets-vivantes-Gueret-13-1536x864.jpg 1536w, https:\/\/sosforetfrance.org\/wp-content\/uploads\/2024\/10\/manifestation-pour-des-forets-vivantes-Gueret-13-2048x1152.jpg 2048w, https:\/\/sosforetfrance.org\/wp-content\/uploads\/2024\/10\/manifestation-pour-des-forets-vivantes-Gueret-13-1320x742.jpg 1320w\" sizes=\"auto, (max-width: 1024px) 100vw, 1024px\" \/><\/figure><div class=\"wp-block-media-text__content\">\n<p class=\"has-small-font-size\">La commune de Gu\u00e9ret s&rsquo;est d\u00e9clar\u00e9e oppos\u00e9e au projet, mais ce n&rsquo;est pas le cas de la communaut\u00e9 d&rsquo;agglom\u00e9ration, ni du Conseil r\u00e9gional, qui a vot\u00e9 une subvention de 650&nbsp;000&nbsp;\u20ac&#8230;<\/p>\n<\/div><\/div>\n\n\n\n<div class=\"wp-block-media-text has-media-on-the-right is-stacked-on-mobile\" style=\"grid-template-columns:auto 60%\"><div class=\"wp-block-media-text__content\">\n<p class=\"has-small-font-size\">&#8230;alors que les installations de m\u00e9ga usines mettent en danger les entreprises locales de transformation du bois \u00e0 taille humaine&#8230;<br>Photo \u00a9 Jean-Luc Luyssen<\/p>\n<\/div><figure class=\"wp-block-media-text__media\"><img loading=\"lazy\" decoding=\"async\" width=\"1024\" height=\"683\" src=\"https:\/\/sosforetfrance.org\/wp-content\/uploads\/2024\/10\/manifestation-pour-des-forets-vivantes-Gueret-17-1024x683.jpg\" alt=\"\" class=\"wp-image-8845 size-full\" srcset=\"https:\/\/sosforetfrance.org\/wp-content\/uploads\/2024\/10\/manifestation-pour-des-forets-vivantes-Gueret-17-1024x683.jpg 1024w, https:\/\/sosforetfrance.org\/wp-content\/uploads\/2024\/10\/manifestation-pour-des-forets-vivantes-Gueret-17-300x200.jpg 300w, https:\/\/sosforetfrance.org\/wp-content\/uploads\/2024\/10\/manifestation-pour-des-forets-vivantes-Gueret-17-768x512.jpg 768w, https:\/\/sosforetfrance.org\/wp-content\/uploads\/2024\/10\/manifestation-pour-des-forets-vivantes-Gueret-17-1536x1024.jpg 1536w, https:\/\/sosforetfrance.org\/wp-content\/uploads\/2024\/10\/manifestation-pour-des-forets-vivantes-Gueret-17-2048x1365.jpg 2048w, https:\/\/sosforetfrance.org\/wp-content\/uploads\/2024\/10\/manifestation-pour-des-forets-vivantes-Gueret-17-1320x880.jpg 1320w\" sizes=\"auto, (max-width: 1024px) 100vw, 1024px\" \/><\/figure><\/div>\n\n\n\n<div class=\"wp-block-media-text is-stacked-on-mobile\" style=\"grid-template-columns:60% auto\"><figure class=\"wp-block-media-text__media\"><img loading=\"lazy\" decoding=\"async\" width=\"1024\" height=\"683\" src=\"https:\/\/sosforetfrance.org\/wp-content\/uploads\/2024\/10\/manifestation-pour-des-forets-vivantes-Gueret-18-1024x683.jpg\" alt=\"\" class=\"wp-image-8849 size-full\" srcset=\"https:\/\/sosforetfrance.org\/wp-content\/uploads\/2024\/10\/manifestation-pour-des-forets-vivantes-Gueret-18-1024x683.jpg 1024w, https:\/\/sosforetfrance.org\/wp-content\/uploads\/2024\/10\/manifestation-pour-des-forets-vivantes-Gueret-18-300x200.jpg 300w, https:\/\/sosforetfrance.org\/wp-content\/uploads\/2024\/10\/manifestation-pour-des-forets-vivantes-Gueret-18-768x512.jpg 768w, https:\/\/sosforetfrance.org\/wp-content\/uploads\/2024\/10\/manifestation-pour-des-forets-vivantes-Gueret-18-1536x1024.jpg 1536w, https:\/\/sosforetfrance.org\/wp-content\/uploads\/2024\/10\/manifestation-pour-des-forets-vivantes-Gueret-18-2048x1365.jpg 2048w, https:\/\/sosforetfrance.org\/wp-content\/uploads\/2024\/10\/manifestation-pour-des-forets-vivantes-Gueret-18-1320x880.jpg 1320w\" sizes=\"auto, (max-width: 1024px) 100vw, 1024px\" \/><\/figure><div class=\"wp-block-media-text__content\">\n<p class=\"has-small-font-size\">&#8230;et entra\u00eenent une gestion extractiviste dont la face la plus visible est la multiplication des coupes rases.<br>Photo \u00a9 Jean-Luc Luyssen<\/p>\n<\/div><\/div>\n\n\n\n<figure class=\"wp-block-image alignright is-resized\"><img loading=\"lazy\" decoding=\"async\" width=\"2144\" height=\"1205\" src=\"https:\/\/sosforetfrance.org\/wp-content\/uploads\/2024\/10\/image-2-edited-1.png\" alt=\"\" class=\"wp-image-8847\" style=\"width:415px;height:auto\" srcset=\"https:\/\/sosforetfrance.org\/wp-content\/uploads\/2024\/10\/image-2-edited-1.png 2144w, https:\/\/sosforetfrance.org\/wp-content\/uploads\/2024\/10\/image-2-edited-1-300x169.png 300w, https:\/\/sosforetfrance.org\/wp-content\/uploads\/2024\/10\/image-2-edited-1-1024x576.png 1024w, https:\/\/sosforetfrance.org\/wp-content\/uploads\/2024\/10\/image-2-edited-1-768x432.png 768w, https:\/\/sosforetfrance.org\/wp-content\/uploads\/2024\/10\/image-2-edited-1-1536x863.png 1536w, https:\/\/sosforetfrance.org\/wp-content\/uploads\/2024\/10\/image-2-edited-1-2048x1151.png 2048w, https:\/\/sosforetfrance.org\/wp-content\/uploads\/2024\/10\/image-2-edited-1-1320x742.png 1320w\" sizes=\"auto, (max-width: 2144px) 100vw, 2144px\" \/><\/figure>\n\n\n\n<p class=\"has-small-font-size\">L&rsquo;imposant \u00e9difice art d\u00e9co de la mairie, construit en&nbsp;1936, quand la Creuse foisonnait d&rsquo;artisans lissiers et que le Front populaire acc\u00e9dait au pouvoir, est \u00e0 la hauteur de l&rsquo;\u00e9v\u00e8nement. Devant les marches, la mairesse, trois d\u00e9put\u00e9\u00b7es, deux \u00e9lu\u00b7es du conseil r\u00e9gional expliquent \u00e0 une foule attentive les raisons de leur opposition \u00e0 l&rsquo;installation \u00e0 Gu\u00e9ret d&rsquo;une usine du fabricant de granul\u00e9s bois Biosyl, \u00e0 l&rsquo;extension de la scierie Farges \u00e0 \u00c9gletons et \u00e0 tous les projets de m\u00e9ga usines \u00e0 bois en France.<\/p>\n\n\n\n<p class=\"has-small-font-size\">De gauche \u00e0 droite : Mathilde Panot, pr\u00e9sidente du groupe LFI \u00e0 l&rsquo;Assembl\u00e9e nationale, B\u00e9ranger Cernon, d\u00e9put\u00e9 LFI en charge du dossier for\u00eats pour le groupe, Catherine Couturier, ancienne d\u00e9put\u00e9e de la Creuse et autrice de la proposition de loi transpartisane sur les for\u00eats, Marie Toussaint d\u00e9put\u00e9e europ\u00e9enne Les \u00c9cologistes, Marie-Fran\u00e7oise Fournier, mairesse de Gu\u00e9ret, Jean-Louis Pag\u00e8s et Amandine Dewaele, \u00e9lu\u00b7es du Conseil r\u00e9gional de Nouvelle-Aquitaine.<\/p>\n\n\n\n<p>La prochaine \u00e9tape se d\u00e9roule \u00e0 l&rsquo;Assembl\u00e9e nationale o\u00f9, apr\u00e8s les d\u00e9clarations de Michel Barnier qui entend continuer \u00e0 d\u00e9velopper les carburants issus de la biomasse foresti\u00e8re, doit \u00eatre pr\u00e9sent\u00e9 un projet de loi de finances pour 2025 \u00e0 rebours des revendications des militant\u00b7es \u00e9cologistes : restrictions de moyens pour le service public de la for\u00eat et poursuite de la politique de renouvellement forestier, bas\u00e9e sur l&rsquo;encouragement aux plantations, malgr\u00e9 <a href=\"https:\/\/www.canopee.ong\/le-media\/analyses\/plan-de-renouvellement\/\" target=\"_blank\" rel=\"noreferrer noopener\">la d\u00e9monstration par Canop\u00e9e<\/a> qu&rsquo;elles entra\u00eenent la multiplication des coupes rases.<\/p>\n","protected":false},"excerpt":{"rendered":"<p>Dans le deuxi\u00e8me d\u00e9partement le moins peupl\u00e9 de France, une manifestation contre les m\u00e9ga usines \u00e0 bois a r\u00e9uni samedi 5 octobre \u00e0 Gu\u00e9ret plus de 3&nbsp;000&nbsp;personnes venues dire leur [&hellip;]<\/p>\n","protected":false},"author":10,"featured_media":8726,"comment_status":"closed","ping_status":"closed","sticky":false,"template":"","format":"standard","meta":{"_acf_changed":false,"_gspb_post_css":"","_uag_custom_page_level_css":"","_EventAllDay":false,"_EventTimezone":"","_EventStartDate":"","_EventEndDate":"","_EventStartDateUTC":"","_EventEndDateUTC":"","_EventShowMap":false,"_EventShowMapLink":false,"_EventURL":"","_EventCost":"","_EventCostDescription":"","_EventCurrencySymbol":"","_EventCurrencyCode":"","_EventCurrencyPosition":"","_EventDateTimeSeparator":"","_EventTimeRangeSeparator":"","_EventOrganizerID":[],"_EventVenueID":[],"_OrganizerEmail":"","_OrganizerPhone":"","_OrganizerWebsite":"","_VenueAddress":"","_VenueCity":"","_VenueCountry":"","_VenueProvince":"","_VenueState":"","_VenueZip":"","_VenuePhone":"","_VenueURL":"","_VenueStateProvince":"","_VenueLat":"","_VenueLng":"","_VenueShowMap":false,"_VenueShowMapLink":false,"footnotes":""},"categories":[3],"tags":[79,86,83,146],"class_list":["post-8714","post","type-post","status-publish","format-standard","has-post-thumbnail","hentry","category-manifestations","tag-biosyl","tag-creuse","tag-farges","tag-mega-usines-a-bois"],"mb":[],"acf":[],"uagb_featured_image_src":{"full":["https:\/\/sosforetfrance.org\/wp-content\/uploads\/2024\/10\/manifestation-pour-des-forets-vivantes-Gueret-1-scaled.jpg",2560,1152,false],"thumbnail":["https:\/\/sosforetfrance.org\/wp-content\/uploads\/2024\/10\/manifestation-pour-des-forets-vivantes-Gueret-1-150x150.jpg",150,150,true],"medium":["https:\/\/sosforetfrance.org\/wp-content\/uploads\/2024\/10\/manifestation-pour-des-forets-vivantes-Gueret-1-300x135.jpg",300,135,true],"medium_large":["https:\/\/sosforetfrance.org\/wp-content\/uploads\/2024\/10\/manifestation-pour-des-forets-vivantes-Gueret-1-768x346.jpg",768,346,true],"large":["https:\/\/sosforetfrance.org\/wp-content\/uploads\/2024\/10\/manifestation-pour-des-forets-vivantes-Gueret-1-1024x461.jpg",1024,461,true],"1536x1536":["https:\/\/sosforetfrance.org\/wp-content\/uploads\/2024\/10\/manifestation-pour-des-forets-vivantes-Gueret-1-1536x691.jpg",1536,691,true],"2048x2048":["https:\/\/sosforetfrance.org\/wp-content\/uploads\/2024\/10\/manifestation-pour-des-forets-vivantes-Gueret-1-2048x922.jpg",2048,922,true],"mailpoet_newsletter_max":["https:\/\/sosforetfrance.org\/wp-content\/uploads\/2024\/10\/manifestation-pour-des-forets-vivantes-Gueret-1-1320x594.jpg",1320,594,true]},"uagb_author_info":{"display_name":"Marie-Anne Guillemain","author_link":"https:\/\/sosforetfrance.org\/author\/mag\/"},"uagb_comment_info":0,"uagb_excerpt":"Dans le deuxi\u00e8me d\u00e9partement le moins peupl\u00e9 de France, une manifestation contre les m\u00e9ga usines \u00e0 bois a r\u00e9uni samedi 5 octobre \u00e0 Gu\u00e9ret plus de 3&nbsp;000&nbsp;personnes venues dire leur [&hellip;]","mfb_rest_fields":["title","uagb_featured_image_src","uagb_author_info","uagb_comment_info","uagb_excerpt"],"_links":{"self":[{"href":"https:\/\/sosforetfrance.org\/index.php\/wp-json\/wp\/v2\/posts\/8714","targetHints":{"allow":["GET"]}}],"collection":[{"href":"https:\/\/sosforetfrance.org\/index.php\/wp-json\/wp\/v2\/posts"}],"about":[{"href":"https:\/\/sosforetfrance.org\/index.php\/wp-json\/wp\/v2\/types\/post"}],"author":[{"embeddable":true,"href":"https:\/\/sosforetfrance.org\/index.php\/wp-json\/wp\/v2\/users\/10"}],"replies":[{"embeddable":true,"href":"https:\/\/sosforetfrance.org\/index.php\/wp-json\/wp\/v2\/comments?post=8714"}],"version-history":[{"count":1,"href":"https:\/\/sosforetfrance.org\/index.php\/wp-json\/wp\/v2\/posts\/8714\/revisions"}],"predecessor-version":[{"id":11316,"href":"https:\/\/sosforetfrance.org\/index.php\/wp-json\/wp\/v2\/posts\/8714\/revisions\/11316"}],"wp:featuredmedia":[{"embeddable":true,"href":"https:\/\/sosforetfrance.org\/index.php\/wp-json\/wp\/v2\/media\/8726"}],"wp:attachment":[{"href":"https:\/\/sosforetfrance.org\/index.php\/wp-json\/wp\/v2\/media?parent=8714"}],"wp:term":[{"taxonomy":"category","embeddable":true,"href":"https:\/\/sosforetfrance.org\/index.php\/wp-json\/wp\/v2\/categories?post=8714"},{"taxonomy":"post_tag","embeddable":true,"href":"https:\/\/sosforetfrance.org\/index.php\/wp-json\/wp\/v2\/tags?post=8714"}],"curies":[{"name":"wp","href":"https:\/\/api.w.org\/{rel}","templated":true}]}}