{"id":9312,"date":"2025-03-15T13:56:52","date_gmt":"2025-03-15T12:56:52","guid":{"rendered":"https:\/\/sosforetfrance.org\/?p=9312"},"modified":"2025-04-11T11:18:24","modified_gmt":"2025-04-11T09:18:24","slug":"une-victoire-ecosyndicale-contre-les-centrales-biomasse","status":"publish","type":"post","link":"https:\/\/sosforetfrance.org\/index.php\/2025\/03\/15\/une-victoire-ecosyndicale-contre-les-centrales-biomasse\/","title":{"rendered":"Une victoire \u00e9cosyndicale contre les centrales biomasse"},"content":{"rendered":"\n<h4 class=\"wp-block-heading\" id=\"l-usine-nestle-purina-de-veauche-loire-qui-voulait-installer-une-centrale-biomasse-pour-secher-les-aliments-pour-animaux-qu-elle-produit-a-renonce-a-ce-projet-a-l-issue-d-un-long-combat-mene-par-les-salarie-es-qui-denoncaient-ce-systeme-destructeur-de-la-biodiversite-et-des-ecosystemes-une-solution-bien-plus-ecologique-basee-sur-les-economies-d-energie-et-une-pompe-a-chaleur-devrait-etre-mise-en-place\">L&rsquo;usine Nestl\u00e9 Purina de Veauche (Loire), qui voulait installer une centrale biomasse pour s\u00e9cher les aliments pour animaux qu&rsquo;elle produit, a renonc\u00e9 \u00e0 ce projet \u00e0 l&rsquo;issue d&rsquo;un long combat men\u00e9 par les salari\u00e9\u00b7es qui d\u00e9non\u00e7aient ce syst\u00e8me \u00ab\u00a0destructeur de la biodiversit\u00e9 et des \u00e9cosyst\u00e8mes\u00a0\u00bb. Une solution bien plus \u00e9cologique, bas\u00e9e sur les \u00e9conomies d&rsquo;\u00e9nergie et une pompe \u00e0 chaleur, devrait \u00eatre mise en place.<\/h4>\n\n\n\n<p class=\"has-drop-cap\">Il y a des courriers qui font plaisir. Par exemple celui que Jean-Luc Debard, pr\u00e9sident de l&rsquo;association Convergence \u00c9cologique du Pays de Gardanne (CEPG), a re\u00e7u des salari\u00e9\u00b7es de Nestl\u00e9 Purina de Veauche, lui annon\u00e7ant l&rsquo;abandon d&rsquo;un projet de centrale biomasse. Avertis de la victoire remport\u00e9e contre l&rsquo;usine de Gardanne<sup class=\"modern-footnotes-footnote \" data-mfn=\"1\" data-mfn-post-scope=\"00000000000043ce0000000000000000_9312\"><a href=\"javascript:void(0)\"  role=\"button\" aria-pressed=\"false\" aria-describedby=\"mfn-content-00000000000043ce0000000000000000_9312-1\">1<\/a><\/sup><span id=\"mfn-content-00000000000043ce0000000000000000_9312-1\" role=\"tooltip\" class=\"modern-footnotes-footnote__note\" tabindex=\"0\" data-mfn=\"1\">L&rsquo;association Convergence \u00c9cologique du Pays de Gardanne (CEPG), membre de SOS For\u00eat France, lutte depuis l&rsquo;annonce du projet de Gardanne contre cette centrale \u00e9cocidaire et, avec une dizaine d&rsquo;autres association, avait contest\u00e9 devant la justice les autorisations accord\u00e9es \u00e0 l&rsquo;exploitant. Le 27&nbsp;mars 2023, <a href=\"https:\/\/sosforetfrance.org\/index.php\/ressource\/arret-du-conseil-detat-validant-lannulation-de-lautorisation-dexploiter-de-la-centrale-biomasse-de-gardanne\/\" target=\"_blank\" rel=\"noreferrer noopener\">le Conseil d\u2019\u00c9tat a valid\u00e9<\/a> l\u2019annulation de l\u2019autorisation&nbsp;d\u2019exploiter de la centrale biomasse de Gardanne, dans les Bouches-du-Rh\u00f4ne, qui avait \u00e9t\u00e9 prononc\u00e9e par le tribunal administratif de Marseille le 8 juin 2017. Pour annuler cette autorisation d\u2019exploiter, le Conseil d&rsquo;\u00c9tat a relev\u00e9 que l\u2019\u00e9tude d\u2019impact n\u2019avait pas analys\u00e9 les effets sur l\u2019environnement de son plan d\u2019approvisionnement en bois.<\/span>, ces salari\u00e9\u00b7es lui avaient demand\u00e9 conseil. <\/p>\n\n\n\n<figure class=\"wp-block-image alignleft size-large is-resized\"><img loading=\"lazy\" decoding=\"async\" width=\"1024\" height=\"678\" src=\"https:\/\/sosforetfrance.org\/wp-content\/uploads\/2024\/11\/carte-Veauche-1-1024x678.webp\" alt=\"\" class=\"wp-image-9365\" style=\"width:310px;height:auto\" srcset=\"https:\/\/sosforetfrance.org\/wp-content\/uploads\/2024\/11\/carte-Veauche-1-1024x678.webp 1024w, https:\/\/sosforetfrance.org\/wp-content\/uploads\/2024\/11\/carte-Veauche-1-300x199.webp 300w, https:\/\/sosforetfrance.org\/wp-content\/uploads\/2024\/11\/carte-Veauche-1-768x508.webp 768w, https:\/\/sosforetfrance.org\/wp-content\/uploads\/2024\/11\/carte-Veauche-1-1536x1016.webp 1536w, https:\/\/sosforetfrance.org\/wp-content\/uploads\/2024\/11\/carte-Veauche-1-1320x873.webp 1320w, https:\/\/sosforetfrance.org\/wp-content\/uploads\/2024\/11\/carte-Veauche-1.webp 1800w\" sizes=\"auto, (max-width: 1024px) 100vw, 1024px\" \/><\/figure>\n\n\n\n<p>Pour s\u00e9cher sa production d\u2019aliments pour animaux de compagnie, la direction de l\u2019usine Purina Nestl\u00e9 de Veauche avait en effet pr\u00e9vu de remplacer sa centrale \u00e0 gaz par une centrale \u00e0 biomasse. Ce projet s&rsquo;inscrivait dans la \u00ab\u00a0feuille de route Net 0\u00a0\u00bb du groupe pour z\u00e9ro \u00e9missions nettes de gaz \u00e0 effet de serre d&rsquo;ici 2050.<\/p>\n\n\n\n<p>S&rsquo;il permettait de cesser l&rsquo;utilisation d&rsquo;\u00e9nergie fossile, ce projet n\u2019\u00e9tait \u00e9videmment pas neutre en carbone (le bois, <em>c&rsquo;est<\/em> du carbone) et il \u00e9tait, selon Fr\u00e9d\u00e9ric Madelon, qui a men\u00e9 la lutte, \u00ab\u00a0destructeur de la biodiversit\u00e9 et des \u00e9cosyst\u00e8mes, uniquement bas\u00e9 sur le postulat de cycle de vie de la for\u00eat \u00e0 50 ans qui ne peut pas r\u00e9pondre \u00e0 l\u2019enjeu imm\u00e9diat de stopper nos \u00e9missions CO2\u00a0\u00bb.<\/p>\n\n\n\n<h3 class=\"wp-block-heading\" id=\"action-militante\">Action militante<\/h3>\n\n\n\n<p>Une premi\u00e8re action sous la forme d\u2019une p\u00e9tition contre ce projet a recueilli 90&nbsp;% des signatures au sein des salari\u00e9\u00b7es. \u00ab\u00a0Nous voulions faire entendre notre voix de mani\u00e8re l\u00e9gitime et avons d\u00e9cid\u00e9 de monter une antenne syndicale port\u00e9e sur le combat \u00e9cologique. Le calendrier \u00e9lectoral favorable nous a permis de constituer une liste <a href=\"https:\/\/www.printemps-ecologique.fr\/\" target=\"_blank\" rel=\"noreferrer noopener\">Printemps \u00e9cologique<\/a>&nbsp;et aussi de recueillir une excellente repr\u00e9sentativit\u00e9 \u00e0 l\u2019issue des \u00e9lections pour continuer notre travail\u00a0\u00bb.<\/p>\n\n\n\n<p>Grace \u00e0 l\u2019action continue de ces \u00e9lus et d&rsquo;autres organisations syndicales du site, les salari\u00e9\u00b7es ont pu mener une s\u00e9rie de discussion et d\u2019actions, \u00ab\u00a0toujours dans le dialogue\u00a0\u00bb, vis-\u00e0-vis des d\u00e9cideurs du groupe Nestl\u00e9.<\/p>\n\n\n\n<h3 class=\"wp-block-heading\" id=\"travail-d-investigation\">Travail d\u2019investigation<\/h3>\n\n\n\n<p>Une information consultation, confi\u00e9e au cabinet Carbone 4, a permis de mettre en \u00e9vidence les faiblesses du projet. La pr\u00e9sentation du rapport a conduit les dirigeants nationaux de Nestl\u00e9 \u00e0 amorcer le virage de la r\u00e9flexion.<\/p>\n\n\n\n<h3 class=\"wp-block-heading\" id=\"elaboration-d-un-plan-de-substitution\">\u00c9laboration d\u2019un plan de substitution<\/h3>\n\n\n\n<p>L&rsquo;exemplarit\u00e9 de l&rsquo;action des salari\u00e9\u00b7es r\u00e9side aussi dans leur d\u00e9marche pour trouver des solutions alternatives. Une semaine compl\u00e8te de r\u00e9flexion sur le site a \u00e9t\u00e9 consacr\u00e9e \u00e0 la recherche de solutions de r\u00e9duction des consommations d\u2019\u00e9nergies et d&rsquo;optimisation des process de production.<\/p>\n\n\n\n<p>\u00c0 l\u2019issue de cette semaine, les salari\u00e9\u00b7es ont pu pr\u00e9senter plusieurs avant-projets bas\u00e9s sur des optimisations \u00e9nerg\u00e9tiques et l\u2019utilisation de pompes \u00e0 chaleur pour g\u00e9n\u00e9rer la vapeur de mani\u00e8re d\u00e9carbon\u00e9e. Ils esp\u00e8rent ainsi r\u00e9duire significativement les besoins, ce qui rend encore plus caduque la solution bois \u00e9nergie.<\/p>\n\n\n\n<p>Le plus difficile, explique Fr\u00e9d\u00e9ric Madelon, reste \u00e0 venir&nbsp;: \u00ab\u00a0concr\u00e9tiser nos projets avec un financement responsable pour prouver que nous avions raison de nous mobiliser\u00a0\u00bb. <\/p>\n\n\n\n<p>Les salari\u00e9\u00b7es sont confiant\u00b7es : \u00ab\u00a0On devrait ainsi diviser par trois notre besoin d\u2019\u00e9nergie et vraiment arriver gr\u00e2ce \u00e0 une \u00e9lectricit\u00e9 d\u00e9carbon\u00e9e \u00e0 faire tourner notre usine sans br\u00fbler de combustible (fossile&nbsp;ou bois)\u00a0\u00bb et, comme le r\u00e9sume Fr\u00e9d\u00e9ric Madelon : \u00ab\u00a0Le chant des oiseaux que j\u2019entends en ce moment depuis mon poste de travail suffit \u00e0 lui seul \u00e0 me convaincre de l\u2019utilit\u00e9 de cette action\u00a0\u00bb.<\/p>\n","protected":false},"excerpt":{"rendered":"<p>L&rsquo;usine Nestl\u00e9 Purina de Veauche (Loire), qui voulait installer une centrale biomasse pour s\u00e9cher les aliments pour animaux qu&rsquo;elle produit, a renonc\u00e9 \u00e0 ce projet \u00e0 l&rsquo;issue d&rsquo;un long combat [&hellip;]<\/p>\n","protected":false},"author":15,"featured_media":12069,"comment_status":"closed","ping_status":"closed","sticky":false,"template":"","format":"standard","meta":{"_acf_changed":false,"_gspb_post_css":"","_uag_custom_page_level_css":"","_EventAllDay":false,"_EventTimezone":"","_EventStartDate":"","_EventEndDate":"","_EventStartDateUTC":"","_EventEndDateUTC":"","_EventShowMap":false,"_EventShowMapLink":false,"_EventURL":"","_EventCost":"","_EventCostDescription":"","_EventCurrencySymbol":"","_EventCurrencyCode":"","_EventCurrencyPosition":"","_EventDateTimeSeparator":"","_EventTimeRangeSeparator":"","_EventOrganizerID":[],"_EventVenueID":[],"_OrganizerEmail":"","_OrganizerPhone":"","_OrganizerWebsite":"","_VenueAddress":"","_VenueCity":"","_VenueCountry":"","_VenueProvince":"","_VenueState":"","_VenueZip":"","_VenuePhone":"","_VenueURL":"","_VenueStateProvince":"","_VenueLat":"","_VenueLng":"","_VenueShowMap":false,"_VenueShowMapLink":false,"footnotes":""},"categories":[144,211,99,248],"tags":[107,101,189,191,192],"class_list":["post-9312","post","type-post","status-publish","format-standard","has-post-thumbnail","hentry","category-actus","category-actions","category-communiques","category-entete","tag-biomasse","tag-bois-energie","tag-cepg","tag-jean-luc-debard","tag-veauche"],"mb":[],"acf":[],"uagb_featured_image_src":{"full":["https:\/\/sosforetfrance.org\/wp-content\/uploads\/2025\/04\/Nestle-Purina-Veauche.jpeg",1280,720,false],"thumbnail":["https:\/\/sosforetfrance.org\/wp-content\/uploads\/2025\/04\/Nestle-Purina-Veauche-150x150.jpeg",150,150,true],"medium":["https:\/\/sosforetfrance.org\/wp-content\/uploads\/2025\/04\/Nestle-Purina-Veauche-300x169.jpeg",300,169,true],"medium_large":["https:\/\/sosforetfrance.org\/wp-content\/uploads\/2025\/04\/Nestle-Purina-Veauche-768x432.jpeg",768,432,true],"large":["https:\/\/sosforetfrance.org\/wp-content\/uploads\/2025\/04\/Nestle-Purina-Veauche-1024x576.jpeg",1024,576,true],"1536x1536":["https:\/\/sosforetfrance.org\/wp-content\/uploads\/2025\/04\/Nestle-Purina-Veauche.jpeg",1280,720,false],"2048x2048":["https:\/\/sosforetfrance.org\/wp-content\/uploads\/2025\/04\/Nestle-Purina-Veauche.jpeg",1280,720,false],"mailpoet_newsletter_max":["https:\/\/sosforetfrance.org\/wp-content\/uploads\/2025\/04\/Nestle-Purina-Veauche.jpeg",1280,720,false]},"uagb_author_info":{"display_name":"SOS Foret France","author_link":"https:\/\/sosforetfrance.org\/author\/sos-foret-france\/"},"uagb_comment_info":0,"uagb_excerpt":"L&rsquo;usine Nestl\u00e9 Purina de Veauche (Loire), qui voulait installer une centrale biomasse pour s\u00e9cher les aliments pour animaux qu&rsquo;elle produit, a renonc\u00e9 \u00e0 ce projet \u00e0 l&rsquo;issue d&rsquo;un long combat [&hellip;]","mfb_rest_fields":["title","uagb_featured_image_src","uagb_author_info","uagb_comment_info","uagb_excerpt"],"_links":{"self":[{"href":"https:\/\/sosforetfrance.org\/index.php\/wp-json\/wp\/v2\/posts\/9312","targetHints":{"allow":["GET"]}}],"collection":[{"href":"https:\/\/sosforetfrance.org\/index.php\/wp-json\/wp\/v2\/posts"}],"about":[{"href":"https:\/\/sosforetfrance.org\/index.php\/wp-json\/wp\/v2\/types\/post"}],"author":[{"embeddable":true,"href":"https:\/\/sosforetfrance.org\/index.php\/wp-json\/wp\/v2\/users\/15"}],"replies":[{"embeddable":true,"href":"https:\/\/sosforetfrance.org\/index.php\/wp-json\/wp\/v2\/comments?post=9312"}],"version-history":[{"count":1,"href":"https:\/\/sosforetfrance.org\/index.php\/wp-json\/wp\/v2\/posts\/9312\/revisions"}],"predecessor-version":[{"id":11973,"href":"https:\/\/sosforetfrance.org\/index.php\/wp-json\/wp\/v2\/posts\/9312\/revisions\/11973"}],"wp:featuredmedia":[{"embeddable":true,"href":"https:\/\/sosforetfrance.org\/index.php\/wp-json\/wp\/v2\/media\/12069"}],"wp:attachment":[{"href":"https:\/\/sosforetfrance.org\/index.php\/wp-json\/wp\/v2\/media?parent=9312"}],"wp:term":[{"taxonomy":"category","embeddable":true,"href":"https:\/\/sosforetfrance.org\/index.php\/wp-json\/wp\/v2\/categories?post=9312"},{"taxonomy":"post_tag","embeddable":true,"href":"https:\/\/sosforetfrance.org\/index.php\/wp-json\/wp\/v2\/tags?post=9312"}],"curies":[{"name":"wp","href":"https:\/\/api.w.org\/{rel}","templated":true}]}}