{"id":9620,"date":"2024-12-12T14:25:00","date_gmt":"2024-12-12T13:25:00","guid":{"rendered":"https:\/\/sosforetfrance.org\/?p=9620"},"modified":"2024-12-13T11:19:30","modified_gmt":"2024-12-13T10:19:30","slug":"non-a-lusine-a-granules-de-salins-les-bains","status":"publish","type":"post","link":"https:\/\/sosforetfrance.org\/index.php\/2024\/12\/12\/non-a-lusine-a-granules-de-salins-les-bains\/","title":{"rendered":"Non \u00e0 l&rsquo;usine \u00e0 granul\u00e9s de Salins-les-Bains !"},"content":{"rendered":"\n<h3 class=\"wp-block-heading\">Salins-les-Bains, 2&nbsp;500&nbsp;habitants, ses paysages remarquables, son fort class\u00e9 au patrimoine mondial de l&rsquo;Unesco, sa for\u00eat&#8230; sauf si le projet de m\u00e9ga-usine \u00e0 pellets (encore un&nbsp;!) aboutit&nbsp;: plus de 8&nbsp;hectares, 110&nbsp;000&nbsp;tonnes par an. SOS&nbsp;For\u00eat a r\u00e9pondu \u00e0 la consultation publique.<\/h3>\n\n\n\n<figure class=\"wp-block-image alignleft size-full is-resized\"><img loading=\"lazy\" decoding=\"async\" width=\"677\" height=\"580\" src=\"https:\/\/sosforetfrance.org\/wp-content\/uploads\/2024\/12\/image.png\" alt=\"\" class=\"wp-image-9628\" style=\"width:165px;height:auto\" srcset=\"https:\/\/sosforetfrance.org\/wp-content\/uploads\/2024\/12\/image.png 677w, https:\/\/sosforetfrance.org\/wp-content\/uploads\/2024\/12\/image-300x257.png 300w\" sizes=\"auto, (max-width: 677px) 100vw, 677px\" \/><\/figure>\n\n\n\n<p class=\"has-drop-cap\">La consultation publique s&rsquo;est achev\u00e9e ce 11 d\u00e9cembre. Sur le site de la pr\u00e9fecture du Jura, une liste interminable d&rsquo;avis sur le projet d&rsquo;installation d&rsquo;une \u00ab\u00a0unit\u00e9 de granulation \u00e0 Salins-les-Bains\u00a0\u00bb. Comprenez : une \u00e9ni\u00e8me usine \u00e0 hacher menu la for\u00eat pour en faire des granul\u00e9s de chauffage. SOS For\u00eat a envoy\u00e9 son avis. C&rsquo;est non ! <\/p>\n\n\n\n<p>Voil\u00e0 le texte que nous avons fait parvenir \u00e0 la pr\u00e9fecture du Jura :<\/p>\n\n\n\n<p>\u00ab\u00a0Un projet a \u00e9t\u00e9 d\u00e9pos\u00e9 par la soci\u00e9t\u00e9 E02. Ce dernier porte sur un dossier de demande d&rsquo;enregistrement relatif \u00e0 la cr\u00e9ation d&rsquo;une nouvelle unit\u00e9 de granulation dans le Jura dans le commune de Salins les bains. <\/p>\n\n\n\n<p>L&rsquo;installation s&rsquo;implantera sur un terrain de 8,3&nbsp;ha dans la zone industrielle des M\u00e9lincols, situ\u00e9e au Nord-Ouest de la commune. L&rsquo;unit\u00e9 transformera des rondins de trituration, feuillus et r\u00e9sineux, en granul\u00e9s de bois. Les granul\u00e9s seront vendus en vrac ou ensach\u00e9s et palettis\u00e9s. La capacit\u00e9 de production de l&rsquo;unit\u00e9 s&rsquo;\u00e9l\u00e8vera \u00e0 110&nbsp;000&nbsp;t de granul\u00e9s par an. Le site comportera :<\/p>\n\n\n\n<figure class=\"wp-block-image alignright size-large is-resized\"><img loading=\"lazy\" decoding=\"async\" width=\"1024\" height=\"867\" src=\"https:\/\/sosforetfrance.org\/wp-content\/uploads\/2024\/12\/image-1-1024x867.png\" alt=\"\" class=\"wp-image-9632\" style=\"width:494px;height:auto\" srcset=\"https:\/\/sosforetfrance.org\/wp-content\/uploads\/2024\/12\/image-1-1024x867.png 1024w, https:\/\/sosforetfrance.org\/wp-content\/uploads\/2024\/12\/image-1-300x254.png 300w, https:\/\/sosforetfrance.org\/wp-content\/uploads\/2024\/12\/image-1-768x650.png 768w, https:\/\/sosforetfrance.org\/wp-content\/uploads\/2024\/12\/image-1-1320x1117.png 1320w, https:\/\/sosforetfrance.org\/wp-content\/uploads\/2024\/12\/image-1.png 1380w\" sizes=\"auto, (max-width: 1024px) 100vw, 1024px\" \/><\/figure>\n\n\n\n<ul class=\"wp-block-list\">\n<li>une plateforme de stockage et de transformation des rondins&nbsp;;<\/li>\n\n\n\n<li>un s\u00e9choir \u00e0 contact direct \u00e9quip\u00e9 d&rsquo;un g\u00e9n\u00e9rateur d&rsquo;air chaud \u00e0 partir de biomasse&nbsp;;<\/li>\n\n\n\n<li>une unit\u00e9 de granulation&nbsp;;<\/li>\n\n\n\n<li>une unit\u00e9 d&rsquo;ensachage et de palettisation&nbsp;;<\/li>\n\n\n\n<li>des zones de stockage des granul\u00e9s.<\/li>\n<\/ul>\n\n\n\n<p><strong>SOS For\u00eat France souhaite apporter une contribution d\u00e9favorable \u00e0 l\u2019implantation de cette unit\u00e9 de granulation, et ce pour diverses raisons dont voici un r\u00e9sum\u00e9 :<\/strong><\/p>\n\n\n\n<p><strong>Des impacts sociaux cons\u00e9quents<\/strong><\/p>\n\n\n\n<p><strong>a<\/strong><strong>.<\/strong> Emploi<\/p>\n\n\n\n<p><strong>b.<\/strong> Accaparement du terrain<\/p>\n\n\n\n<p><strong>Des massifs forestiers mis en p\u00e9ril<\/strong><\/p>\n\n\n\n<ol start=\"2\" class=\"wp-block-list\">\n<li><\/li>\n<\/ol>\n\n\n\n<p><strong>a. <\/strong>Impact sur la gestion foresti\u00e8re<\/p>\n\n\n\n<p><strong>b. <\/strong>Structuration de fili\u00e8re bois et approvisionnement<\/p>\n\n\n\n<h3 class=\"wp-block-heading\"><strong>Des impacts sociaux cons\u00e9quents<\/strong><\/h3>\n\n\n\n<h4 class=\"wp-block-heading\"><strong>Emploi<\/strong><\/h4>\n\n\n\n<p>La question de l\u2019emploi local est bien souvent consid\u00e9r\u00e9 par les d\u00e9cideurs actuels comme une question centrale. Sur ce projet, une promesse de cr\u00e9ation de 45 emplois est formul\u00e9e. Nous regrettons qu\u2019aucune conditionnalit\u00e9 aux aides publiques ne soit mise en \u0153uvre, afin d\u2019apporter des garanties de cr\u00e9ation d\u2019emploi, actuellement inexistante dans le projet.<\/p>\n\n\n\n<p>De plus, nous nous interrogeons vivement sur la r\u00e9partition de ces emplois. L\u00e0 o\u00f9 une politique publique ambitieuse pourrait permettre de dynamiser les entreprises locales par un plus petit nombre d\u2019embauche r\u00e9parties sur un plus grand nombre d\u2019entreprises, nous observons ici une concentration de l\u2019emploi sur un seul acteur. Cela nous am\u00e8ne \u00e0 nous int\u00e9resser \u00e0 la notion d\u2019accaparement.<\/p>\n\n\n\n<h4 class=\"wp-block-heading\"><strong>Accaparement du terrain<\/strong><\/h4>\n\n\n\n<p>Ce projet met en exergue une surface disponible de 8,3 hectares. La totalit\u00e9 de cette surface sera donc occup\u00e9e par un seul organisme. Nous d\u00e9non\u00e7ons cet accaparement de la surface, et pr\u00e9f\u00e9rons r\u00e9server notre soutien \u00e0 des projets permettant l\u2019implantation d\u2019une multiplicit\u00e9 d\u2019acteurs. La notion de \u00ab&nbsp;redynamisation de l\u2019activit\u00e9 locale&nbsp;\u00bb revient \u00e0 plusieurs reprise dans la pr\u00e9sentation du projet. Nous consid\u00e9rons que le dynamisme d\u2019une activit\u00e9 est favoris\u00e9e par une diversit\u00e9 d\u2019acteurs, et non par une concentration, ce qui est le cas dans ce projet.<\/p>\n\n\n\n<h3 class=\"wp-block-heading\"><strong>Des massifs forestiers en p\u00e9ril<\/strong><\/h3>\n\n\n\n<h4 class=\"wp-block-heading\"><strong>Impact sur la gestion foresti\u00e8re<\/strong><\/h4>\n\n\n\n<p>\u00c0 la lecture du projet, nous apprenons que&nbsp;: \u00ab&nbsp;Les granul\u00e9s de bois seront fabriqu\u00e9s \u00e0 partir de rondins de triturations de r\u00e9sineux et de feuillus issus des for\u00eats du massif jurassien, provenant majoritairement de coupes d&rsquo;\u00e9claircie ou sanitaires ainsi qu\u2019\u00e0 partir de bois destin\u00e9 \u00e0 l\u2018industrie et \u00e0 l\u2019\u00e9nergie en granul\u00e9s de bois. Cela inclut notamment le bois qui ne peut pas \u00eatre utilis\u00e9 par d&rsquo;autres industries, comme celui affect\u00e9 par le scolyte ou endommag\u00e9 par les effets du changement climatique&nbsp;\u00bb.<\/p>\n\n\n\n<p>Cette lecture nous am\u00e8ne a formuler trois remarques&nbsp;:<\/p>\n\n\n\n<p>La premi\u00e8re concerne les produits bois vis\u00e9s par cet industriel dans son process de transformation&nbsp;: les rondins r\u00e9sineux (et feuillus) de trituration. Ce produit bois \u00e9mane directement de l\u2019exploitation foresti\u00e8re. Il s\u2019agit des sur-billes des arbres (partie de l&rsquo;arbre au dessus de la bille de pied), dans lesquelles une production de sciage est peu opportune du fait des dimensions et de la qualit\u00e9 de ces billons. <\/p>\n\n\n\n<div class=\"wp-block-uagb-container uagb-block-ccac50a9 alignfull uagb-is-root-container\"><div class=\"uagb-container-inner-blocks-wrap\">\n<div class=\"wp-block-uagb-container uagb-block-529ea2b8\">\n<h3 class=\"wp-block-heading has-text-align-center has-base-color has-text-color has-background has-link-color wp-elements-016e83e2bd82c54dfc5149dced373e7e\" style=\"background-color:#2f640c\">Pour produire 1\u00a0tonne de pellets, il faut environ 3\u00a0st\u00e8res de bois.<br>L&rsquo;usine consommera donc en bois 2 \u00e0 3 fois ce qu&rsquo;elle produira en pellet.<\/h3>\n<\/div>\n\n\n\n<div class=\"wp-block-uagb-container uagb-block-2c9f8355\">\n<p>Pendant de nombreuses ann\u00e9es, les d\u00e9cideurs ont vant\u00e9 le d\u00e9veloppement de l\u2019industrie du bois \u00e9nergie en mettant en avant le fait que cette industrie apporterait une solution viable pour valoriser certains d\u00e9chets de l\u2019industrie existante&nbsp;: les connexes de scierie. Nous constatons ici le mensonge de ces beaux discours, puisque ce projet souhaite s\u2019approvisionner sur le m\u00eame produit que des transformateurs de bois de calage, de panneaux de particules, ou encore de p\u00e2te \u00e0 papier. La pression sur le produit bois de trituration va donc encore augmenter, et derri\u00e8re elle, la pression sur la r\u00e9colte de bois en for\u00eat. Nous pr\u00f4nons ici le respect de la hi\u00e9rarchie des usages.<\/p>\n<\/div>\n<\/div><\/div>\n\n\n\n<h4 class=\"wp-block-heading\"><strong>Pas de bois \u00e9nergie dans le bois d\u2019industrie&nbsp;!<\/strong><\/h4>\n\n\n\n<p>Cette r\u00e9colte est pr\u00e9cis\u00e9e comme provenant de coupes d\u2019\u00e9claircies, ou sanitaires. Nous constatons qu\u2019aucune garantie sur ce type d\u2019approvisionnement n\u2019est formul\u00e9e dans le projet. En effet, nous ne r\u00e9sistons pas \u00e0 faire le lien avec le contexte europ\u00e9en actuel. Les lobbyistes de l\u2019industrie foresti\u00e8re viennent d\u2019emp\u00eacher la mise en application d\u2019un r\u00e8glement sur la d\u00e9forestation import\u00e9e (RDUE). Ce r\u00e8glement visait \u00e9galement \u00e0 r\u00e9glementer la commercialisation de bois provenant de for\u00eats d\u00e9grad\u00e9es, par des coupes rases par exemple. <\/p>\n\n\n\n<div class=\"wp-block-uagb-container uagb-block-4953e63f alignfull uagb-is-root-container\"><div class=\"uagb-container-inner-blocks-wrap\">\n<div class=\"wp-block-uagb-container uagb-block-43cd5da1\">\n<p>Ce projet, qui nous promet un approvisionnement vertueux en mati\u00e8re de coupe de bois, ne sera donc soumis \u00e0 aucune contrainte pour faire respecter cette belle promesse. Il est temps que les industriels pr\u00e9sentent des garanties s\u00e9rieuses sur la provenance de leur produits bois, car nous ne souhaitons pas d\u00e9fendre un projet industriel qui cautionnerait la pratique des coupes rases. Rappelons ici qu\u2019un r\u00e9cent rapport gouvernemental d\u2019environ 800 pages d\u00e9montre point par point les nombreux impacts n\u00e9fastes de la pratique de la coupe rase.<\/p>\n<\/div>\n\n\n\n<div class=\"wp-block-uagb-container uagb-block-7cd13d2b\">\n<h3 class=\"wp-block-heading has-text-align-center has-base-color has-text-color has-background has-link-color wp-elements-c0a9a177539df29516699ffe13620132\" style=\"background-color:#2f640c\">Aucune garantie s\u00e9rieuse sur la provenance du bois.<\/h3>\n<\/div>\n<\/div><\/div>\n\n\n\n<p>Enfin, puisque nous \u00e9voquons le sujet des coupes rases, nous souhaitons ici faire un focus sur la question des coupes sanitaires, et notamment des bois \u00ab&nbsp; affect\u00e9s par le scolyte ou endommag\u00e9s par les effets du changement climatique&nbsp;\u00bb.<em> <\/em>La politique foresti\u00e8re du gouvernement actuel voudrait nous faire croire que ces fameux bois sont inutiles, car d\u00e9pr\u00e9ci\u00e9s, ou morts. Inutile pour l\u2019\u00eatre humain&nbsp;? S\u00fbrement pas. Inutile pour \u00e9cosyst\u00e8me forestier&nbsp;? Encore moins. Inutile pour un industriel du bois \u00e9nergie&nbsp;? Probablement&nbsp;! Ces bois ont certes perdu leur capacit\u00e9 technologique, mais ils ne sont pas moins utiles. En retournant au sol, ils constituent une protection physique contre l\u2019ass\u00e8chement de l\u2019humus et de la banque de graine qui s\u2019y trouve. Ces bois morts emp\u00eachent \u00e9galement le rejet du carbone stock\u00e9 dans le sol. Enfin, cette mati\u00e8re organique permet de redynamiser la r\u00e9g\u00e9n\u00e9ration en aggradant la fertilit\u00e9 carbon\u00e9 du sol. La coupe sanitaire n\u2019est donc pas la seule et unique solution du propri\u00e9taire face aux d\u00e9gradation des changements globaux actuels.<\/p>\n\n\n\n<p>Plus loin, nous lisons&nbsp;: \u00ab&nbsp;Cela permettra de cr\u00e9er un nouveau d\u00e9bouch\u00e9 pour un bois non-valoris\u00e9 localement et p\u00e9rissable, ainsi que de valoriser l\u2019entretien forestier et encourager le renouvellement du peuplement la for\u00eat.&nbsp;\u00bb<\/p>\n\n\n\n<div class=\"wp-block-uagb-container uagb-block-c82a5eea alignfull uagb-is-root-container\"><div class=\"uagb-container-inner-blocks-wrap\">\n<div class=\"wp-block-uagb-container uagb-block-0b4fe32d\">\n<h3 class=\"wp-block-heading has-text-align-center has-base-color has-text-color has-background has-link-color wp-elements-1b8cb31c2e7d03f6e4dece6499726aa6\" style=\"background-color:#2f640c\">Nous revendiquons des pratiques sylvicoles plus douces pour un couvert forestier p\u00e9renne \u00e0 travers le temps.<\/h3>\n<\/div>\n\n\n\n<div class=\"wp-block-uagb-container uagb-block-b75588ae\">\n<p>Nous l\u2019avions craint, c\u2019est d\u00e9sormais une certitude. Comment encourager le renouvellement de la for\u00eat en ne faisant que des coupes d\u2019\u00e9claircies&nbsp;? Cela n\u2019est pas possible. Le principe d\u2019\u00e9claircie s\u2019int\u00e8gre totalement dans une d\u00e9marche d\u2019am\u00e9lioration des peuplements. Tandis que le renouvellement sous entend le retrait, plus ou moins progressif, des arbres matures dans un but de rajeunissement des peuplements. Notre association nationale \u00e9tant constitu\u00e9e notamment de professionnels de la for\u00eat et du bois, nous n\u2019avons pas manqu\u00e9 de relev\u00e9 cette incoh\u00e9rence, qui semble r\u00e9v\u00e9ler les v\u00e9ritables intentions de ce projet.<\/p>\n<\/div>\n<\/div><\/div>\n\n\n\n<p>Nous revendiquons des pratiques sylvicoles plus douces, qui puissent permettre au couvert forestier d\u2019\u00eatre p\u00e9renne \u00e0 travers le temps. Ces pratiques sont compatibles avec une fili\u00e8re bois locale et dimensionn\u00e9e \u00e0 la ressource, et \u00e0 ces \u00e9volutions. Un tel projet risque de favoriser les pratiques foresti\u00e8res brutales comme les coupes rases, ou les coupes fortes.<\/p>\n\n\n\n<h4 class=\"wp-block-heading\"><strong>Structuration de fili\u00e8re bois et approvisionnement<\/strong><\/h4>\n\n\n\n<p>La fili\u00e8re bois locale (dans un rayon de 30&nbsp;km autour de Salins-Les-Bains) dispose d\u00e9j\u00e0 de quatre unit\u00e9s de transformation du bois, qui, a elles seules, mobilisent d\u00e9j\u00e0 pr\u00e8s de 400&nbsp;000&nbsp;tonnes de bois par an. Ce projet expose un besoin en bois d\u2019environ 110&nbsp;000&nbsp;tonnes de bois, qui viendraient donc s\u2019ajouter aux quatre unit\u00e9s d\u00e9j\u00e0 pr\u00e9sentes. Notre inqui\u00e9tude est immense face \u00e0 la demande de r\u00e9colte croissante qui p\u00e8se alors sur la for\u00eat jurassienne. En effet, de nombreuses surfaces foresti\u00e8res ont d\u00e9j\u00e0 \u00e9t\u00e9 ras\u00e9es. Ces surfaces ne seront \u00e0 nouveaux g\u00e9n\u00e9ratrices de bois que dans 40 \u00e0 50&nbsp;ans selon les essences r\u00e9g\u00e9n\u00e9r\u00e9es.<\/p>\n\n\n\n<p>De plus, les changements globaux actuels ont des effets importants sur la croissance des bois. Ainsi, l\u2019accroissement qu\u2019a connu nos for\u00eat jusqu\u2019\u00e0 ce jour doit \u00eatre relativis\u00e9, et la production qui en d\u00e9coule doit \u00eatre revue \u00e0 la baisse. L\u2019implantation d\u2019une structure ayant des besoins aussi \u00e9lev\u00e9s nous semble en inad\u00e9quation avec l\u2019avenir de la for\u00eat jurassienne sauf, \u00e0 aller vers une industrialisation des \u00e9cosyst\u00e8mes forestiers. Ce que nous combattons avec d\u00e9termination.<\/p>\n\n\n\n<div class=\"wp-block-uagb-separator uagb-block-6c49c1db\"><div class=\"wp-block-uagb-separator__inner\" style=\"--my-background-image:\"><\/div><\/div>\n\n\n\n<h4 class=\"wp-block-heading\"><strong>Sources<\/strong><\/h4>\n\n\n\n<p class=\"has-small-font-size\"><strong><a href=\"https:\/\/reseauactionclimat.org\/synthese-du-rapport-du-giec-lurgence-climatique-est-la-les-solutions-aussi\" target=\"_blank\" rel=\"noopener\">Synth\u00e8se du 6e rapport du GIEC : l\u2019urgence climatique est l\u00e0, les solutions aussi &#8211; R\u00e9seau Action Climat<\/a><\/strong><\/p>\n\n\n\n<p class=\"has-small-font-size\"><strong><a href=\"https:\/\/www.academie-sciences.fr\/pdf\/rapport\/rapport_forets_v2_LD.pdf\" target=\"_blank\" rel=\"noreferrer noopener\">Rapport de l\u2019Acad\u00e9mie des Sciences \u2013 Les for\u00eats fran\u00e7aises face au changement climatique<\/a><\/strong><\/p>\n\n\n\n<p class=\"has-small-font-size\"><strong><a href=\"https:\/\/www.alternativesforestieres.org\/IMG\/pdf\/rapport-webforet-climat-fern-canopee-at.pdf\" target=\"_blank\" rel=\"noopener\">Gestion Foresti\u00e8re et changement climatique, une nouvelle approche de la strat\u00e9gie nationale d\u2019\u00e9valuation, janvier 2020<\/a><\/strong><\/p>\n\n\n\n<p class=\"has-small-font-size\"><strong><a href=\"https:\/\/biodiversite.gouv.fr\/les-5-pressions-responsables-de-leffondrement-de-la-biodiversite\" target=\"_blank\" rel=\"noreferrer noopener\">Article Biodiversit\u00e9.gouv.fr \u2013 Les 5 pressions sur la Biodiversit\u00e9<\/a><\/strong><\/p>\n\n\n\n<p class=\"has-small-font-size\"><strong><a href=\"http:\/\/www.gip-ecofor.org\/crref-rapport-dexpertise\/\" target=\"_blank\" rel=\"noreferrer noopener\">Expertise collective CRREF<\/a><\/strong><\/p>\n\n\n\n<p class=\"has-small-font-size\"><strong><a href=\"https:\/\/reporterre.net\/Planter-1-milliard-d-arbres-la-fausse-solution-du-gouvernement\" target=\"_blank\" rel=\"noopener\">Article <em>Reporterre<\/em><\/a><\/strong><\/p>\n","protected":false},"excerpt":{"rendered":"<p>Salins-les-Bains, 2&nbsp;500&nbsp;habitants, ses paysages remarquables, son fort class\u00e9 au patrimoine mondial de l&rsquo;Unesco, sa for\u00eat&#8230; sauf si le projet de m\u00e9ga-usine \u00e0 pellets (encore un&nbsp;!) aboutit&nbsp;: plus de 8&nbsp;hectares, 110&nbsp;000&nbsp;tonnes [&hellip;]<\/p>\n","protected":false},"author":14,"featured_media":9631,"comment_status":"closed","ping_status":"closed","sticky":false,"template":"","format":"standard","meta":{"_acf_changed":false,"_gspb_post_css":"","_uag_custom_page_level_css":"","_EventAllDay":false,"_EventTimezone":"","_EventStartDate":"","_EventEndDate":"","_EventStartDateUTC":"","_EventEndDateUTC":"","_EventShowMap":false,"_EventShowMapLink":false,"_EventURL":"","_EventCost":"","_EventCostDescription":"","_EventCurrencySymbol":"","_EventCurrencyCode":"","_EventCurrencyPosition":"","_EventDateTimeSeparator":"","_EventTimeRangeSeparator":"","_EventOrganizerID":[],"_EventVenueID":[],"_OrganizerEmail":"","_OrganizerPhone":"","_OrganizerWebsite":"","_VenueAddress":"","_VenueCity":"","_VenueCountry":"","_VenueProvince":"","_VenueState":"","_VenueZip":"","_VenuePhone":"","_VenueURL":"","_VenueStateProvince":"","_VenueLat":"","_VenueLng":"","_VenueShowMap":false,"_VenueShowMapLink":false,"footnotes":""},"categories":[99],"tags":[101,74],"class_list":["post-9620","post","type-post","status-publish","format-standard","has-post-thumbnail","hentry","category-communiques","tag-bois-energie","tag-jura"],"mb":[],"acf":[],"uagb_featured_image_src":{"full":["https:\/\/sosforetfrance.org\/wp-content\/uploads\/2024\/12\/Salins-les-Bains.jpg",1599,899,false],"thumbnail":["https:\/\/sosforetfrance.org\/wp-content\/uploads\/2024\/12\/Salins-les-Bains-150x150.jpg",150,150,true],"medium":["https:\/\/sosforetfrance.org\/wp-content\/uploads\/2024\/12\/Salins-les-Bains-300x169.jpg",300,169,true],"medium_large":["https:\/\/sosforetfrance.org\/wp-content\/uploads\/2024\/12\/Salins-les-Bains-768x432.jpg",768,432,true],"large":["https:\/\/sosforetfrance.org\/wp-content\/uploads\/2024\/12\/Salins-les-Bains-1024x576.jpg",1024,576,true],"1536x1536":["https:\/\/sosforetfrance.org\/wp-content\/uploads\/2024\/12\/Salins-les-Bains-1536x864.jpg",1536,864,true],"2048x2048":["https:\/\/sosforetfrance.org\/wp-content\/uploads\/2024\/12\/Salins-les-Bains.jpg",1599,899,false],"mailpoet_newsletter_max":["https:\/\/sosforetfrance.org\/wp-content\/uploads\/2024\/12\/Salins-les-Bains-1320x742.jpg",1320,742,true]},"uagb_author_info":{"display_name":"Rapha\u00ebl Kieffert","author_link":"https:\/\/sosforetfrance.org\/author\/raph\/"},"uagb_comment_info":0,"uagb_excerpt":"Salins-les-Bains, 2&nbsp;500&nbsp;habitants, ses paysages remarquables, son fort class\u00e9 au patrimoine mondial de l&rsquo;Unesco, sa for\u00eat&#8230; sauf si le projet de m\u00e9ga-usine \u00e0 pellets (encore un&nbsp;!) aboutit&nbsp;: plus de 8&nbsp;hectares, 110&nbsp;000&nbsp;tonnes [&hellip;]","mfb_rest_fields":["title","uagb_featured_image_src","uagb_author_info","uagb_comment_info","uagb_excerpt"],"_links":{"self":[{"href":"https:\/\/sosforetfrance.org\/index.php\/wp-json\/wp\/v2\/posts\/9620","targetHints":{"allow":["GET"]}}],"collection":[{"href":"https:\/\/sosforetfrance.org\/index.php\/wp-json\/wp\/v2\/posts"}],"about":[{"href":"https:\/\/sosforetfrance.org\/index.php\/wp-json\/wp\/v2\/types\/post"}],"author":[{"embeddable":true,"href":"https:\/\/sosforetfrance.org\/index.php\/wp-json\/wp\/v2\/users\/14"}],"replies":[{"embeddable":true,"href":"https:\/\/sosforetfrance.org\/index.php\/wp-json\/wp\/v2\/comments?post=9620"}],"version-history":[{"count":0,"href":"https:\/\/sosforetfrance.org\/index.php\/wp-json\/wp\/v2\/posts\/9620\/revisions"}],"wp:featuredmedia":[{"embeddable":true,"href":"https:\/\/sosforetfrance.org\/index.php\/wp-json\/wp\/v2\/media\/9631"}],"wp:attachment":[{"href":"https:\/\/sosforetfrance.org\/index.php\/wp-json\/wp\/v2\/media?parent=9620"}],"wp:term":[{"taxonomy":"category","embeddable":true,"href":"https:\/\/sosforetfrance.org\/index.php\/wp-json\/wp\/v2\/categories?post=9620"},{"taxonomy":"post_tag","embeddable":true,"href":"https:\/\/sosforetfrance.org\/index.php\/wp-json\/wp\/v2\/tags?post=9620"}],"curies":[{"name":"wp","href":"https:\/\/api.w.org\/{rel}","templated":true}]}}