{"id":9662,"date":"2024-12-02T14:53:00","date_gmt":"2024-12-02T13:53:00","guid":{"rendered":"https:\/\/sosforetfrance.org\/?p=9662"},"modified":"2024-12-20T18:33:33","modified_gmt":"2024-12-20T17:33:33","slug":"revue-de-presse-forestiere-novembre-2024","status":"publish","type":"post","link":"https:\/\/sosforetfrance.org\/index.php\/2024\/12\/02\/revue-de-presse-forestiere-novembre-2024\/","title":{"rendered":"Revue de presse foresti\u00e8re &#8211; novembre 2024"},"content":{"rendered":"\n<div class=\"wp-block-group has-global-padding is-layout-constrained wp-block-group-is-layout-constrained\">\n<h3 class=\"wp-block-heading\">Dans les for\u00eats de la Ni\u00e8vre, les chevaux remplacent parfois les engins<\/h3>\n\n\n\n<figure class=\"wp-block-image alignright size-full is-resized\"><img loading=\"lazy\" decoding=\"async\" width=\"685\" height=\"335\" src=\"https:\/\/sosforetfrance.org\/wp-content\/uploads\/2024\/12\/image-7.png\" alt=\"\" class=\"wp-image-9687\" style=\"width:386px;height:auto\" srcset=\"https:\/\/sosforetfrance.org\/wp-content\/uploads\/2024\/12\/image-7.png 685w, https:\/\/sosforetfrance.org\/wp-content\/uploads\/2024\/12\/image-7-300x147.png 300w\" sizes=\"auto, (max-width: 685px) 100vw, 685px\" \/><figcaption class=\"wp-element-caption\">Photo : <a href=\"https:\/\/www.alternativesforestieres.org\/\" target=\"_blank\" rel=\"noreferrer noopener\">R\u00e9seau pour les Alternatives foresti\u00e8res (RAF)<\/a><\/figcaption><\/figure>\n\n\n\n<p>Le d\u00e9bardage, autrement dit le transport des arbres abattus jusqu\u2019\u00e0 une zone accessible \u00e0 des camions, est ponctuellement effectu\u00e9 par des chevaux de trait, capables de tirer des charges de plus d\u2019une tonne et demie. Cette technique, peu utilis\u00e9e, a pourtant ses avantages dans des zones foresti\u00e8res humides ou sur des sols \u00e0 pr\u00e9server. Exemple dans la Ni\u00e8vre. <a href=\"https:\/\/www.letelegramme.fr\/en-quete-de-demain\/dans-les-forets-de-la-nievre-les-chevaux-remplacent-parfois-les-engins-6707678.php\" target=\"_blank\" rel=\"noreferrer noopener\">Un article \u00e0 lire dans Le T\u00e9l\u00e9gramme<\/a>.<\/p>\n<\/div>\n\n\n\n<div class=\"wp-block-group has-global-padding is-layout-constrained wp-block-group-is-layout-constrained\">\n<h3 class=\"wp-block-heading\">Dans le Jura, un projet de m\u00e9ga-usine de pellets \u00ab\u00a0\u00e9chauffe les esprits\u00a0\u00bb<\/h3>\n\n\n\n<figure class=\"wp-block-image alignleft size-large is-resized\"><img loading=\"lazy\" decoding=\"async\" width=\"1024\" height=\"573\" src=\"https:\/\/sosforetfrance.org\/wp-content\/uploads\/2024\/12\/image-5-1024x573.png\" alt=\"\" class=\"wp-image-9669\" style=\"width:393px;height:auto\" srcset=\"https:\/\/sosforetfrance.org\/wp-content\/uploads\/2024\/12\/image-5-1024x573.png 1024w, https:\/\/sosforetfrance.org\/wp-content\/uploads\/2024\/12\/image-5-300x168.png 300w, https:\/\/sosforetfrance.org\/wp-content\/uploads\/2024\/12\/image-5-768x430.png 768w, https:\/\/sosforetfrance.org\/wp-content\/uploads\/2024\/12\/image-5.png 1080w\" sizes=\"auto, (max-width: 1024px) 100vw, 1024px\" \/><figcaption class=\"wp-element-caption\">Capture d&rsquo;\u00e9cran TF1<\/figcaption><\/figure>\n\n\n\n<p><a href=\"https:\/\/www.tf1info.fr\/environnement-ecologie\/video-reportage-a-salins-les-bains-dans-le-jura-les-esprits-s-echauffent-autour-d-un-projet-de-mega-usine-de-pellets-2336305.html\" target=\"_blank\" rel=\"noreferrer noopener\">Un article<\/a> de TF1 qui commence mal, puisque la cha\u00eene pr\u00e9sente le chauffage bois comme \u00ab\u00a0vertueux \u00e9cologiquement\u00a0\u00bb et pas cher&#8230; Pas cher ? qui va payer la facture de la destruction des for\u00eats ?<\/p>\n\n\n\n<p>L&rsquo;article conc\u00e8de cependant que cela \u00ab\u00a0implique de construire des usines \u00e0 un rythme effr\u00e9n\u00e9\u00a0\u00bb pour r\u00e9pondre \u00e0 la demande et la suite donne une id\u00e9e de l&rsquo;horreur foresti\u00e8re que pr\u00e9pare la 7e unit\u00e9 de fabrication de granul\u00e9s de bois sur 30&nbsp;kilom\u00e8tres carr\u00e9s autour de Sains-Les-Bains. SOS For\u00eat a tranmis \u00e0 la pr\u00e9fecture du Jura <a href=\"https:\/\/sosforetfrance.org\/index.php\/2024\/12\/12\/non-a-lusine-a-granules-de-salins-les-bains\/\" target=\"_blank\" rel=\"noreferrer noopener\">son avis n\u00e9gatif<\/a> dans le cadre de la consultation du public sur ce projet.<\/p>\n<\/div>\n\n\n\n<div class=\"wp-block-group has-global-padding is-layout-constrained wp-block-group-is-layout-constrained\">\n<figure class=\"wp-block-image alignleft size-full is-resized\"><img loading=\"lazy\" decoding=\"async\" width=\"683\" height=\"1024\" src=\"https:\/\/sosforetfrance.org\/wp-content\/uploads\/2024\/12\/image-4.png\" alt=\"\" class=\"wp-image-9666\" style=\"width:193px;height:auto\" srcset=\"https:\/\/sosforetfrance.org\/wp-content\/uploads\/2024\/12\/image-4.png 683w, https:\/\/sosforetfrance.org\/wp-content\/uploads\/2024\/12\/image-4-200x300.png 200w\" sizes=\"auto, (max-width: 683px) 100vw, 683px\" \/><\/figure>\n\n\n\n<h3 class=\"wp-block-heading\">Le soleil a rendez-vous avec la thune<\/h3>\n\n\n\n<p>Le 23 novembre, Sylvie Bitterlin et Cl\u00e9ment Os\u00e9 ont pr\u00e9sent\u00e9 \u00e0 la librairie Le Bleuet \u00e0 Banon leur livre <em>Les marchands de soleil<\/em>, <a href=\"https:\/\/www.lisez.com\/livre-grand-format\/les-marchands-de-soleil\/9791030105698\" target=\"_blank\" rel=\"noreferrer noopener\">qui vient tout juste de sortir chez Tana<\/a>. Il \u00e9voque une lutte bien connue dans notre r\u00e9gion, celle contre les projets de parc photovolta\u00efque dans la montagne de Lure. <\/p>\n\n\n\n<p><a href=\"http:\/\/www.zinzine.domainepublic.net\/?ref=9796\" target=\"_blank\" rel=\"noopener\">Dans cette \u00e9mission \u00e0 r\u00e9\u00e9couter sur Radio Zinzine<\/a>, vous pouvez \u00e9couter la quasi-totalit\u00e9 de leur pr\u00e9sentation dans une salle comble, accompagn\u00e9e de quelques chansons compos\u00e9es sp\u00e9cialement pour cette lutte.<\/p>\n<\/div>\n\n\n\n<div class=\"wp-block-group has-global-padding is-layout-constrained wp-block-group-is-layout-constrained\">\n<h3 class=\"wp-block-heading\">750&nbsp;euros d&rsquo;amende pour s&rsquo;\u00eatre balad\u00e9 en for\u00eat : une proposition de loi pour l&rsquo;abrogation<\/h3>\n\n\n\n<figure class=\"wp-block-image alignright size-large is-resized\"><img loading=\"lazy\" decoding=\"async\" width=\"1024\" height=\"768\" src=\"https:\/\/sosforetfrance.org\/wp-content\/uploads\/2024\/12\/image-6-1024x768.png\" alt=\"\" class=\"wp-image-9677\" style=\"width:283px;height:auto\" srcset=\"https:\/\/sosforetfrance.org\/wp-content\/uploads\/2024\/12\/image-6-1024x768.png 1024w, https:\/\/sosforetfrance.org\/wp-content\/uploads\/2024\/12\/image-6-300x225.png 300w, https:\/\/sosforetfrance.org\/wp-content\/uploads\/2024\/12\/image-6-768x576.png 768w, https:\/\/sosforetfrance.org\/wp-content\/uploads\/2024\/12\/image-6.png 1200w\" sizes=\"auto, (max-width: 1024px) 100vw, 1024px\" \/><\/figure>\n\n\n\n<p>Depuis 2023, l&rsquo;acc\u00e8s aux for\u00eats est restreint. Les contrevenants peuvent \u00e9coper jusqu&rsquo;\u00e0 750 euros d&rsquo;amende, mais cette contravention pourrait dispara\u00eetre prochainement. La France insoumise vient de d\u00e9poser une proposition de loi visant \u00e0 abroger ces dispositions. Le texte d\u00e9nonce une \u00ab\u00a0privatisation punitive de l&rsquo;espace naturel\u00a0\u00bb et d\u00e9fend l&rsquo;id\u00e9e que \u00ab\u00a0le paysage est un bien commun\u00a0\u00bb. Pour les d\u00e9put\u00e9s \u00e0 l&rsquo;origine de cette proposition, il est crucial de pr\u00e9server l&rsquo;acc\u00e8s aux espaces naturels, consid\u00e9rant que la connaissance et la fr\u00e9quentation de la nature sont essentielles \u00e0 sa protection. <a href=\"https:\/\/www.journaldunet.com\/patrimoine\/finances-personnelles\/1536141-cd1-amende-foret\/\" target=\"_blank\" rel=\"noopener\">Un article \u00e0 lire<\/a> sur le <em>JDN<\/em>.<\/p>\n<\/div>\n\n\n\n<div class=\"wp-block-group has-global-padding is-layout-constrained wp-block-group-is-layout-constrained\">\n<h3 class=\"wp-block-heading\">\u00ab\u00a0Une intimidation qui n&rsquo;est pas acceptable\u00a0\u00bb, deux journalistes convoqu\u00e9s par la gendarmerie apr\u00e8s un reportage sur la montagne de Lure<\/h3>\n\n\n\n<p>Pendant qu&rsquo;on se f\u00e9licitait de l&rsquo;encadrement de l&rsquo;engrillagement des for\u00eats, peu ont mesur\u00e9 les cons\u00e9quences de cette autre mesure de la loi du 2 f\u00e9vrier 2023. <a href=\"https:\/\/adretmorvan.org\/index.php\/2023\/02\/15\/un-amende-de-125-euros-pour-une-ballade-en-foret-privee\/\" target=\"_blank\" rel=\"noopener\">Entrer dans une for\u00eat priv\u00e9e exposant d\u00e9sormais \u00e0 une amende<\/a>, il ne fallait pas \u00eatre grand clerc pour deviner qui serait vis\u00e9 en premier par cette crimilalisation de la promenade : les porte-paroles de la nature, celles et ceux qui d\u00e9noncent son saccage, celles et ceux qui relaient le message. <\/p>\n\n\n\n<figure class=\"wp-block-image alignleft size-large is-resized\"><img loading=\"lazy\" decoding=\"async\" width=\"1024\" height=\"724\" src=\"https:\/\/sosforetfrance.org\/wp-content\/uploads\/2024\/12\/image-3-1024x724.png\" alt=\"\" class=\"wp-image-9664\" style=\"width:498px;height:auto\" srcset=\"https:\/\/sosforetfrance.org\/wp-content\/uploads\/2024\/12\/image-3-1024x724.png 1024w, https:\/\/sosforetfrance.org\/wp-content\/uploads\/2024\/12\/image-3-300x212.png 300w, https:\/\/sosforetfrance.org\/wp-content\/uploads\/2024\/12\/image-3-768x543.png 768w, https:\/\/sosforetfrance.org\/wp-content\/uploads\/2024\/12\/image-3-1536x1086.png 1536w, https:\/\/sosforetfrance.org\/wp-content\/uploads\/2024\/12\/image-3-1320x933.png 1320w, https:\/\/sosforetfrance.org\/wp-content\/uploads\/2024\/12\/image-3.png 1958w\" sizes=\"auto, (max-width: 1024px) 100vw, 1024px\" \/><figcaption class=\"wp-element-caption\">Image : <a href=\"https:\/\/www.lureenresistance.fr\/\" target=\"_blank\" rel=\"noreferrer noopener\">Lure en R\u00e9sistance<\/a><\/figcaption><\/figure>\n\n\n\n<p>\u00c0 Cruis, dans les Alpes-de-Haute-Provence, depuis le mois de septembre 2022, le <a href=\"https:\/\/france3-regions.francetvinfo.fr\/hauts-de-france\/nord-0\/dunkerque\/eolien-mer-dunkerque-boralex-se-retire-appel-offres-1640890.html\" target=\"_blank\" rel=\"noreferrer noopener\"> g\u00e9ant canadien Boralex<\/a> projette la construction d&rsquo;un parc photovolta\u00efque de 20&nbsp;000&nbsp;panneaux solaires sur 17&nbsp;hectares en rasant 30&nbsp;hectares de for\u00eat et de v\u00e9g\u00e9tation. Plus de 90&nbsp;<a href=\"https:\/\/uicn.fr\/liste-rouge-france\/#:~:text=En%20France%20m%C3%A9tropolitaine%2C%2014%25%20des,esp%C3%A8ces%20d&#039;orchid%C3%A9es%20sont%20menac%C3%A9es.\" target=\"_blank\" rel=\"noreferrer noopener\">esp\u00e8ces prot\u00e9g\u00e9es <\/a>sont menac\u00e9es. <\/p>\n\n\n\n<p>Deux journalistes ont \u00e9t\u00e9 convoqu\u00e9s par les gendarmes apr\u00e8s avoir suivi des militants \u00e9cologistes lors d&rsquo;une action de blocage du chantier, poursuivi malgr\u00e9 l&rsquo;annulation de sa d\u00e9rogation au droit environnemental. Ils risquent une amende allant jusqu&rsquo;\u00e0 750&nbsp;\u20ac (<a href=\"https:\/\/france3-regions.francetvinfo.fr\/provence-alpes-cote-d-azur\/alpes-de-haute-provence\/une-intimidation-qui-n-est-pas-acceptable-deux-journalistes-convoques-par-la-gendarmerie-apres-un-reportage-sur-la-montagne-de-lure-2875577.html\" target=\"_blank\" rel=\"noreferrer noopener\">un article \u00e0 lire<\/a> sur France 3 Provence Alpes C\u00f4te d&rsquo;Azur).<\/p>\n\n\n\n<p>Deux jours apr\u00e8s, <a href=\"https:\/\/www.facebook.com\/people\/Elzeard-Lure-en-r%C3%A9sistance\/100086009183873\/\" target=\"_blank\" rel=\"noopener\">le collectif Elzeard<\/a> d\u00e9non\u00e7ait \u00ab\u00a0un cadeau de plus fait \u00e0 l&rsquo;industriel\u00a0\u00bb : la soci\u00e9t\u00e9 Boralex est mise en demeure de se conformer \u00e0 la d\u00e9cision du tribunal&#8230; mais peut poursuivre \u00ab\u00a0les travaux qui ne sont pas susceptibles d\u2019engendrer de risque suffisamment caract\u00e9ris\u00e9 d\u2019atteintes aux esp\u00e8ces prot\u00e9g\u00e9es\u00a0\u00bb. <a href=\"https:\/\/reporterre.net\/Parc-photovoltaique-Boralex-mise-en-demeure-dans-les-Alpes-de-Haute-Provence\" target=\"_blank\" rel=\"noopener\">Un article \u00e0 lire<\/a> dans Reporterre.<\/p>\n<\/div>\n\n\n\n<div class=\"wp-block-group has-global-padding is-layout-constrained wp-block-group-is-layout-constrained\">\n<h3 class=\"wp-block-heading\">Lutte contre la d\u00e9forestation&nbsp;: le Parlement europ\u00e9en repousse  et&nbsp;assouplit encore la loi<\/h3>\n\n\n\n<figure class=\"wp-block-image alignright size-full is-resized\"><img loading=\"lazy\" decoding=\"async\" width=\"650\" height=\"330\" src=\"https:\/\/sosforetfrance.org\/wp-content\/uploads\/2024\/11\/image-6.png\" alt=\"\" class=\"wp-image-9475\" style=\"width:399px;height:auto\" srcset=\"https:\/\/sosforetfrance.org\/wp-content\/uploads\/2024\/11\/image-6.png 650w, https:\/\/sosforetfrance.org\/wp-content\/uploads\/2024\/11\/image-6-300x152.png 300w\" sizes=\"auto, (max-width: 650px) 100vw, 650px\" \/><\/figure>\n\n\n\n<p><a href=\"https:\/\/sosforetfrance.org\/index.php\/2024\/03\/11\/deforestation-importee-la-commission-europeenne-veut-retarder-linterdiction\/\" target=\"_blank\" rel=\"noreferrer noopener\">SOS For\u00eat alertait en mars <\/a>: la Commission europ\u00e9enne voulait retarder l&rsquo;application du r\u00e8glement sur la d\u00e9forestation import\u00e9e, cens\u00e9 interdire la commercialisation en Europe de produits (le cacao, le caf\u00e9, le soja, l\u2019huile de palme, le bois\u2026) provenant de terres d\u00e9bois\u00e9es apr\u00e8s d\u00e9cembre&nbsp;2020. <\/p>\n\n\n\n<p>C&rsquo;est malheureusement fait : pour faciliter l&rsquo;accord UE-Mercosur, le Parlement europ\u00e9en a approuv\u00e9 le 14 novembre le report d\u2019un an de la loi, mais aussi un nouvel \u00ab\u00a0assouplissement\u00a0\u00bb du texte, \u00e0 la suite d\u2019une alliance entre les groupes de&nbsp;la&nbsp;droite et de l\u2019extr\u00eame droite. <a href=\"https:\/\/www.lemonde.fr\/planete\/article\/2024\/11\/14\/lutte-contre-la-deforestation-le-parlement-europeen-repousse-et-assouplit-encore-la-loi_6393357_3244.html\" target=\"_blank\" rel=\"noreferrer noopener\">Un article \u00e0 lire<\/a> dans <em>Le Monde<\/em>.<\/p>\n<\/div>\n\n\n\n<div class=\"wp-block-group has-global-padding is-layout-constrained wp-block-group-is-layout-constrained\">\n<h3 class=\"wp-block-heading\">Menaces sur les for\u00eats de montagne :&nbsp;\u00ab\u00a0Nous n\u2019avions jamais connu de crise aussi grave\u00a0\u00bb<\/h3>\n\n\n\n<p>Affaiblies par les s\u00e9cheresses, les for\u00eats des Alpes du Nord font face depuis quelques ann\u00e9es \u00e0 des attaques de scolytes, qui ravagent les \u00e9pic\u00e9as. Une \u00e9pid\u00e9mie qui soul\u00e8ve de nombreux enjeux dans les territoires de montagne. En Savoie et Haute-Savoie, l\u2019ONF mise sur le renouvellement naturel, en replantant d\u2019autres esp\u00e8ces, parmi lesquels des m\u00e9l\u00e8zes ou des pins sylvestres. <\/p>\n\n\n\n<p>Sur les 175 000 hectares de for\u00eats publiques des deux d\u00e9partements, environ 150 hectares sont concern\u00e9s par ces chantiers de plantation, qui devraient changer la physionomie des for\u00eats alpines dans les d\u00e9cennies \u00e0 venir. <a href=\"https:\/\/www.montagnes-magazine.com\/actus-menaces-les-forets-montagne-avions-jamais-connu-crise-aussi-grave\" target=\"_blank\" rel=\"noreferrer noopener\">Un article \u00e0 lire<\/a> dans <em>Montagnes magazine<\/em>.<\/p>\n<\/div>\n\n\n\n<div class=\"wp-block-group has-global-padding is-layout-constrained wp-block-group-is-layout-constrained\">\n<h3 class=\"wp-block-heading\">\u00ab\u00a0En France, le puits de carbone a diminu\u00e9 de 50%\u00a0\u00bb&nbsp;: menac\u00e9e, la for\u00eat absorbe de moins en moins de CO2<\/h3>\n\n\n\n<figure class=\"wp-block-image alignleft size-large is-resized\"><img loading=\"lazy\" decoding=\"async\" width=\"1024\" height=\"606\" src=\"https:\/\/sosforetfrance.org\/wp-content\/uploads\/2024\/11\/image-5-1024x606.png\" alt=\"\" class=\"wp-image-9473\" style=\"width:338px;height:auto\" srcset=\"https:\/\/sosforetfrance.org\/wp-content\/uploads\/2024\/11\/image-5-1024x606.png 1024w, https:\/\/sosforetfrance.org\/wp-content\/uploads\/2024\/11\/image-5-300x177.png 300w, https:\/\/sosforetfrance.org\/wp-content\/uploads\/2024\/11\/image-5-768x454.png 768w, https:\/\/sosforetfrance.org\/wp-content\/uploads\/2024\/11\/image-5-1536x908.png 1536w, https:\/\/sosforetfrance.org\/wp-content\/uploads\/2024\/11\/image-5-1320x781.png 1320w, https:\/\/sosforetfrance.org\/wp-content\/uploads\/2024\/11\/image-5.png 1564w\" sizes=\"auto, (max-width: 1024px) 100vw, 1024px\" \/><\/figure>\n\n\n\n<p>Le climat est au c\u0153ur de la COP29, qui se tient depuis le lundi&nbsp;11 novembre \u00e0 Bakou en Azerba\u00efdjan. Pour limiter l&rsquo;impact de nos \u00e9missions de gaz \u00e0 effet de serre, la for\u00eat reste un puits de carbone essentiel. Mais ce puits est menac\u00e9 et, en France notamment, il ne remplit plus son r\u00f4le aussi efficacement. <a href=\"https:\/\/www.francetvinfo.fr\/replay-radio\/le-choix-franceinfo\/en-france-le-puits-de-carbone-a-diminue-de-50-menacee-la-foret-absorbe-de-moins-en-moins-de-co2_6863411.html\" target=\"_blank\" rel=\"noopener\">Un article \u00e0 lire et \u00e0 \u00e9couter<\/a> sur le site de France Info.<\/p>\n<\/div>\n\n\n\n<div class=\"wp-block-group has-global-padding is-layout-constrained wp-block-group-is-layout-constrained\">\n<h3 class=\"wp-block-heading\">Climat : la for\u00eat, une passion fran\u00e7aise menac\u00e9e<\/h3>\n\n\n\n<p>La for\u00eat fran\u00e7aise, qui structure les paysages, fixe le carbone, rafra\u00eechit l\u2019eau, et abrite la majeure partie de la biodiversit\u00e9 hexagonale, va mal. Qu\u2019il s\u2019agisse du taux de mortalit\u00e9 des arbres, qui a plus que doubl\u00e9 en dix ans, du nombre d\u2019hectares en d\u00e9p\u00e9rissement (5 % de la for\u00eat selon le d\u00e9partement de la sant\u00e9 des for\u00eats rattach\u00e9 au minist\u00e8re de l\u2019agriculture), ou m\u00eame du taux de productivit\u00e9 de la for\u00eat (le m\u00e8tre cube de bois \u00e0 l\u2019hectare est en chute de 10 \u00e0 20 % selon les essences) : tous les signaux sont au rouge. <a href=\"https:\/\/www.la-croix.com\/planete\/climat-la-foret-une-passion-francaise-menacee-20241111\" target=\"_blank\" rel=\"noreferrer noopener\">Un article \u00e0 lire<\/a> dans <em>La Croix<\/em>.<\/p>\n<\/div>\n\n\n\n<div class=\"wp-block-group has-global-padding is-layout-constrained wp-block-group-is-layout-constrained\">\n<h3 class=\"wp-block-heading\">\u00ab\u00a0On ne se taira pas\u00a0\u00bb : l&rsquo;association Canop\u00e9e vis\u00e9e par des proc\u00e9dures b\u00e2illons<\/h3>\n\n\n\n<figure class=\"wp-block-image alignleft size-full is-resized\"><img loading=\"lazy\" decoding=\"async\" width=\"1000\" height=\"562\" src=\"https:\/\/sosforetfrance.org\/wp-content\/uploads\/2024\/11\/Canopee-banderole-coupes-rases-Assises-foret-Nouvelle-Aquitaine-2024_modifiee.jpg\" alt=\"\" class=\"wp-image-9228\" style=\"width:350px\" srcset=\"https:\/\/sosforetfrance.org\/wp-content\/uploads\/2024\/11\/Canopee-banderole-coupes-rases-Assises-foret-Nouvelle-Aquitaine-2024_modifiee.jpg 1000w, https:\/\/sosforetfrance.org\/wp-content\/uploads\/2024\/11\/Canopee-banderole-coupes-rases-Assises-foret-Nouvelle-Aquitaine-2024_modifiee-300x169.jpg 300w, https:\/\/sosforetfrance.org\/wp-content\/uploads\/2024\/11\/Canopee-banderole-coupes-rases-Assises-foret-Nouvelle-Aquitaine-2024_modifiee-768x432.jpg 768w\" sizes=\"auto, (max-width: 1000px) 100vw, 1000px\" \/><\/figure>\n\n\n\n<p>Une proc\u00e9dure engag\u00e9e en ao\u00fbt devant le tribunal administratif de Paris par l\u2019interprofession nationale France Bois For\u00eat et 12 autres organisations de la fili\u00e8re vise \u00e0 faire annuler l\u2019agr\u00e9ment de Canop\u00e9e au titre de la protection de l\u2019environnement, qui permet \u00e0 Canop\u00e9e de si\u00e9ger dans des instances consultatives et de b\u00e9n\u00e9ficier de certaines pr\u00e9rogatives pour agir en justice. <a href=\"https:\/\/lareleveetlapeste.fr\/coupes-rases-on-ne-se-taira-pas-lassociation-canopee-visee-par-des-procedures-baillons\/\" target=\"_blank\" rel=\"noreferrer noopener\">Un article \u00e0 lire<\/a> dans <em>La Rel\u00e8ve et la Peste<\/em>.<\/p>\n<\/div>\n\n\n\n<div class=\"wp-block-group has-global-padding is-layout-constrained wp-block-group-is-layout-constrained\">\n<h3 class=\"wp-block-heading\">Apr\u00e8s un long retard, le gouvernement ouvre les discussions sur sa strat\u00e9gie \u00e9nergie-climat<\/h3>\n\n\n\n<p>La concertation sur les troisi\u00e8mes \u00e9ditions de la strat\u00e9gie nationale bas carbone&nbsp;(SNBC) et de la programmation pluriannuelle de l\u2019\u00e9nergie&nbsp;(PPE), deux documents fondamentaux de la strat\u00e9gie \u00e9nergie-climat fran\u00e7aise, a \u00e9t\u00e9 lanc\u00e9e le samedi 2&nbsp;novembre, avec un an et demi de retard sur l\u2019\u00e9ch\u00e9ance pr\u00e9vue par la loi \u00c9nergie-Climat de&nbsp;2019. Elle durera six semaines. <a href=\"https:\/\/reporterre.net\/Apres-un-long-retard-le-gouvernement-ouvre-les-discussions-sur-sa-strategie-energie\" target=\"_blank\" rel=\"noreferrer noopener\">Un article \u00e0 lire sur Reporterre<\/a>.<\/p>\n<\/div>\n\n\n\n<p><\/p>\n","protected":false},"excerpt":{"rendered":"<p>Dans les for\u00eats de la Ni\u00e8vre, les chevaux remplacent parfois les engins Le d\u00e9bardage, autrement dit le transport des arbres abattus jusqu\u2019\u00e0 une zone accessible \u00e0 des camions, est ponctuellement [&hellip;]<\/p>\n","protected":false},"author":15,"featured_media":9482,"comment_status":"closed","ping_status":"closed","sticky":false,"template":"","format":"standard","meta":{"_acf_changed":false,"_gspb_post_css":"","_uag_custom_page_level_css":"","_EventAllDay":false,"_EventTimezone":"","_EventStartDate":"","_EventEndDate":"","_EventStartDateUTC":"","_EventEndDateUTC":"","_EventShowMap":false,"_EventShowMapLink":false,"_EventURL":"","_EventCost":"","_EventCostDescription":"","_EventCurrencySymbol":"","_EventCurrencyCode":"","_EventCurrencyPosition":"","_EventDateTimeSeparator":"","_EventTimeRangeSeparator":"","_EventOrganizerID":[],"_EventVenueID":[],"_OrganizerEmail":"","_OrganizerPhone":"","_OrganizerWebsite":"","_VenueAddress":"","_VenueCity":"","_VenueCountry":"","_VenueProvince":"","_VenueState":"","_VenueZip":"","_VenuePhone":"","_VenueURL":"","_VenueStateProvince":"","_VenueLat":"","_VenueLng":"","_VenueShowMap":false,"_VenueShowMapLink":false,"footnotes":""},"categories":[4],"tags":[131],"class_list":["post-9662","post","type-post","status-publish","format-standard","has-post-thumbnail","hentry","category-medias","tag-revue-de-presse"],"acf":[],"mb":[],"uagb_featured_image_src":{"full":["https:\/\/sosforetfrance.org\/wp-content\/uploads\/2024\/11\/revue-de-presse-forestiere.webp",1600,900,false],"thumbnail":["https:\/\/sosforetfrance.org\/wp-content\/uploads\/2024\/11\/revue-de-presse-forestiere-150x150.webp",150,150,true],"medium":["https:\/\/sosforetfrance.org\/wp-content\/uploads\/2024\/11\/revue-de-presse-forestiere-300x169.webp",300,169,true],"medium_large":["https:\/\/sosforetfrance.org\/wp-content\/uploads\/2024\/11\/revue-de-presse-forestiere-768x432.webp",768,432,true],"large":["https:\/\/sosforetfrance.org\/wp-content\/uploads\/2024\/11\/revue-de-presse-forestiere-1024x576.webp",1024,576,true],"1536x1536":["https:\/\/sosforetfrance.org\/wp-content\/uploads\/2024\/11\/revue-de-presse-forestiere-1536x864.webp",1536,864,true],"2048x2048":["https:\/\/sosforetfrance.org\/wp-content\/uploads\/2024\/11\/revue-de-presse-forestiere.webp",1600,900,false],"mailpoet_newsletter_max":["https:\/\/sosforetfrance.org\/wp-content\/uploads\/2024\/11\/revue-de-presse-forestiere-1320x743.webp",1320,743,true]},"uagb_author_info":{"display_name":"SOS Foret France","author_link":"https:\/\/sosforetfrance.org\/author\/sos-foret-france\/"},"uagb_comment_info":0,"uagb_excerpt":"Dans les for\u00eats de la Ni\u00e8vre, les chevaux remplacent parfois les engins Le d\u00e9bardage, autrement dit le transport des arbres abattus jusqu\u2019\u00e0 une zone accessible \u00e0 des camions, est ponctuellement [&hellip;]","mfb_rest_fields":["title","uagb_featured_image_src","uagb_author_info","uagb_comment_info","uagb_excerpt"],"_links":{"self":[{"href":"https:\/\/sosforetfrance.org\/index.php\/wp-json\/wp\/v2\/posts\/9662","targetHints":{"allow":["GET"]}}],"collection":[{"href":"https:\/\/sosforetfrance.org\/index.php\/wp-json\/wp\/v2\/posts"}],"about":[{"href":"https:\/\/sosforetfrance.org\/index.php\/wp-json\/wp\/v2\/types\/post"}],"author":[{"embeddable":true,"href":"https:\/\/sosforetfrance.org\/index.php\/wp-json\/wp\/v2\/users\/15"}],"replies":[{"embeddable":true,"href":"https:\/\/sosforetfrance.org\/index.php\/wp-json\/wp\/v2\/comments?post=9662"}],"version-history":[{"count":0,"href":"https:\/\/sosforetfrance.org\/index.php\/wp-json\/wp\/v2\/posts\/9662\/revisions"}],"wp:featuredmedia":[{"embeddable":true,"href":"https:\/\/sosforetfrance.org\/index.php\/wp-json\/wp\/v2\/media\/9482"}],"wp:attachment":[{"href":"https:\/\/sosforetfrance.org\/index.php\/wp-json\/wp\/v2\/media?parent=9662"}],"wp:term":[{"taxonomy":"category","embeddable":true,"href":"https:\/\/sosforetfrance.org\/index.php\/wp-json\/wp\/v2\/categories?post=9662"},{"taxonomy":"post_tag","embeddable":true,"href":"https:\/\/sosforetfrance.org\/index.php\/wp-json\/wp\/v2\/tags?post=9662"}],"curies":[{"name":"wp","href":"https:\/\/api.w.org\/{rel}","templated":true}]}}